{"id":34733,"date":"2024-08-25T10:25:56","date_gmt":"2024-08-25T07:25:56","guid":{"rendered":"https:\/\/mersinkadingazetesi.com\/?p=34733"},"modified":"2024-08-25T10:25:57","modified_gmt":"2024-08-25T07:25:57","slug":"dogayi-kucaklayan-festival-tarsus-karbogazi-cevre-festivali","status":"publish","type":"post","link":"https:\/\/mersinkadingazetesi.com\/?p=34733","title":{"rendered":"DO\u011eAYI KUCAKLAYAN FEST\u0130VAL: &#8216;TARSUS KARBO\u011eAZI \u00c7EVRE FEST\u0130VAL\u0130&#8217;"},"content":{"rendered":"\n<p>Mersin B\u00fcy\u00fck\u015fehir Belediye Ba\u015fkan\u0131 Vahap Se\u00e7er, Tarsus Belediyesi ev sahipli\u011finde, Mersin B\u00fcy\u00fck\u015fehir Belediyesi katk\u0131lar\u0131yla ger\u00e7ekle\u015ftirilen&nbsp;<strong><em>&#8216;Tarsus Karbo\u011faz\u0131 \u00c7evre Festivali&#8217;<\/em><\/strong>ne kat\u0131ld\u0131.<\/p>\n\n\n\n<p><strong><em>&#8216;Do\u011fa ile Bulu\u015f, Gelece\u011fi Koru&#8217;<\/em><\/strong>&nbsp;mottosuyla ve bu y\u0131l ilk kez yap\u0131lan festival, 23-24-25 A\u011fustos tarihlerinde kat\u0131l\u0131mc\u0131lara unutulmaz bir deneyim sunacak.<\/p>\n\n\n\n<p>Ulusal Kurtulu\u015f M\u00fccadelesi&#8217;nin \u00c7ukurova&#8217;daki en \u00f6nemli noktalar\u0131ndan biri olan Kahraman G\u00fclek Mahallesi Karbo\u011faz\u0131 Piknik Alan\u0131&#8217;nda ger\u00e7ekle\u015ftirilen festivalde; do\u011fa y\u00fcr\u00fcy\u00fc\u015fleri, bisiklet gezisi, spor etkinlikleri, yeti\u015fkin ve \u00e7ocuklar i\u00e7in e\u011flenceli ve \u00e7evre dostu at\u00f6lyeleri ile m\u00fczik dinletileri gibi birbirinden renkli faaliyetler festival boyunca kat\u0131l\u0131mc\u0131larla bulu\u015fmaya devam edecek.<\/p>\n\n\n\n<p><strong>Se\u00e7er: &#8220;Ulusal Kurtulu\u015f m\u00fccadelesinde simge zaferinin kazan\u0131ld\u0131\u011f\u0131 noktaday\u0131z&#8221;<\/strong><\/p>\n\n\n\n<p>Karbo\u011faz\u0131&#8217;n\u0131n tarihe \u0131\u015f\u0131k tutan bir yer oldu\u011funun alt\u0131n\u0131 \u00e7izerek konu\u015fmas\u0131na ba\u015flayan Ba\u015fkan Se\u00e7er,&nbsp;<strong>&#8220;B\u00f6lge Ulusal Kurtulu\u015f m\u00fccadelemizin \u00f6zellikle \u00c7ukurova&#8217;daki en \u00f6nemli m\u00fccadelelerin oldu\u011fu yerlerin ba\u015f\u0131nda geliyor. Belki de bundan bir as\u0131r \u00f6nce bu b\u00f6lgede Ulusal Kurtulu\u015f m\u00fccadelesinde simge zaferinin kazand\u0131rd\u0131\u011f\u0131 noktaday\u0131z&#8221;<\/strong>&nbsp;diyerek, Tarsus Belediyesi&#8217;nin G\u00fclek&#8217;in ad\u0131n\u0131 Kahraman G\u00fclek olarak de\u011fi\u015ftirdi\u011fini de duyurdu.<\/p>\n\n\n\n<p><strong>&#8220;Karbo\u011faz\u0131 i\u00e7in \u00e7ok \u00f6nemli \u00e7al\u0131\u015fmalara ad\u0131m att\u0131k&#8221;<\/strong><\/p>\n\n\n\n<p>B\u00f6lgenin turizme a\u00e7\u0131lmad\u0131\u011f\u0131n\u0131 ama \u00e7ok y\u00fcksek potansiyelinin oldu\u011funu vurgulayan Se\u00e7er,&nbsp;<strong>&#8220;Ge\u00e7ti\u011fimiz d\u00f6nem bu b\u00f6lgeyle ilgili Mersin B\u00fcy\u00fck\u015fehir Belediyesi olarak \u00e7ok \u00f6nemli \u00e7al\u0131\u015fmalara ad\u0131m att\u0131k. 2025&#8217;in ilk aylar\u0131nda proje \u00e7al\u0131\u015fmalar\u0131n\u0131 bitirece\u011fiz, kentsel tasar\u0131m plan\u0131n\u0131 \u015fu anda haz\u0131rl\u0131yoruz. Umar\u0131m yak\u0131n bir zamanda bu b\u00f6lgeyi do\u011fa, kamp, k\u0131\u015f turizmine a\u00e7\u0131k \u00e7ok g\u00fczel konsept yap\u0131lar\u0131n oldu\u011fu, her kesimden insanlar\u0131n rahat\u00e7a gelip burada vakit ge\u00e7irece\u011fi, spor yapabilece\u011fi alanlar haline d\u00f6n\u00fc\u015ft\u00fcrece\u011fiz&#8221;<\/strong>&nbsp;dedi. Mersin&#8217;in her il\u00e7esinin bu yat\u0131r\u0131mlar sayesinde kalk\u0131nabilece\u011fini s\u00f6yleyen Se\u00e7er,&nbsp;<strong>&#8220;Yat\u0131r\u0131mlar \u00e7evre dostu olmak zorunda. Zaten bu etkinli\u011fin ana mottosu; \u00e7evre bilincini art\u0131rmak, temiz bir \u00e7evrede ya\u015famak. Her ge\u00e7en g\u00fcn d\u00fcnya kirleniyor, a\u011fa\u00e7 say\u0131s\u0131 azal\u0131yor, a\u011fa\u00e7 say\u0131s\u0131 azal\u0131nca ya\u011fmur azal\u0131yor, erozyon oluyor, toprak kayboluyor ve d\u00fcnya s\u00fcratle yoksullu\u011fa do\u011fru evriliyor. Art\u0131k bunlara&nbsp;<em>&#8216;dur&#8217;<\/em>&nbsp;demek durumunday\u0131z. \u00c7ocuklar\u0131m\u0131za g\u00fczel bir d\u00fcnya b\u0131rakmak istiyorsak y\u00f6neticiler olarak \u00e7evreyi \u00f6n plana alan projelerin alt\u0131na imza atmam\u0131z laz\u0131m&#8221;&nbsp;<\/strong>ifadelerine yer verdi.<\/p>\n\n\n\n<p><strong>&#8220;CHP&#8217;li belediyeler \u00e7evre dostu belediyecili\u011fi t\u00fcm T\u00fcrkiye&#8217;ye g\u00f6sterecek&#8221;<\/strong><\/p>\n\n\n\n<p>Do\u011fay\u0131 katledecek olan projeleri reddetmek gerekti\u011finin alt\u0131n\u0131 \u00e7izen Se\u00e7er,&nbsp;<strong>&#8220;B\u00fct\u00fcn siyasi bask\u0131lara, siyasal oyunlara ve hukuki oyunlara ra\u011fmen bunlar\u0131n kar\u015f\u0131s\u0131nda dimdik durmal\u0131y\u0131z. CHP&#8217;li Belediye Ba\u015fkanlar\u0131 bug\u00fcne kadar oldu\u011fu gibi bundan sonra da&nbsp;&nbsp;ortaya koyaca\u011f\u0131 projelerle \u00e7evre dostu belediyecili\u011fi t\u00fcm T\u00fcrkiye&#8217;ye g\u00f6sterecektir&#8221;<\/strong>&nbsp;\u015feklinde konu\u015ftu. Uyumla \u00e7al\u0131\u015facaklar\u0131n\u0131 da s\u00f6yleyen Se\u00e7er,&nbsp;<strong>&#8220;Birlikten kuvvet do\u011far. Biz bunu g\u00f6r\u00fcyoruz, ayr\u0131m gayr\u0131m yapmadan hizmetlerimizi s\u00fcrd\u00fcr\u00fcyoruz. Onun i\u00e7in Mersin halk\u0131 do\u011fudan bat\u0131ya, Anamur&#8217;dan Tarsus&#8217;a, Mut&#8217;tan \u00c7aml\u0131yayla&#8217;ya \u015fahs\u0131m\u0131za tevecc\u00fch g\u00f6sterdi.&nbsp;<em>&#8216;Bu insanlar\u0131n i\u00e7i insan, millet ve vatan sevgisiyle dolu.<\/em>&nbsp;<em>Bunlar ulusal kurtulu\u015f m\u00fccadelesini veren bir \u015feyi kurtaran kuran Ulu \u00d6nder Mustafa Kemal T\u00fcrk&#8217;\u00fcn partisinde siyaset yap\u0131yorlar. Bunlar vatansever insanlard\u0131r&#8217;<\/em>&nbsp;deyip bize oy verdiler&#8221;<\/strong>&nbsp;diyerek, sevginin fark\u0131nda olduklar\u0131n\u0131 belirtti.<\/p>\n\n\n\n<p><strong>&#8220;En g\u00fczel hizmetleri bir bir yapmaya devam edece\u011fiz&#8221;<\/strong><\/p>\n\n\n\n<p>Tarsus&#8217;un en kadim, en bereketli \u015fehirlerden birisi oldu\u011funu ve Berdan&#8217;\u0131n sulad\u0131\u011f\u0131 Tarsus Ovas\u0131 oldu\u011funu kaydeden Se\u00e7er,&nbsp;<strong>&#8220;Tarsus \u00e7ok daha iyi olmal\u0131, Tarsus vizyoner y\u00f6netilmeli. D\u00fcnyay\u0131 tan\u0131yan insanlar buray\u0131 y\u00f6netmeli. Ben Ali Bolta\u00e7&#8217;a inan\u0131yorum. Her zaman onun yan\u0131nda olaca\u011f\u0131z. Tarsus&#8217;umuza en g\u00fczel hizmeti yaps\u0131n istiyoruz. Bundan hi\u00e7bir Tarsuslunun endi\u015fesi olmas\u0131n&#8221;<\/strong>&nbsp;dedi. G\u00fcne\u015fin yak\u0131c\u0131 da olsa i\u00e7lerini \u0131s\u0131tt\u0131\u011f\u0131n\u0131, \u00f6n\u00fcn\u00fc ayd\u0131nlatt\u0131\u011f\u0131n\u0131 belirten Se\u00e7er,&nbsp;<strong>&#8220;Her \u015feyden g\u00fczeli do\u011fa, kurduyla, ku\u015fuyla, b\u00f6rt\u00fcs\u00fcyle, b\u00f6ce\u011fiyle ama onlar\u0131 g\u00fczel k\u0131lan da bu anlay\u0131\u015f\u0131 ortaya koyan da sizlersiniz. Sevgili hem\u015ferilerimiz sizleri seviyoruz. Sizleri sevgiyle, samimiyetle kucakl\u0131yoruz. Hi\u00e7 merak etmeyin biz buraday\u0131z, en g\u00fczel hizmetleri bir bir yapmaya da devam edece\u011fiz&#8221;<\/strong>&nbsp;diye konu\u015fmas\u0131n\u0131 sonland\u0131rd\u0131.<\/p>\n\n\n\n<p><strong>Bolta\u00e7: &#8220;Tarsus&#8217;u hak etti\u011fi yere B\u00fcy\u00fck\u015fehir Belediye Ba\u015fkan\u0131m\u0131zla birlikte getirece\u011fiz&#8221;<\/strong><\/p>\n\n\n\n<p>Etkinli\u011fe kat\u0131ld\u0131\u011f\u0131 i\u00e7in Ba\u015fkan Se\u00e7er&#8217;e te\u015fekk\u00fcr ederek konu\u015fmas\u0131na ba\u015flayan Tarsus Belediye Ba\u015fkan\u0131 Ali Bolta\u00e7,&nbsp;<strong>&#8220;Do\u011fam\u0131z\u0131, gelece\u011fimiz korumak i\u00e7in burada b\u00f6yle bir \u00c7evre Festivali d\u00fczenledik. Tarsus&#8217;un gelece\u011fe dair evlatlar\u0131m\u0131za b\u0131rakaca\u011f\u0131m\u0131z g\u00fczel bir miras, g\u00fczel bir kent olmas\u0131 i\u00e7in elimizden geleni yapt\u0131k. Bir fark\u0131ndal\u0131k yaratmak istedik&#8221;<\/strong>&nbsp;s\u00f6zlerine yer verdi. Karbo\u011faz\u0131 Bask\u0131n\u0131&#8217;n\u0131 da anan Bolta\u00e7,&nbsp;<strong>&#8220;Bizler bu topraklar\u0131 kan\u0131m\u0131zla can\u0131m\u0131zla kazand\u0131k. Do\u011fam\u0131z\u0131 koruyaca\u011f\u0131z ama tarihimize de sahip \u00e7\u0131kaca\u011f\u0131z. Tarsus&#8217;u bu 5 y\u0131ll\u0131k s\u00fcre\u00e7 i\u00e7erisinde hak etti\u011fi yere, hak etti\u011fi zirveye uyumla, huzurla ve memnuniyetle Mersin&#8217;de B\u00fcy\u00fck\u015fehir Belediye Ba\u015fkan\u0131m\u0131zla birlikte getirece\u011fiz&#8221;<\/strong>&nbsp;s\u00f6zlerine yer verdi.<\/p>\n\n\n\n<p>Konu\u015fmalar\u0131n ard\u0131ndan Ba\u015fkan Se\u00e7er ve Ba\u015fkan Bolta\u00e7, festival alan\u0131nda kurulan stantlar\u0131 ve etkinlikleri gezdi, yurtta\u015flarla sohbet etti.<\/p>\n\n\n\n<p>B\u00fcy\u00fck\u015fehir Belediyesi&#8217;nin destek verdi\u011fi festivalde Kad\u0131n ve Aile Hizmetleri Dairesi Ba\u015fkanl\u0131\u011f\u0131 taraf\u0131ndan \u00e7ocuklar\u0131n keyifli ve ho\u015f\u00e7a vakit ge\u00e7irmesi i\u00e7in e\u011flenceli oyun alanlar\u0131 olu\u015fturuldu. Survivor oyun parkurunda enerjilerini atan \u00e7ocuklar, resim at\u00f6lyesi ile yarat\u0131c\u0131l\u0131klar\u0131n\u0131 ortaya koydular. Etkinlikte, k\u00fc\u00e7\u00fcklerin en sevdi\u011fi yiyeceklerden pamuklu \u015feker ve patlam\u0131\u015f m\u0131s\u0131r da \u00e7ocuklar\u0131n a\u011f\u0131zlar\u0131n\u0131 tatland\u0131rd\u0131.<\/p>\n\n\n\n<p>\u0130klim De\u011fi\u015fikli\u011fi ve S\u0131f\u0131r At\u0131k Dairesi ekipleri ise g\u00fcne\u015f teleskobu ile \u00e7ocuklara g\u00fcne\u015f g\u00f6zlemi yapt\u0131rd\u0131. G\u00fcne\u015f y\u00fczeyindeki patlamalar\u0131 g\u00f6zlemleyen \u00e7ocuklar yeni bir deneyim ya\u015faman\u0131n heyecan\u0131n\u0131 ya\u015fad\u0131.&nbsp;&nbsp;&nbsp;Etkinlikte, B\u00fcy\u00fck\u015fehir&#8217;in \u00fcretici kad\u0131n stantlar\u0131 da yer ald\u0131. Yiyecek i\u00e7ecekten dekoratif \u00fcr\u00fcnlere kadar pek \u00e7ok \u00fcr\u00fcn\u00fcn yer ald\u0131\u011f\u0131 stantlar\u0131 gezen vatanda\u015flar al\u0131\u015fveri\u015f yapmay\u0131 da ihmal etmedi.<\/p>\n\n\n\n<p><strong>Kad\u0131nlar, erkekler, \u00e7ocuklar mis gibi havada e\u015fsiz bir zaman ge\u00e7irdi<\/strong><\/p>\n\n\n\n<p>\u00c7ocuklar\u0131yla hem gezmeye hem de festivalin tad\u0131n\u0131 \u00e7\u0131karmaya gelen G\u00f6n\u00fcl Ersoy,&nbsp;<strong>&#8220;Etkinlik \u00e7ok ve alan \u00e7ok g\u00fczel. Tarsus&#8217;ta s\u0131caktan bunald\u0131\u011f\u0131m\u0131z ortamda buraya gelip nefes alma \u015fans\u0131 yakalad\u0131k. Organizasyon ve her \u015fey \u00e7ok g\u00fczel. Haz\u0131rlayan herkese \u00e7ok te\u015fekk\u00fcr ediyorum&#8221;<\/strong>&nbsp;dedi. Tarsus&#8217;un k\u0131ymeti bilinmeyen bir yer oldu\u011funu s\u00f6yleyen Ersoy,&nbsp;<strong>&#8220;\u00d6zellikle Mersin B\u00fcy\u00fck\u015fehir Belediye Ba\u015fkan\u0131m\u0131z bu konuda elinden gelen her \u015feyi yap\u0131yor. De\u011ferimizi y\u00fckseltmemiz ve Tarsus&#8217;un fark\u0131na varmam\u0131z gerekiyor. Tarsus bundan sonra daha \u00e7ok b\u00fcy\u00fcyerek T\u00fcrkiye \u00e7ap\u0131nda bilinen bir yer haline gelecektir, Ba\u015fkanlar\u0131m\u0131z\u0131n eme\u011fiyle&#8221;<\/strong>&nbsp;ifadelerine yer verdi.&nbsp;<\/p>\n\n\n\n<p>Havan\u0131n \u00e7ok g\u00fczel oldu\u011funu s\u00f6yleyen Selda Aslan, ailecek \u00e7ok keyifli vakit ge\u00e7irdiklerini s\u00f6yledi. Do\u011faya zarar vermeden do\u011fayla i\u00e7 i\u00e7e bir etkinlik oldu\u011funu kaydeden Aslan,&nbsp;<strong>&#8220;Dinlenmek isteyen dinleniyor, e\u011flenmek isteyen e\u011fleniyor. Her \u015fey d\u00fc\u015f\u00fcn\u00fclm\u00fc\u015f, m\u00fckemmel&#8221;<\/strong>&nbsp;dedi. \u00c7ocuklar\u0131 ve kendisi i\u00e7in keyifli bir ortam oldu\u011funu s\u00f6yleyen Berna Say\u0131can,&nbsp;<strong>&#8220;Vahap Ba\u015fkana ve Ali Ba\u015fkana \u00e7ok te\u015fekk\u00fcr ederim. \u00c7ocuk at\u00f6lyeleri harika. \u015eimdi ba\u015fka bir at\u00f6lyeye gidiyoruz, \u00e7ok e\u011fleniyorlar. 5 y\u0131l \u00f6nce bu \u015fehre ta\u015f\u0131nd\u0131m \u00e7ok g\u00fczel bir \u015fehir&#8221;<\/strong>&nbsp;diye konu\u015ftu.<\/p>\n\n\n\n<p>Arkada\u015flar\u0131yla bol bol oyun oynad\u0131\u011f\u0131n\u0131 s\u00f6yleyen Zehra I\u015f\u0131l \u015eim\u015fek,&nbsp;<strong>&#8220;Buray\u0131 \u00e7ok sevdim, arkada\u015flar\u0131m\u0131n da olmas\u0131 \u00e7ok keyifli. Bug\u00fcn ger\u00e7ekten g\u00fczel bir g\u00fcn ge\u00e7irdim, mutluyum&#8221;<\/strong>&nbsp;\u015feklinde konu\u015ftu.<\/p>\n","protected":false},"excerpt":{"rendered":"<p>Mersin B\u00fcy\u00fck\u015fehir Belediye Ba\u015fkan\u0131 Vahap Se\u00e7er, Tarsus Belediyesi ev sahipli\u011finde, Mersin B\u00fcy\u00fck\u015fehir Belediyesi katk\u0131lar\u0131yla ger\u00e7ekle\u015ftirilen&nbsp;&#8216;Tarsus Karbo\u011faz\u0131 \u00c7evre Festivali&#8217;ne kat\u0131ld\u0131. &#8216;Do\u011fa ile Bulu\u015f, Gelece\u011fi Koru&#8217;&nbsp;mottosuyla ve bu y\u0131l ilk kez yap\u0131lan festival, 23-24-25 A\u011fustos tarihlerinde kat\u0131l\u0131mc\u0131lara unutulmaz bir deneyim sunacak. Ulusal Kurtulu\u015f M\u00fccadelesi&#8217;nin \u00c7ukurova&#8217;daki en \u00f6nemli noktalar\u0131ndan biri olan Kahraman G\u00fclek Mahallesi Karbo\u011faz\u0131 Piknik Alan\u0131&#8217;nda ger\u00e7ekle\u015ftirilen [&hellip;]<\/p>\n","protected":false},"author":2,"featured_media":34734,"comment_status":"closed","ping_status":"closed","sticky":false,"template":"","format":"standard","meta":{"footnotes":""},"categories":[34,1,2,3,5],"tags":[],"class_list":["post-34733","post","type-post","status-publish","format-standard","has-post-thumbnail","hentry","category-flas-haber","category-genel","category-gundem","category-manset","category-mersin"],"views":4,"_links":{"self":[{"href":"https:\/\/mersinkadingazetesi.com\/index.php?rest_route=\/wp\/v2\/posts\/34733"}],"collection":[{"href":"https:\/\/mersinkadingazetesi.com\/index.php?rest_route=\/wp\/v2\/posts"}],"about":[{"href":"https:\/\/mersinkadingazetesi.com\/index.php?rest_route=\/wp\/v2\/types\/post"}],"author":[{"embeddable":true,"href":"https:\/\/mersinkadingazetesi.com\/index.php?rest_route=\/wp\/v2\/users\/2"}],"replies":[{"embeddable":true,"href":"https:\/\/mersinkadingazetesi.com\/index.php?rest_route=%2Fwp%2Fv2%2Fcomments&post=34733"}],"version-history":[{"count":1,"href":"https:\/\/mersinkadingazetesi.com\/index.php?rest_route=\/wp\/v2\/posts\/34733\/revisions"}],"predecessor-version":[{"id":34735,"href":"https:\/\/mersinkadingazetesi.com\/index.php?rest_route=\/wp\/v2\/posts\/34733\/revisions\/34735"}],"wp:featuredmedia":[{"embeddable":true,"href":"https:\/\/mersinkadingazetesi.com\/index.php?rest_route=\/wp\/v2\/media\/34734"}],"wp:attachment":[{"href":"https:\/\/mersinkadingazetesi.com\/index.php?rest_route=%2Fwp%2Fv2%2Fmedia&parent=34733"}],"wp:term":[{"taxonomy":"category","embeddable":true,"href":"https:\/\/mersinkadingazetesi.com\/index.php?rest_route=%2Fwp%2Fv2%2Fcategories&post=34733"},{"taxonomy":"post_tag","embeddable":true,"href":"https:\/\/mersinkadingazetesi.com\/index.php?rest_route=%2Fwp%2Fv2%2Ftags&post=34733"}],"curies":[{"name":"wp","href":"https:\/\/api.w.org\/{rel}","templated":true}]}}