{"id":34739,"date":"2024-08-25T10:30:13","date_gmt":"2024-08-25T07:30:13","guid":{"rendered":"https:\/\/mersinkadingazetesi.com\/?p=34739"},"modified":"2024-08-25T10:30:14","modified_gmt":"2024-08-25T07:30:14","slug":"mersinde-engeller-sporla-asiliyor","status":"publish","type":"post","link":"https:\/\/mersinkadingazetesi.com\/?p=34739","title":{"rendered":"MERS\u0130N&#8217;DE ENGELLER SPORLA A\u015eILIYOR"},"content":{"rendered":"\n<p><strong>&#8216;Engelsiz Mersin&#8217;<\/strong>&nbsp;in\u015fa etmek i\u00e7in 2019&#8217;dan bu yana proje \u00fcreten B\u00fcy\u00fck\u015fehir Belediyesi, Mersin&#8217;deki her bireyin hayat\u0131n\u0131 kolayla\u015ft\u0131rmak i\u00e7in \u00e7al\u0131\u015fmalar\u0131n\u0131 aral\u0131ks\u0131z s\u00fcrd\u00fcr\u00fcyor. B\u00fcy\u00fck\u015fehir&#8217;in Toroslar&#8217;da hizmet veren Engelsiz Ya\u015fam Merkezi&#8217;ndeki fitness salonunda uzman e\u011fitmen e\u015fli\u011finde spor yapan \u00f6zel gereksinimli bireyler; hem engelleri sporla a\u015f\u0131yor, hem sa\u011fl\u0131kl\u0131 bir ya\u015fama, hem de sosyal bir hayata ad\u0131m at\u0131yor.<\/p>\n\n\n\n<p>Mersin B\u00fcy\u00fck\u015fehir Belediyesi Sa\u011fl\u0131k \u0130\u015fleri Dairesi Ba\u015fkanl\u0131\u011f\u0131 Engelliler \u015eube M\u00fcd\u00fcrl\u00fc\u011f\u00fc b\u00fcnyesinde hizmet veren Engelsiz Ya\u015fam Merkezi&#8217;nde yer alan fitness salonu ile \u00f6zel gereksinimli bireyler, sporla i\u00e7 i\u00e7e bir ya\u015fam s\u00fcr\u00fcyor. Haftan\u0131n 2 g\u00fcn\u00fc fitness salonundan faydalanan \u00f6zel gereksinimli bireyler, antren\u00f6r e\u015fli\u011finde ve belirli bir program dahilinde spor yapman\u0131n tad\u0131n\u0131 \u00e7\u0131kar\u0131yor. B\u00fcy\u00fck\u015fehir&#8217;in, engelleri a\u015fan Engelsiz Ya\u015fam Merkezi&#8217;ndeki fitness salonundan faydalanmak isteyen bireyler, Alo 185 veya Teksin \u00fczerinden ba\u015fvuruda bulunabilir.<\/p>\n\n\n\n<p><strong>Uka: &#8220;Haftan\u0131n 2 g\u00fcn\u00fc gen\u00e7ler ve aileleri birlikte antrenman yap\u0131yor&#8221;<\/strong><\/p>\n\n\n\n<p>Sa\u011fl\u0131k \u0130\u015fleri Dairesi Ba\u015fkanl\u0131\u011f\u0131 Engelliler \u015eube M\u00fcd\u00fcrl\u00fc\u011f\u00fc&#8217;nde Beden E\u011fitimi \u00d6\u011fretmeni ve Fitness Antren\u00f6r\u00fc olarak g\u00f6rev yapan Emirhan Uka, haftan\u0131n 2 g\u00fcn\u00fc \u00f6zel gereksinimli bireyleri fitness salonunda a\u011f\u0131rlad\u0131klar\u0131n\u0131 belirtti. Salondan 18 ya\u015f \u00fczeri ve en az y\u00fczde 40 engeli olan bireylerin faydalanabilece\u011fini aktaran Uka,&nbsp;<strong>&#8220;\u00d6nceden, ailelerle birlikte antrenman program\u0131 yoktu. \u015eu an aileleri de antrenman program\u0131na d\u00e2hil ettik. Haftan\u0131n 2 g\u00fcn\u00fc hem gen\u00e7ler, hem de refakat eden aileleri antrenman yap\u0131yor&#8221;<\/strong>&nbsp;dedi. Salondan faydalanan bireylerde olduk\u00e7a g\u00fczel geli\u015fmeler g\u00f6zlemlediklerini s\u00f6yleyen Uka,&nbsp;<strong>&#8220;Hem sosyal olarak, hem de akranlar\u0131yla olan ileti\u015fimde gayet ba\u015far\u0131l\u0131lar. Ba\u015fvurmak isteyenler Teksin ya da Alo 185 \u00fczerinden bizleri arayarak ve Toroslar Engelsiz Ya\u015fam Merkezi birimine gelerek her t\u00fcrl\u00fc kay\u0131t olu\u015fturabilirler. Biz de hem telefonla, hem de mail yoluyla d\u00f6n\u00fc\u015f yap\u0131yoruz&#8221;&nbsp;<\/strong>diye konu\u015ftu.<\/p>\n\n\n\n<p><strong>Hem spor hem e\u011flence bu salonda<\/strong><\/p>\n\n\n\n<p>Salondan yararlanan 24 ya\u015f\u0131ndaki Ahmet Ta\u015f; aktif olarak basketbol oynad\u0131\u011f\u0131n\u0131, B\u00fcy\u00fck\u015fehir&#8217;in fitness e\u011fitimine de hem basketbola katk\u0131 sa\u011flamak, hem de v\u00fccut geli\u015ftirmek i\u00e7in ba\u015fvurdu\u011funu belirtti. Bir kurumun bu t\u00fcr bir hizmet vermesinin kendileri i\u00e7in olduk\u00e7a b\u00fcy\u00fck bir avantaj oldu\u011funun alt\u0131n\u0131 \u00e7izen Ta\u015f,&nbsp;<strong>&#8220;Evde durmaktan, telefona ba\u011fl\u0131 kalmaktansa; burada spor yap\u0131p sosyal aktivite yapmak, zaman ge\u00e7irmek bizim i\u00e7in \u00e7ok iyi. Daha \u00f6nce b\u00f6yle hizmetler yoktu. Biz engelli kavram\u0131n\u0131 kald\u0131rmak i\u00e7in u\u011fra\u015f\u0131yor ve \u00e7abal\u0131yoruz. Bu da bizim i\u00e7in \u00f6n ayak oluyor. Engelleri a\u015fmaya devam edece\u011fimizden \u015f\u00fcpheniz olmas\u0131n&#8221;<\/strong>&nbsp;dedi. B\u00fcy\u00fck\u015fehir Belediye Ba\u015fkan\u0131 Vahap Se\u00e7er&#8217;in \u00f6zel gereksinimli bireylere y\u00f6nelik hizmetlerinden olduk\u00e7a memnun olduklar\u0131n\u0131 da s\u00f6yleyen Ta\u015f,&nbsp;<strong>&#8220;Ba\u015fkan\u0131m\u0131z bizim i\u00e7in ba\u015f tac\u0131. Zaten o bizi bu seviyeye getirdi. O olmasayd\u0131, biz bu seviyeye m\u00fcmk\u00fcn de\u011fil gelemezdik&#8221;<\/strong>&nbsp;ifadelerine yer verdi.&nbsp;<\/p>\n\n\n\n<p>22 ya\u015f\u0131ndaki Furkan Ko\u00e7ak,&nbsp;<strong>&#8220;Is\u0131nmak i\u00e7in bisiklete ve ko\u015fu band\u0131na biniyorum, ona g\u00f6re hareket ediyorum. A\u011f\u0131rl\u0131k da \u00e7al\u0131\u015f\u0131yorum. Ortam g\u00fczel, memnunum&#8221;&nbsp;<\/strong>diye konu\u015ftu.<\/p>\n\n\n\n<p>24 ya\u015f\u0131ndaki Fahime Ata\u015f da spor yapmaktan \u00e7ok mutlu oldu\u011funu belirterek,&nbsp;<strong>&#8220;Spor yap\u0131yoruz, a\u011f\u0131rl\u0131k \u00e7al\u0131\u015f\u0131yoruz. A\u015f\u00e7\u0131l\u0131k, seramik kursuna da gidiyorum. Etkinliklere kat\u0131lmaya \u00e7al\u0131\u015f\u0131yoruz. Burada olmaktan mutluyum, memnunum. Etkinliklere kat\u0131ld\u0131\u011f\u0131m\u0131z zaman \u00e7ok mutlu oluyoruz&#8221;<\/strong>&nbsp;dedi.<\/p>\n\n\n\n<p>24 ya\u015f\u0131ndaki Serhat Ece ise yakla\u015f\u0131k 1 senedir salondan yararland\u0131\u011f\u0131n\u0131 aktararak,&nbsp;<strong>&#8220;Buras\u0131 benim i\u00e7in fizik tedavi gibi oluyor, kendimi geli\u015ftiriyorum. Buray\u0131 \u00e7ok seviyorum ve memnunum&#8221;<\/strong>&nbsp;diye konu\u015ftu.<\/p>\n\n\n\n<p><strong>Ailelerin y\u00fcz\u00fcne, \u00e7ocuklar\u0131n\u0131n mutlulu\u011fu yans\u0131yor<\/strong><\/p>\n\n\n\n<p>O\u011flu \u00c7a\u011fr\u0131 salondan faydalanan Mustafa \u015eim\u015fek, o\u011flundaki geli\u015fimin kendisini \u00e7ok mutlu etti\u011fini s\u00f6yledi. \u015eim\u015fek,&nbsp;<strong>&#8220;\u00c7a\u011fr\u0131&#8217;n\u0131n 1.5 ya\u015f\u0131ndan bu yana hem e\u011fitim, hem sa\u011fl\u0131k, hem de di\u011fer ihtiya\u00e7lar\u0131na ko\u015fturmaya \u00e7al\u0131\u015f\u0131yoruz, ama \u00f6n\u00fcm\u00fcze bir\u00e7ok engel \u00e7\u0131kt\u0131. Engelli birey olmak zor, ama engelli bireyin ailesi olmak daha zor. Bunu iliklerimize kadar ya\u015fad\u0131k, ama \u015fu a\u015famada imk\u00e2nlar bizi biraz rahatlat\u0131yor&#8221;&nbsp;<\/strong>dedi. Hizmetten 2 y\u0131ld\u0131r faydaland\u0131klar\u0131n\u0131 aktaran \u015eim\u015fek,&nbsp;<strong>&#8220;\u015eu an \u00c7a\u011fr\u0131&#8217;da \u00e7ok g\u00fczel geli\u015fmeler fark ettik. Normalde kendi imk\u00e2nlar\u0131m\u0131zla bu tip \u015feylerden faydalanmam\u0131z \u00e7ok zor, ama sa\u011f olsunlar b\u00f6yle bir imk\u00e2n sa\u011flam\u0131\u015flar. \u00c7ok faydas\u0131n\u0131 g\u00f6r\u00fcyoruz. Engelliler i\u00e7in ta\u015f \u00fczerine ta\u015f koyan herkesin ba\u015f\u0131m\u0131z\u0131n \u00fczerinde yeri var&#8221;<\/strong>&nbsp;ifadelerini kulland\u0131.<\/p>\n\n\n\n<p>5 senedir k\u0131z\u0131 Berivan&#8217;\u0131 salona getiren Mahmut Ata ise B\u00fcy\u00fck\u015fehir&#8217;in sadece spor de\u011fil, bir\u00e7ok hizmetinden faydaland\u0131klar\u0131n\u0131 s\u00f6yledi. Ata,&nbsp;<strong>&#8220;Ba\u015fta ba\u015fkan\u0131m\u0131z Vahap Se\u00e7er olmak \u00fczere, t\u00fcm personele ve hocalara te\u015fekk\u00fcr ederiz. Ben de k\u0131z\u0131m Berivan ile beraber burada spor yap\u0131yorum. T\u00fcm i\u015fim Berivan, ba\u015fka bir i\u015fim yok&#8221;<\/strong>&nbsp;dedi. B\u00fcy\u00fck\u015fehir&#8217;in Berivan&#8217;a b\u00fcy\u00fck faydas\u0131 oldu\u011funu da vurgulayan Ata,&nbsp;<strong>&#8220;B\u00fcy\u00fck\u015fehir Belediyesi g\u00fczel \u00e7al\u0131\u015f\u0131yor, her \u015feyi hallediyorlar zaten. E\u011fitimlerin ve etkinliklerin \u00e7ok faydas\u0131 oluyor. Berivan&#8217;\u0131n y\u00fcr\u00fcy\u00fc\u015f\u00fc bile aksam\u0131\u015ft\u0131, ama \u015fu anda iyi. Her dalda e\u011fitim g\u00f6r\u00fcyor&#8221;<\/strong>&nbsp;dedi.<\/p>\n","protected":false},"excerpt":{"rendered":"<p>&#8216;Engelsiz Mersin&#8217;&nbsp;in\u015fa etmek i\u00e7in 2019&#8217;dan bu yana proje \u00fcreten B\u00fcy\u00fck\u015fehir Belediyesi, Mersin&#8217;deki her bireyin hayat\u0131n\u0131 kolayla\u015ft\u0131rmak i\u00e7in \u00e7al\u0131\u015fmalar\u0131n\u0131 aral\u0131ks\u0131z s\u00fcrd\u00fcr\u00fcyor. B\u00fcy\u00fck\u015fehir&#8217;in Toroslar&#8217;da hizmet veren Engelsiz Ya\u015fam Merkezi&#8217;ndeki fitness salonunda uzman e\u011fitmen e\u015fli\u011finde spor yapan \u00f6zel gereksinimli bireyler; hem engelleri sporla a\u015f\u0131yor, hem sa\u011fl\u0131kl\u0131 bir ya\u015fama, hem de sosyal bir hayata ad\u0131m at\u0131yor. Mersin B\u00fcy\u00fck\u015fehir Belediyesi [&hellip;]<\/p>\n","protected":false},"author":2,"featured_media":34740,"comment_status":"closed","ping_status":"closed","sticky":false,"template":"","format":"standard","meta":{"footnotes":""},"categories":[10],"tags":[],"class_list":["post-34739","post","type-post","status-publish","format-standard","has-post-thumbnail","hentry","category-spor"],"views":6,"_links":{"self":[{"href":"https:\/\/mersinkadingazetesi.com\/index.php?rest_route=\/wp\/v2\/posts\/34739"}],"collection":[{"href":"https:\/\/mersinkadingazetesi.com\/index.php?rest_route=\/wp\/v2\/posts"}],"about":[{"href":"https:\/\/mersinkadingazetesi.com\/index.php?rest_route=\/wp\/v2\/types\/post"}],"author":[{"embeddable":true,"href":"https:\/\/mersinkadingazetesi.com\/index.php?rest_route=\/wp\/v2\/users\/2"}],"replies":[{"embeddable":true,"href":"https:\/\/mersinkadingazetesi.com\/index.php?rest_route=%2Fwp%2Fv2%2Fcomments&post=34739"}],"version-history":[{"count":1,"href":"https:\/\/mersinkadingazetesi.com\/index.php?rest_route=\/wp\/v2\/posts\/34739\/revisions"}],"predecessor-version":[{"id":34741,"href":"https:\/\/mersinkadingazetesi.com\/index.php?rest_route=\/wp\/v2\/posts\/34739\/revisions\/34741"}],"wp:featuredmedia":[{"embeddable":true,"href":"https:\/\/mersinkadingazetesi.com\/index.php?rest_route=\/wp\/v2\/media\/34740"}],"wp:attachment":[{"href":"https:\/\/mersinkadingazetesi.com\/index.php?rest_route=%2Fwp%2Fv2%2Fmedia&parent=34739"}],"wp:term":[{"taxonomy":"category","embeddable":true,"href":"https:\/\/mersinkadingazetesi.com\/index.php?rest_route=%2Fwp%2Fv2%2Fcategories&post=34739"},{"taxonomy":"post_tag","embeddable":true,"href":"https:\/\/mersinkadingazetesi.com\/index.php?rest_route=%2Fwp%2Fv2%2Ftags&post=34739"}],"curies":[{"name":"wp","href":"https:\/\/api.w.org\/{rel}","templated":true}]}}