{"id":34742,"date":"2024-08-25T10:32:18","date_gmt":"2024-08-25T07:32:18","guid":{"rendered":"https:\/\/mersinkadingazetesi.com\/?p=34742"},"modified":"2024-08-25T10:32:18","modified_gmt":"2024-08-25T07:32:18","slug":"tarsus-genclik-kampinda-yaz-etkinlikleri-suruyor","status":"publish","type":"post","link":"https:\/\/mersinkadingazetesi.com\/?p=34742","title":{"rendered":"TARSUS GEN\u00c7L\u0130K KAMPI&#8217;NDA YAZ ETK\u0130NL\u0130KLER\u0130 S\u00dcR\u00dcYOR"},"content":{"rendered":"\n<p>Mersin B\u00fcy\u00fck\u015fehir Belediyesi Kad\u0131n ve Aile Hizmetleri Dairesi Ba\u015fkanl\u0131\u011f\u0131 b\u00fcnyesinde faaliyet g\u00f6steren Tarsus Gen\u00e7lik Kamp\u0131&#8217;nda, \u00e7ocuklara y\u00f6nelik etkinliklere yaz d\u00f6neminde de devam ediliyor.<\/p>\n\n\n\n<p>Do\u011fal g\u00fczellikleri ve \u00e7ocuklar i\u00e7in bir\u00e7ok deneyimi sunan yap\u0131s\u0131yla Tarsus Gen\u00e7lik Kamp\u0131&#8217;nda, Mersin merkez ve Tarsus&#8217;tan kat\u0131lan \u00e7ocuklar i\u00e7in&nbsp;<strong>&#8216;\u00c7ocuk Yaz Kamp\u0131&#8217;<\/strong>&nbsp;programlar\u0131 s\u00fcr\u00fcyor. Bir gece konaklamal\u0131 olmak \u00fczere 2 g\u00fcn s\u00fcren etkinliklerde \u00e7ocuklar, kanoya binme \u015fans\u0131 da buluyor. Annelerin de e\u015flik etti\u011fi programda do\u011fa y\u00fcr\u00fcy\u00fc\u015f\u00fc, \u00e7evreyi ve bitkileri tan\u0131ma, Tarsus Do\u011fa Park\u0131&#8217;nda bulunan hayvanlar\u0131 yak\u0131ndan g\u00f6rme \u015fans\u0131 da yakalayan \u00e7ocuklar, yeni arkada\u015fl\u0131klar da ediniyorlar.<\/p>\n\n\n\n<p>Survivor oyun alan\u0131nda parkur yapman\u0131n heyecan\u0131n\u0131 da ya\u015fayan \u00e7ocuklara, Tarsus Gen\u00e7lik Kamp\u0131&#8217;nda g\u00f6revli e\u011fitmenler taraf\u0131ndan de\u011fi\u015fik konularda bilgiler de aktar\u0131l\u0131yor.<\/p>\n\n\n\n<p><strong>Demirel: &#8220;Anne ve \u00e7ocuklar kampta \u00e7ok keyifli zaman ge\u00e7iriyorlar&#8221;<\/strong><\/p>\n\n\n\n<p>Tarsus Gen\u00e7lik Kamp\u0131&#8217;nda anne ve \u00e7ocuk yaz kamp\u0131n\u0131n faaliyette oldu\u011funu ve \u00e7ok keyifli vakit ge\u00e7irdiklerini belirten Tarsus Gen\u00e7lik Kamp\u0131&#8217;nda g\u00f6rev yapan Kevser Demirel,&nbsp;<strong>&#8220;Kamp b\u00fcnyesinde yer alan Survivor parkurlar\u0131nda yar\u0131\u015fmalar\u0131m\u0131z oldu. Kanolar\u0131m\u0131z mevcut. Bunun d\u0131\u015f\u0131nda halat \u00e7ekmeleri, masa-sandalye kapmaca gibi etkinliklerimiz var. B\u00f6yle bir etkinlikte hem bizi g\u00f6revlendirdi\u011fi i\u00e7in, hem de annelerimize ve \u00e7ocuklar\u0131m\u0131za keyifli anlar ya\u015fatt\u0131\u011f\u0131 i\u00e7in Ba\u015fkan\u0131m\u0131za \u00e7ok te\u015fekk\u00fcr ederiz. Herkesi bekliyoruz&#8221;<\/strong>&nbsp;\u015feklinde konu\u015ftu.<\/p>\n\n\n\n<p><strong>\u00c7ocuklar farkl\u0131 etkinliklerle ve oyunlarla deneyim ya\u015f\u0131yorlar<\/strong><\/p>\n\n\n\n<p>K\u0131z\u0131n\u0131 kampa getiren annelerden Ayg\u00fcl Opus \u00e7ok g\u00fczel zaman ge\u00e7irdiklerini s\u00f6yleyerek,&nbsp;<strong>&#8220;Gen\u00e7lik Kamp\u0131 bizim i\u00e7in \u00e7ok g\u00fczel bir deneyim oldu. \u00c7ocuklar\u0131m\u0131z birbirinden g\u00fczel etkinliklerle, oyunlarla deneyim ya\u015f\u0131yorlar. Kendileri i\u00e7in g\u00fczel bir geli\u015fim alan\u0131 oldu. Vahap Se\u00e7er&#8217;e, bu etkinlikle bizi bulu\u015fturdu\u011fu i\u00e7in \u00e7ok te\u015fekk\u00fcr ederiz&#8221;<\/strong>&nbsp;dedi. K\u00fc\u00e7\u00fck Elvin Mavi Opus da, kamp s\u00fcresince arkada\u015flar\u0131yla mutlu anlar ya\u015fad\u0131klar\u0131n\u0131 belirterek,&nbsp;<strong>&#8220;Bug\u00fcn kano yapt\u0131m ve \u00e7ok e\u011flendim. Arkada\u015flar\u0131mla de\u011fi\u015fik oyunlar oynad\u0131m. Bug\u00fcn\u00fc ya\u015fad\u0131\u011f\u0131m i\u00e7in \u00e7ok mutluyum&#8221;<\/strong>&nbsp;diye konu\u015ftu.<\/p>\n\n\n\n<p>Tarsus Gen\u00e7lik Kamp\u0131&#8217;na 2. kez geldi\u011fini kaydeden Miray Y\u0131ld\u0131z,&nbsp;<strong>&#8220;Buray\u0131 \u00e7ok sevdim. Her \u015feyi \u00e7ok g\u00fczel yapt\u0131lar ve bizlere \u00e7ok iyi bakt\u0131lar. Vahap Ba\u015fkan\u0131m sizi \u00e7ok seviyorum&#8221;<\/strong>&nbsp;ifadelerini kulland\u0131.<\/p>\n\n\n\n<p>Ye\u011fenlerini&nbsp;<strong>&#8216;\u00c7ocuk Yaz Kamp\u0131&#8217;<\/strong>na getiren Emine Sevilir ise, g\u00f6sterilen ilgiden dolay\u0131 memnun kald\u0131\u011f\u0131n\u0131 s\u00f6yleyerek,&nbsp;<strong>&#8220;Kampa ilk defa geliyorum. Ortam \u00e7ok g\u00fczel. Do\u011fayla ba\u015f ba\u015fas\u0131n. Her t\u00fcrl\u00fc ilgiyi g\u00f6steriyorlar. \u00c7ocuklar\u0131 g\u00f6z\u00fc kapal\u0131 b\u0131rakabiliyorum. Herkese te\u015fekk\u00fcr ediyorum&#8221;<\/strong>&nbsp;dedi.<\/p>\n","protected":false},"excerpt":{"rendered":"<p>Mersin B\u00fcy\u00fck\u015fehir Belediyesi Kad\u0131n ve Aile Hizmetleri Dairesi Ba\u015fkanl\u0131\u011f\u0131 b\u00fcnyesinde faaliyet g\u00f6steren Tarsus Gen\u00e7lik Kamp\u0131&#8217;nda, \u00e7ocuklara y\u00f6nelik etkinliklere yaz d\u00f6neminde de devam ediliyor. Do\u011fal g\u00fczellikleri ve \u00e7ocuklar i\u00e7in bir\u00e7ok deneyimi sunan yap\u0131s\u0131yla Tarsus Gen\u00e7lik Kamp\u0131&#8217;nda, Mersin merkez ve Tarsus&#8217;tan kat\u0131lan \u00e7ocuklar i\u00e7in&nbsp;&#8216;\u00c7ocuk Yaz Kamp\u0131&#8217;&nbsp;programlar\u0131 s\u00fcr\u00fcyor. Bir gece konaklamal\u0131 olmak \u00fczere 2 g\u00fcn s\u00fcren etkinliklerde \u00e7ocuklar, [&hellip;]<\/p>\n","protected":false},"author":2,"featured_media":34743,"comment_status":"closed","ping_status":"closed","sticky":false,"template":"","format":"standard","meta":{"footnotes":""},"categories":[10],"tags":[],"class_list":["post-34742","post","type-post","status-publish","format-standard","has-post-thumbnail","hentry","category-spor"],"views":7,"_links":{"self":[{"href":"https:\/\/mersinkadingazetesi.com\/index.php?rest_route=\/wp\/v2\/posts\/34742"}],"collection":[{"href":"https:\/\/mersinkadingazetesi.com\/index.php?rest_route=\/wp\/v2\/posts"}],"about":[{"href":"https:\/\/mersinkadingazetesi.com\/index.php?rest_route=\/wp\/v2\/types\/post"}],"author":[{"embeddable":true,"href":"https:\/\/mersinkadingazetesi.com\/index.php?rest_route=\/wp\/v2\/users\/2"}],"replies":[{"embeddable":true,"href":"https:\/\/mersinkadingazetesi.com\/index.php?rest_route=%2Fwp%2Fv2%2Fcomments&post=34742"}],"version-history":[{"count":1,"href":"https:\/\/mersinkadingazetesi.com\/index.php?rest_route=\/wp\/v2\/posts\/34742\/revisions"}],"predecessor-version":[{"id":34744,"href":"https:\/\/mersinkadingazetesi.com\/index.php?rest_route=\/wp\/v2\/posts\/34742\/revisions\/34744"}],"wp:featuredmedia":[{"embeddable":true,"href":"https:\/\/mersinkadingazetesi.com\/index.php?rest_route=\/wp\/v2\/media\/34743"}],"wp:attachment":[{"href":"https:\/\/mersinkadingazetesi.com\/index.php?rest_route=%2Fwp%2Fv2%2Fmedia&parent=34742"}],"wp:term":[{"taxonomy":"category","embeddable":true,"href":"https:\/\/mersinkadingazetesi.com\/index.php?rest_route=%2Fwp%2Fv2%2Fcategories&post=34742"},{"taxonomy":"post_tag","embeddable":true,"href":"https:\/\/mersinkadingazetesi.com\/index.php?rest_route=%2Fwp%2Fv2%2Ftags&post=34742"}],"curies":[{"name":"wp","href":"https:\/\/api.w.org\/{rel}","templated":true}]}}