{"id":34763,"date":"2024-08-26T17:22:52","date_gmt":"2024-08-26T14:22:52","guid":{"rendered":"https:\/\/mersinkadingazetesi.com\/?p=34763"},"modified":"2024-08-26T17:22:52","modified_gmt":"2024-08-26T14:22:52","slug":"toroslarda-cop-eve-temizlik-operasyonu","status":"publish","type":"post","link":"https:\/\/mersinkadingazetesi.com\/?p=34763","title":{"rendered":"TOROSLAR&#8217;DA \u00c7\u00d6P EVE TEM\u0130ZL\u0130K OPERASYONU"},"content":{"rendered":"\n<p>Mersin&#8217;in merkez il\u00e7esi Toroslar Belediyesi ekipleri, Demirta\u015f Mahallesi&#8217;nde bir evden yay\u0131lan k\u00f6t\u00fc kokular ile ilgili ihbar\u0131 h\u0131zl\u0131 bir \u015fekilde de\u011ferlendirdi.<\/p>\n\n\n\n<p>Kom\u015fular\u0131n ve mahalle sakinlerinin talebi \u00fczerine harekete ge\u00e7en Belediye Zab\u0131ta ve Temizlik \u0130\u015fleri M\u00fcd\u00fcrl\u00fc\u011f\u00fc ekipleri, \u00e7\u00f6p y\u0131\u011f\u0131n\u0131na d\u00f6n\u00fc\u015fen eve m\u00fcdahale etti. Ya\u015fl\u0131 bir kad\u0131n\u0131n ya\u015fad\u0131\u011f\u0131 kullan\u0131lmaz haldeki ev, ba\u015ftan a\u015fa\u011f\u0131ya temizlendi.<\/p>\n\n\n\n<p>Ya\u015fl\u0131 kad\u0131n\u0131n ailesiyle ileti\u015fime ge\u00e7en ekipler taraf\u0131ndan, kullan\u0131lamayacak duruma gelmi\u015f e\u015fyalar ve kat\u0131 at\u0131klar\u0131n biriktirildi\u011fi evden 4 kamyon \u00e7\u00f6p \u00e7\u0131kar\u0131ld\u0131.<\/p>\n\n\n\n<p>Ekiplerce ger\u00e7ekle\u015ftirilen titiz \u00e7al\u0131\u015fma ise mahalle halk\u0131ndan tam not ald\u0131.<\/p>\n\n\n\n<p>&#8220;EK\u0130PLER\u0130M\u0130Z, VATANDA\u015eLARIMIZIN SA\u011eLI\u011eINI KORUMAK \u0130\u00c7\u0130N 7\/24 G\u00d6REV BA\u015eINDA&#8221;<\/p>\n\n\n\n<p>Toroslar Belediye Ba\u015fkan\u0131 Abdurrahman Y\u0131ld\u0131z, il\u00e7enin d\u00f6rt bir yan\u0131nda vatanda\u015flar\u0131n sa\u011fl\u0131\u011f\u0131n\u0131 korumak i\u00e7in var g\u00fc\u00e7leriyle \u00e7al\u0131\u015ft\u0131klar\u0131n\u0131 s\u00f6yledi.<\/p>\n\n\n\n<p>Ba\u015fkan Y\u0131ld\u0131z, &#8220;Demirta\u015f Mahallesi&#8217;nde vatanda\u015flar\u0131m\u0131z\u0131n talebi \u00fczerine bir \u00e7\u00f6p evin temizli\u011fini ger\u00e7ekle\u015ftirdik. Ekiplerimiz, k\u00f6t\u00fc koku yayan ve yurtta\u015flar\u0131m\u0131z\u0131n sa\u011fl\u0131\u011f\u0131n\u0131 tehlikeye atan \u00e7\u00f6p evi b\u00fcy\u00fck bir titizlikle ar\u0131nd\u0131rd\u0131 ve tekrar ya\u015fanabilir bir hale getirdiler. Bu bir halk sa\u011fl\u0131\u011f\u0131 sorunudur. \u0130l\u00e7emizde toplum sa\u011fl\u0131\u011f\u0131n\u0131 tehdit edebilecek benzer durumlarla kar\u015f\u0131la\u015fan vatanda\u015flar\u0131m\u0131z da 0324 322 72 00 numaral\u0131 telefondan belediyemize ula\u015fabilirler&#8221; dedi.<\/p>\n","protected":false},"excerpt":{"rendered":"<p>Mersin&#8217;in merkez il\u00e7esi Toroslar Belediyesi ekipleri, Demirta\u015f Mahallesi&#8217;nde bir evden yay\u0131lan k\u00f6t\u00fc kokular ile ilgili ihbar\u0131 h\u0131zl\u0131 bir \u015fekilde de\u011ferlendirdi. Kom\u015fular\u0131n ve mahalle sakinlerinin talebi \u00fczerine harekete ge\u00e7en Belediye Zab\u0131ta ve Temizlik \u0130\u015fleri M\u00fcd\u00fcrl\u00fc\u011f\u00fc ekipleri, \u00e7\u00f6p y\u0131\u011f\u0131n\u0131na d\u00f6n\u00fc\u015fen eve m\u00fcdahale etti. Ya\u015fl\u0131 bir kad\u0131n\u0131n ya\u015fad\u0131\u011f\u0131 kullan\u0131lmaz haldeki ev, ba\u015ftan a\u015fa\u011f\u0131ya temizlendi. Ya\u015fl\u0131 kad\u0131n\u0131n ailesiyle ileti\u015fime [&hellip;]<\/p>\n","protected":false},"author":2,"featured_media":34764,"comment_status":"closed","ping_status":"closed","sticky":false,"template":"","format":"standard","meta":{"footnotes":""},"categories":[3],"tags":[],"class_list":["post-34763","post","type-post","status-publish","format-standard","has-post-thumbnail","hentry","category-manset"],"views":3,"_links":{"self":[{"href":"https:\/\/mersinkadingazetesi.com\/index.php?rest_route=\/wp\/v2\/posts\/34763"}],"collection":[{"href":"https:\/\/mersinkadingazetesi.com\/index.php?rest_route=\/wp\/v2\/posts"}],"about":[{"href":"https:\/\/mersinkadingazetesi.com\/index.php?rest_route=\/wp\/v2\/types\/post"}],"author":[{"embeddable":true,"href":"https:\/\/mersinkadingazetesi.com\/index.php?rest_route=\/wp\/v2\/users\/2"}],"replies":[{"embeddable":true,"href":"https:\/\/mersinkadingazetesi.com\/index.php?rest_route=%2Fwp%2Fv2%2Fcomments&post=34763"}],"version-history":[{"count":1,"href":"https:\/\/mersinkadingazetesi.com\/index.php?rest_route=\/wp\/v2\/posts\/34763\/revisions"}],"predecessor-version":[{"id":34765,"href":"https:\/\/mersinkadingazetesi.com\/index.php?rest_route=\/wp\/v2\/posts\/34763\/revisions\/34765"}],"wp:featuredmedia":[{"embeddable":true,"href":"https:\/\/mersinkadingazetesi.com\/index.php?rest_route=\/wp\/v2\/media\/34764"}],"wp:attachment":[{"href":"https:\/\/mersinkadingazetesi.com\/index.php?rest_route=%2Fwp%2Fv2%2Fmedia&parent=34763"}],"wp:term":[{"taxonomy":"category","embeddable":true,"href":"https:\/\/mersinkadingazetesi.com\/index.php?rest_route=%2Fwp%2Fv2%2Fcategories&post=34763"},{"taxonomy":"post_tag","embeddable":true,"href":"https:\/\/mersinkadingazetesi.com\/index.php?rest_route=%2Fwp%2Fv2%2Ftags&post=34763"}],"curies":[{"name":"wp","href":"https:\/\/api.w.org\/{rel}","templated":true}]}}