{"id":34770,"date":"2024-08-27T11:53:34","date_gmt":"2024-08-27T08:53:34","guid":{"rendered":"https:\/\/mersinkadingazetesi.com\/?p=34770"},"modified":"2024-08-27T11:53:34","modified_gmt":"2024-08-27T08:53:34","slug":"tarsusta-karbogazi-ruzgari-10-bin-kisi-dogayla-bulustu","status":"publish","type":"post","link":"https:\/\/mersinkadingazetesi.com\/?p=34770","title":{"rendered":"TARSUS\u2019TA KARBO\u011eAZI R\u00dcZGARI: 10 B\u0130N K\u0130\u015e\u0130 DO\u011eAYLA BULU\u015eTU"},"content":{"rendered":"\n<p>Tarsus Belediyesi taraf\u0131ndan d\u00fczenlenen ve do\u011faseverlerin b\u00fcy\u00fck ilgi g\u00f6sterdi\u011fi Karbo\u011faz\u0131 \u00c7evre Festivali, 10 bin ki\u015finin kat\u0131l\u0131m\u0131yla ger\u00e7ekle\u015fti. \u00c7evre illerden gelen vatanda\u015flar\u0131n da kat\u0131l\u0131m sa\u011flad\u0131\u011f\u0131 festival, \u00fc\u00e7 g\u00fcn boyunca dolu dolu ge\u00e7ti.<\/p>\n\n\n\n<p>Tarsus Belediyesi ve Mersin B\u00fcy\u00fck\u015fehir Belediyesi\u2019nin katk\u0131lar\u0131yla d\u00fczenlenen Karbo\u011faz\u0131 \u00c7evre Festivali, yo\u011fun kat\u0131l\u0131mla sona erdi. Festival boyunca vatanda\u015flar hem do\u011fan\u0131n tad\u0131n\u0131 \u00e7\u0131kard\u0131 hem de \u00e7e\u015fitli etkinliklerle doyas\u0131ya e\u011flendi. Mersin B\u00fcy\u00fck\u015fehir Belediye Ba\u015fkan\u0131 Vahap Se\u00e7er ve Tarsus Belediye Ba\u015fkan\u0131 Ali Bolta\u00e7, etkinlikte do\u011fan\u0131n korunmas\u0131 ve Karbo\u011faz\u0131\u2019n\u0131n tarih\u00ee \u00f6nemine dikkat \u00e7ekerken, vatanda\u015flarla sohbet etme f\u0131rsat\u0131 buldu.<\/p>\n\n\n\n<p><strong>KATILIMCILAR DO\u011eANIN KEYF\u0130N\u0130 \u00c7IKARMA FIRSATI BULU<\/strong><\/p>\n\n\n\n<p>Festivalin ilk g\u00fcn\u00fcnde \u00e7ad\u0131rlar kuruldu ve ak\u015fam saatlerinde a\u00e7\u0131k hava sinemas\u0131 d\u00fczenlendi. \u0130kinci g\u00fcnde ise do\u011faseverler, resim at\u00f6lyeleri, s\u0131f\u0131r at\u0131k at\u00f6lyeleri, do\u011fa y\u00fcr\u00fcy\u00fc\u015fleri, Moto cross ve off-road etkinlikleri, bisiklet gezileri, spor aktiviteleri, \u00e7ocuk at\u00f6lyeleri, g\u00f6ky\u00fcz\u00fc g\u00f6zlem etkinli\u011fi, survivor park\u0131, tohum topu at\u00f6lyesi ve ok\u00e7uluk at\u00f6lyesi gibi geni\u015f bir etkinlik yelpazesiyle do\u011fan\u0131n keyfini s\u00fcrd\u00fc. Ak\u015fam ise Tarsus Kent Orkestras\u0131\u2019n\u0131n verdi\u011fi konserle vatanda\u015flar m\u00fczik e\u015fli\u011finde kamp\u0131n tad\u0131n\u0131 \u00e7\u0131kard\u0131. Ayr\u0131ca festival boyunca \u00e7e\u015fitli ikramlar sunuldu. Festivalin \u00fc\u00e7\u00fcnc\u00fc g\u00fcn\u00fcnde at\u00f6lye \u00e7al\u0131\u015fmalar\u0131 devam etti, ard\u0131ndan kamp \u00e7ad\u0131rlar\u0131 toplanarak alanda m\u0131nt\u0131ka temizli\u011fi yap\u0131ld\u0131.<\/p>\n\n\n\n<p><strong>\u201cEVLATLARIMIZA BIRAKACA\u011eIMIZ B\u0130R KENT OLMASI \u0130\u00c7\u0130N EL\u0130M\u0130ZDEN GELEN\u0130 YAPTIK\u201d<\/strong><\/p>\n\n\n\n<p>Tarsus \u00c7evre Festivali\u2019nin \u00f6nemine ve atmosferin g\u00fczelli\u011fine de\u011finen Tarsus Belediye Ba\u015fkan\u0131 Ali Bolta\u00e7, \u201cHerkes mutlu, y\u00fczler g\u00fcl\u00fcyor. B\u00f6yle bir do\u011fada b\u00f6yle bir atmosferde de bu gerekiyor. Ben bu etkinli\u011fe kat\u0131lan ba\u015fta Mersin B\u00fcy\u00fck\u015fehir Belediye Ba\u015fkan\u0131m\u0131za, il ba\u015fkan\u0131m\u0131za, il\u00e7e ba\u015fkan\u0131m\u0131za ve de\u011ferli b\u00fct\u00fcn kat\u0131lanlara tekrardan ho\u015f geldiniz diyorum. Tarsus Belediyesi olarak kentimizi, do\u011fam\u0131z\u0131 hep koruyaca\u011f\u0131z. Her zaman herkesin belediye ba\u015fkan\u0131 olaca\u011f\u0131m\u0131 s\u00f6ylemi\u015ftim. Bug\u00fcn de bunun bir \u00f6rne\u011fi do\u011fam\u0131z\u0131 korumak. Evlatlar\u0131m\u0131za b\u0131rakaca\u011f\u0131m\u0131z bir kent olmas\u0131 i\u00e7in elimizden geleni yapt\u0131k. Bir fark\u0131ndal\u0131k yaratmak istedik.\u201d dedi.<\/p>\n\n\n\n<p><strong>\u201cTARSUS\u2019U 5 YIL S\u00dcRE \u0130\u00c7ER\u0130S\u0130NDE HAK ETT\u0130\u011e\u0130 YERE UYUMLA, HUZURLA, MEMNUN\u0130YETLE GET\u0130RECE\u011e\u0130Z\u201d<\/strong><\/p>\n\n\n\n<p>G\u00fclek Karbo\u011faz\u0131\u2019n\u0131n tarihinin \u00f6nemini anlatan Ba\u015fkan Bolta\u00e7 \u201cBir di\u011fer \u00f6nemli konu ise Karbo\u011faz\u0131\u2019n\u0131n tarihimizde bize b\u0131rakm\u0131\u015f oldu\u011fu o ba\u011f\u0131ms\u0131zl\u0131k m\u00fccadelesi. Bundan tam 104 y\u0131l \u00f6nce, 44 kahraman Kuvay\u0131 Milliyeci, 600\u2019den fazla Frans\u0131z askerini esir alarak b\u00f6lgemizi kurtard\u0131. Onlar ba\u011f\u0131ms\u0131zl\u0131\u011f\u0131m\u0131z\u0131n bir simgesi oldu\u011funu t\u00fcm d\u00fcnyaya g\u00f6stermi\u015ftir. Ba\u015fta muhtar\u0131m\u0131z olmak \u00fczere, etkinli\u011fimize de\u011fer veren, katk\u0131 sunun herkese \u015f\u00fckranlar\u0131m\u0131z\u0131 sunuyorum.&nbsp; Tarsus\u2019u 5 y\u0131l s\u00fcre i\u00e7erisinde hak etti\u011fi yere uyumla, huzurla, memnuniyetle, Mersin B\u00fcy\u00fck\u015fehir Belediye Ba\u015fkan\u0131m\u0131zla hep birlikte getirece\u011fiz. Uyumla, huzurla, yol memnuniyete \u00e7\u0131k\u0131yor.\u201d diye ifade etti.<\/p>\n\n\n\n<p><strong>\u201cBEN AL\u0130 BOLTA\u00c7\u2019A \u0130NANIYORUM. ONUN V\u0130ZYONUNU B\u0130L\u0130YORUM.\u201d<\/strong><\/p>\n\n\n\n<p>Tarsus\u2019un kadim \u015fehir oldu\u011funa ve Ali Bolta\u00e7\u2019\u0131n her zaman yan\u0131nda oldu\u011funu s\u00f6yleyen Mersin B\u00fcy\u00fck\u015fehir Belediye Ba\u015fkan\u0131 Vahap Se\u00e7er, &nbsp;\u201cTarsus Belediye Meclisimizin ge\u00e7mi\u015f g\u00fcnlerde ald\u0131\u011f\u0131 bir karar var. G\u00fclek ismi Kahraman G\u00fclek olarak de\u011fi\u015ftirildi. \u00c7ok isabetli olmu\u015f. Ba\u015fkan\u0131m\u0131z ba\u015fta olmak \u00fczere t\u00fcm meclis \u00fcyelerimize b\u00f6yle bir karar\u0131n alt\u0131na imza att\u0131klar\u0131 i\u00e7in te\u015fekk\u00fcr ederim. Kahraman G\u00fclek\u2019e hay\u0131rl\u0131 olsun. Tarsus uzun y\u0131llard\u0131r hak etti\u011fi yerde de\u011fil. Tarsus bu b\u00f6lgenin en kadim \u015fehri. \u00dczerinde binlerce medeniyetin izleri var. Tarsus \u00e7ok daha iyi olmal\u0131, \u00e7ok daha vizyoner y\u00f6netilmeli. D\u00fcnyay\u0131 tan\u0131yan insanlar buray\u0131 y\u00f6netmeli. Ben Ali Bolta\u00e7\u2019a inan\u0131yorum. Onun vizyonunu biliyorum. Her zaman onun yan\u0131nda olaca\u011f\u0131z. Mersin B\u00fcy\u00fck\u015fehir Belediyesi\u2019nin t\u00fcm b\u00fcrokratlar\u0131, Mersin B\u00fcy\u00fck\u015fehir Belediye Ba\u015fkan\u0131 olarak Ali Ba\u015fkan\u0131n yan\u0131nda olaca\u011f\u0131z.\u201d \u015feklinde konu\u015ftu.<\/p>\n\n\n\n<p><strong>\u201cBURADA HAR\u0130KA B\u0130R FEST\u0130VAL GE\u00c7\u0130RD\u0130K\u201d<\/strong><\/p>\n\n\n\n<p>Festivalde \u00e7ok e\u011flendi\u011fini ifade eden bir vatanda\u015f \u201cBurada harika bir festival ge\u00e7irdik. Etkinlikler, konserler, sinema g\u00f6sterisi dolu doluydu. Festivali d\u00fczenleyen Tarsus Belediye Ba\u015fkan\u0131m\u0131za te\u015fekk\u00fcr ediyorum.\u201d dedi.<\/p>\n","protected":false},"excerpt":{"rendered":"<p>Tarsus Belediyesi taraf\u0131ndan d\u00fczenlenen ve do\u011faseverlerin b\u00fcy\u00fck ilgi g\u00f6sterdi\u011fi Karbo\u011faz\u0131 \u00c7evre Festivali, 10 bin ki\u015finin kat\u0131l\u0131m\u0131yla ger\u00e7ekle\u015fti. \u00c7evre illerden gelen vatanda\u015flar\u0131n da kat\u0131l\u0131m sa\u011flad\u0131\u011f\u0131 festival, \u00fc\u00e7 g\u00fcn boyunca dolu dolu ge\u00e7ti. Tarsus Belediyesi ve Mersin B\u00fcy\u00fck\u015fehir Belediyesi\u2019nin katk\u0131lar\u0131yla d\u00fczenlenen Karbo\u011faz\u0131 \u00c7evre Festivali, yo\u011fun kat\u0131l\u0131mla sona erdi. Festival boyunca vatanda\u015flar hem do\u011fan\u0131n tad\u0131n\u0131 \u00e7\u0131kard\u0131 hem de [&hellip;]<\/p>\n","protected":false},"author":2,"featured_media":34771,"comment_status":"closed","ping_status":"closed","sticky":false,"template":"","format":"standard","meta":{"footnotes":""},"categories":[3],"tags":[],"class_list":["post-34770","post","type-post","status-publish","format-standard","has-post-thumbnail","hentry","category-manset"],"views":5,"_links":{"self":[{"href":"https:\/\/mersinkadingazetesi.com\/index.php?rest_route=\/wp\/v2\/posts\/34770"}],"collection":[{"href":"https:\/\/mersinkadingazetesi.com\/index.php?rest_route=\/wp\/v2\/posts"}],"about":[{"href":"https:\/\/mersinkadingazetesi.com\/index.php?rest_route=\/wp\/v2\/types\/post"}],"author":[{"embeddable":true,"href":"https:\/\/mersinkadingazetesi.com\/index.php?rest_route=\/wp\/v2\/users\/2"}],"replies":[{"embeddable":true,"href":"https:\/\/mersinkadingazetesi.com\/index.php?rest_route=%2Fwp%2Fv2%2Fcomments&post=34770"}],"version-history":[{"count":1,"href":"https:\/\/mersinkadingazetesi.com\/index.php?rest_route=\/wp\/v2\/posts\/34770\/revisions"}],"predecessor-version":[{"id":34772,"href":"https:\/\/mersinkadingazetesi.com\/index.php?rest_route=\/wp\/v2\/posts\/34770\/revisions\/34772"}],"wp:featuredmedia":[{"embeddable":true,"href":"https:\/\/mersinkadingazetesi.com\/index.php?rest_route=\/wp\/v2\/media\/34771"}],"wp:attachment":[{"href":"https:\/\/mersinkadingazetesi.com\/index.php?rest_route=%2Fwp%2Fv2%2Fmedia&parent=34770"}],"wp:term":[{"taxonomy":"category","embeddable":true,"href":"https:\/\/mersinkadingazetesi.com\/index.php?rest_route=%2Fwp%2Fv2%2Fcategories&post=34770"},{"taxonomy":"post_tag","embeddable":true,"href":"https:\/\/mersinkadingazetesi.com\/index.php?rest_route=%2Fwp%2Fv2%2Ftags&post=34770"}],"curies":[{"name":"wp","href":"https:\/\/api.w.org\/{rel}","templated":true}]}}