{"id":34779,"date":"2024-08-27T12:04:30","date_gmt":"2024-08-27T09:04:30","guid":{"rendered":"https:\/\/mersinkadingazetesi.com\/?p=34779"},"modified":"2024-08-27T12:04:31","modified_gmt":"2024-08-27T09:04:31","slug":"chp-mersin-milletvekili-gulcan-kistan-sert-uyari-akpnin-sit-alanlarini-imara-acmasina-burada-izin-vermeyecegiz","status":"publish","type":"post","link":"https:\/\/mersinkadingazetesi.com\/?p=34779","title":{"rendered":"CHP Mersin Milletvekili G\u00fclcan K\u0131\u015f&#8217;tan Sert Uyar\u0131: &#8220;AKP&#8217;nin Sit Alanlar\u0131n\u0131 \u0130mara A\u00e7mas\u0131na Burada \u0130zin Vermeyece\u011fiz!"},"content":{"rendered":"\n<p>Mersin&#8217;in Do\u011fal Miras\u0131 Tehlikede: Alata Bah\u00e7e K\u00fclt\u00fcrleri Ara\u015ft\u0131rma Enstit\u00fcs\u00fc Arazileri \u00dczerindeki Yap\u0131la\u015fma Bask\u0131s\u0131 Art\u0131yor<\/p>\n\n\n\n<p>CHP Mersin Milletvekili G\u00fclcan K\u0131\u015f, Mersin&#8217;in en de\u011ferli tar\u0131m ve do\u011fal ya\u015fam alanlar\u0131ndan biri olan Alata Bah\u00e7e K\u00fclt\u00fcrleri Ara\u015ft\u0131rma Enstit\u00fcs\u00fc arazileri \u00fczerindeki yap\u0131la\u015fma bask\u0131lar\u0131na kar\u015f\u0131 \u00f6nemli a\u00e7\u0131klamalarda bulundu. G\u00fclcan K\u0131\u015f, bu alanlar\u0131n B\u00fcy\u00fck Ova Koruma Kanunu ve sit alan\u0131 stat\u00fcs\u00fcyle korunmas\u0131 gerekti\u011fini vurgulayarak, AKP iktidar\u0131n\u0131n \u00f6nceki y\u0131llarda sit alanlar\u0131n\u0131 imara a\u00e7ma giri\u015fimlerini sert bir dille ele\u015ftirdi.<\/p>\n\n\n\n<p><strong>&#8220;AKP&#8217;nin Rant Odakl\u0131 Politikalar\u0131 Bitmek T\u00fckenmek Bilmiyor&#8221;<\/strong><\/p>\n\n\n\n<p>Alata Bah\u00e7e K\u00fclt\u00fcrleri Ara\u015ft\u0131rma Enstit\u00fcs\u00fc arazileri \u00fczerindeki rant odakl\u0131 giri\u015fimlerin ger\u00e7ekle\u015fti\u011fini belirten K\u0131\u015f, bu giri\u015fimlerin do\u011fal ya\u015fam\u0131 ve tar\u0131msal verimlili\u011fi yok etme riski ta\u015f\u0131d\u0131\u011f\u0131n\u0131 ifade etti:<\/p>\n\n\n\n<p>CHP Mersin Milletvekili G\u00fclcan K\u0131\u015f: &#8220;2022 y\u0131l\u0131 Kas\u0131m ay\u0131nda ba\u015flat\u0131lan bu projede, Enstit\u00fc arazilerinden ge\u00e7en bir \u00e7evreyolu plan\u0131 devreye sokulmu\u015ftur. Bu proje, Enstit\u00fc b\u00fcnyesindeki uzmanlar taraf\u0131ndan olumsuz g\u00f6r\u00fc\u015f bildirilmi\u015f olmas\u0131na ra\u011fmen, AKP iktidar\u0131n\u0131n siyasi bask\u0131lar\u0131yla hayata ge\u00e7irilmi\u015ftir. Bu ad\u0131m, korunmas\u0131 gereken tar\u0131m arazilerinin amac\u0131 d\u0131\u015f\u0131nda kullan\u0131m\u0131n\u0131n \u00f6n\u00fcn\u00fc a\u00e7m\u0131\u015ft\u0131r&#8221; dedi.<\/p>\n\n\n\n<p>Ayr\u0131ca, \u00c7e\u015fmeli-K\u0131zkalesi otoban\u0131n\u0131n Erdemli Do\u011fu \u00c7\u0131k\u0131\u015f\u0131 i\u00e7in planlanan ba\u011flant\u0131 yolu, yine Enstit\u00fc&#8217;n\u00fcn koruma alt\u0131ndaki arazilerinden ge\u00e7irilmi\u015ftir. K\u0131\u015f, bu s\u00fcre\u00e7te y\u00fczlerce yeti\u015fmi\u015f orman a\u011fac\u0131n\u0131n kesilerek b\u00f6lgedeki do\u011fal ya\u015fam\u0131n geri d\u00f6nd\u00fcr\u00fclemez \u015fekilde tahrip edildi\u011fini belirtti.<\/p>\n\n\n\n<p><strong>Sit Alan\u0131 Stat\u00fcs\u00fcn\u00fcn D\u00fc\u015f\u00fcr\u00fclmesi Giri\u015fimleri<\/strong><\/p>\n\n\n\n<p>G\u00fclcan K\u0131\u015f, 2023 y\u0131l\u0131 May\u0131s ay\u0131nda, Enstit\u00fc arazilerinin sit alan\u0131 kapsam\u0131ndan \u00e7\u0131kar\u0131lmas\u0131 i\u00e7in giri\u015fimlerde bulunuldu\u011funu belirterek, &#8220;AKP iktidar\u0131, daha \u00f6nce de sit alanlar\u0131n\u0131 imara a\u00e7arak do\u011fay\u0131 ve tarihi miraslar\u0131m\u0131z\u0131 tahrip etti. \u015eimdi de ayn\u0131 senaryoyu Mersin&#8217;de tekrarlamak istiyorlar. Buna izin vermeyece\u011fiz!&#8221; dedi.<\/p>\n\n\n\n<p><strong>&#8220;Do\u011fal Ya\u015fam\u0131 Korumakta Kararl\u0131y\u0131z&#8221;<\/strong><\/p>\n\n\n\n<p>CHP Mersin Milletvekili G\u00fclcan K\u0131\u015f, Alata Bah\u00e7e K\u00fclt\u00fcrleri Ara\u015ft\u0131rma Enstit\u00fcs\u00fc arazilerinin yaln\u0131zca tar\u0131msal \u00fcretim a\u00e7\u0131s\u0131ndan de\u011fil, ayn\u0131 zamanda b\u00f6lgedeki biyolojik \u00e7e\u015fitlili\u011fin korunmas\u0131 ve do\u011fal ya\u015fam\u0131n devam\u0131 i\u00e7in b\u00fcy\u00fck \u00f6nem ta\u015f\u0131d\u0131\u011f\u0131n\u0131 vurgulad\u0131. K\u0131\u015f, bu alanlar\u0131n sit alan\u0131 olarak korunmas\u0131n\u0131n hem mevcut tar\u0131m politikalar\u0131 hem de \u00e7evresel s\u00fcrd\u00fcr\u00fclebilirlik a\u00e7\u0131s\u0131ndan hayati \u00f6nemde oldu\u011funu belirtti.<\/p>\n\n\n\n<p>G\u00fclcan K\u0131\u015f, &#8220;AKP&#8217;nin rant odakl\u0131 politikalar\u0131na kar\u015f\u0131 m\u00fccadelemiz kararl\u0131l\u0131kla devam edecek. Bu topraklar\u0131n, do\u011fal zenginliklerin korunmas\u0131, gelecek nesiller i\u00e7in b\u00fcy\u00fck bir sorumluluktur. Bu arazilerin amac\u0131 d\u0131\u015f\u0131nda kullan\u0131lmas\u0131, geri d\u00f6nd\u00fcr\u00fclemez zararlar do\u011furacakt\u0131r. Mersin halk\u0131n\u0131, bu m\u00fccadelede yan\u0131m\u0131zda durmaya ve birlikte hareket etmeye davet ediyorum&#8221; diye konu\u015ftu.<\/p>\n\n\n\n<p><strong>&#8220;AKP&#8217;nin Ge\u00e7mi\u015fte Yapt\u0131klar\u0131na Burada \u0130zin Vermeyece\u011fiz&#8221;<\/strong><\/p>\n\n\n\n<p>K\u0131\u015f, a\u00e7\u0131klamalar\u0131nda AKP iktidar\u0131n\u0131n ge\u00e7mi\u015fte sit alanlar\u0131n\u0131 imara a\u00e7ma giri\u015fimlerine dikkat \u00e7ekerek, &#8220;Daha \u00f6nce T\u00fcrkiye&#8217;nin d\u00f6rt bir yan\u0131nda sit alanlar\u0131n\u0131 imara a\u00e7an AKP, \u015fimdi ayn\u0131 giri\u015fimlerle Mersin&#8217;de do\u011fal ya\u015fam\u0131 yok etmek istiyor. Ancak bu defa izin vermeyece\u011fiz. Alata Bah\u00e7e K\u00fclt\u00fcrleri Ara\u015ft\u0131rma Enstit\u00fcs\u00fc arazileri sit alan\u0131 olarak kalacak ve bu de\u011ferli topraklar yap\u0131la\u015fma tehditlerine kar\u015f\u0131 korunacakt\u0131r&#8221; dedi.<\/p>\n\n\n\n<p><strong>&#8220;Do\u011fay\u0131 Korumak, Gelece\u011fimizi Korumakt\u0131r&#8221;<\/strong><\/p>\n\n\n\n<p>G\u00fclcan K\u0131\u015f, a\u00e7\u0131klamas\u0131n\u0131 \u015fu s\u00f6zlerle sonland\u0131rd\u0131: &#8220;Do\u011fay\u0131 korumak, gelece\u011fimizi korumakt\u0131r. AKP&#8217;nin rant politikalar\u0131na kar\u015f\u0131 m\u00fccadelemizi s\u00fcrd\u00fcrece\u011fiz. Bu de\u011ferli arazilerin korunmas\u0131, sadece bug\u00fcn\u00fcn de\u011fil, yar\u0131n\u0131n da meselesidir. Alata Bah\u00e7e K\u00fclt\u00fcrleri Ara\u015ft\u0131rma Enstit\u00fcs\u00fc arazilerini ve do\u011fal zenginliklerimizi hep birlikte savunmal\u0131y\u0131z.&#8221; diyerek s\u00f6zlerini tamamlad\u0131.<\/p>\n","protected":false},"excerpt":{"rendered":"<p>Mersin&#8217;in Do\u011fal Miras\u0131 Tehlikede: Alata Bah\u00e7e K\u00fclt\u00fcrleri Ara\u015ft\u0131rma Enstit\u00fcs\u00fc Arazileri \u00dczerindeki Yap\u0131la\u015fma Bask\u0131s\u0131 Art\u0131yor CHP Mersin Milletvekili G\u00fclcan K\u0131\u015f, Mersin&#8217;in en de\u011ferli tar\u0131m ve do\u011fal ya\u015fam alanlar\u0131ndan biri olan Alata Bah\u00e7e K\u00fclt\u00fcrleri Ara\u015ft\u0131rma Enstit\u00fcs\u00fc arazileri \u00fczerindeki yap\u0131la\u015fma bask\u0131lar\u0131na kar\u015f\u0131 \u00f6nemli a\u00e7\u0131klamalarda bulundu. G\u00fclcan K\u0131\u015f, bu alanlar\u0131n B\u00fcy\u00fck Ova Koruma Kanunu ve sit alan\u0131 stat\u00fcs\u00fcyle korunmas\u0131 [&hellip;]<\/p>\n","protected":false},"author":2,"featured_media":34780,"comment_status":"closed","ping_status":"closed","sticky":false,"template":"","format":"standard","meta":{"footnotes":""},"categories":[34,1,3,5],"tags":[],"class_list":["post-34779","post","type-post","status-publish","format-standard","has-post-thumbnail","hentry","category-flas-haber","category-genel","category-manset","category-mersin"],"views":7,"_links":{"self":[{"href":"https:\/\/mersinkadingazetesi.com\/index.php?rest_route=\/wp\/v2\/posts\/34779"}],"collection":[{"href":"https:\/\/mersinkadingazetesi.com\/index.php?rest_route=\/wp\/v2\/posts"}],"about":[{"href":"https:\/\/mersinkadingazetesi.com\/index.php?rest_route=\/wp\/v2\/types\/post"}],"author":[{"embeddable":true,"href":"https:\/\/mersinkadingazetesi.com\/index.php?rest_route=\/wp\/v2\/users\/2"}],"replies":[{"embeddable":true,"href":"https:\/\/mersinkadingazetesi.com\/index.php?rest_route=%2Fwp%2Fv2%2Fcomments&post=34779"}],"version-history":[{"count":1,"href":"https:\/\/mersinkadingazetesi.com\/index.php?rest_route=\/wp\/v2\/posts\/34779\/revisions"}],"predecessor-version":[{"id":34781,"href":"https:\/\/mersinkadingazetesi.com\/index.php?rest_route=\/wp\/v2\/posts\/34779\/revisions\/34781"}],"wp:featuredmedia":[{"embeddable":true,"href":"https:\/\/mersinkadingazetesi.com\/index.php?rest_route=\/wp\/v2\/media\/34780"}],"wp:attachment":[{"href":"https:\/\/mersinkadingazetesi.com\/index.php?rest_route=%2Fwp%2Fv2%2Fmedia&parent=34779"}],"wp:term":[{"taxonomy":"category","embeddable":true,"href":"https:\/\/mersinkadingazetesi.com\/index.php?rest_route=%2Fwp%2Fv2%2Fcategories&post=34779"},{"taxonomy":"post_tag","embeddable":true,"href":"https:\/\/mersinkadingazetesi.com\/index.php?rest_route=%2Fwp%2Fv2%2Ftags&post=34779"}],"curies":[{"name":"wp","href":"https:\/\/api.w.org\/{rel}","templated":true}]}}