{"id":34782,"date":"2024-08-27T12:05:47","date_gmt":"2024-08-27T09:05:47","guid":{"rendered":"https:\/\/mersinkadingazetesi.com\/?p=34782"},"modified":"2024-08-27T12:05:47","modified_gmt":"2024-08-27T09:05:47","slug":"akdenizde-sus-bitkileri-yetistiriciligi-kursu-basliyor","status":"publish","type":"post","link":"https:\/\/mersinkadingazetesi.com\/?p=34782","title":{"rendered":"Akdeniz\u2019de \u201cS\u00fcs Bitkileri Yeti\u015ftiricili\u011fi Kursu\u201d ba\u015fl\u0131yor"},"content":{"rendered":"\n<p>Akdeniz Belediyesi taraf\u0131ndan; 18-29 ya\u015f aral\u0131\u011f\u0131ndaki kad\u0131nlara y\u00f6nelik d\u00fczenlenecek olan \u201cS\u00fcs Bitkileri Yeti\u015ftiricili\u011fi E\u011fitimleri\u201d ba\u015fl\u0131yor.<\/p>\n\n\n\n<p>K\u00fclt\u00fcr ve Sosyal \u0130\u015fler M\u00fcd\u00fcrl\u00fc\u011f\u00fc Proje E\u011fitim ve Uygulama Merkezi binas\u0131nda verilecek olan kurs ve e\u011fitimlerde, Alata Bah\u00e7e K\u00fclt\u00fcrleri Ara\u015ft\u0131rma Enstit\u00fcs\u00fc\u2019nden gelecek m\u00fchendisler taraf\u0131ndan 16 Eyl\u00fcl-27 Eyl\u00fcl 2024 tarihleri aras\u0131nda hafta i\u00e7i yar\u0131m g\u00fcn \u015feklinde teorik e\u011fitimler de verilecek.<\/p>\n\n\n\n<p>Modern seralarda uygulamal\u0131 e\u011fitim verilecek<\/p>\n\n\n\n<p>Teorik e\u011fitimlerini tamamlayan kad\u0131nlar, 30 Eyl\u00fcl 2024 tarihi itibariyle Akdeniz Belediyesi\u2019nin Park ve Bah\u00e7eler M\u00fcd\u00fcrl\u00fc\u011f\u00fc\u2019nde bulunan modern serada uygulamal\u0131 e\u011fitim de alacak. Kad\u0131nlar\u0131n, e\u011fitimin uygulama a\u015famas\u0131nda \u00fcrettikleri \u00e7i\u00e7eklerin sat\u0131\u015flar\u0131 da Akdeniz Belediyesi arac\u0131l\u0131\u011f\u0131 ile yap\u0131lacak olup; kursiyer kad\u0131nlar, yeti\u015ftirdikleri \u00e7i\u00e7eklerden gelir elde etme imk\u00e2n\u0131 bulacak.<\/p>\n\n\n\n<p>Son ba\u015fvuru tarihi 6 Eyl\u00fcl<\/p>\n\n\n\n<p>E\u011fitimlerde ve \u00fcretimde kullan\u0131lacak t\u00fcm malzemeler de yine Akdeniz Belediyesi taraf\u0131ndan kar\u015f\u0131lanacak. E\u011fitimler hafta i\u00e7i her g\u00fcn olacak ve uygulamal\u0131 e\u011fitimler en az 6 ay s\u00fcrecek. S\u00fcs bitkileri yeti\u015ftiricili\u011fi kursuna son ba\u015fvuru tarihi ise 6 Eyl\u00fcl 2024. Sis bitkileri yeti\u015ftiricili\u011fi kursuna ba\u015fvurmak ve e\u011fitimler hakk\u0131nda daha ayr\u0131nt\u0131l\u0131 bilgi almak isteyenler, (0552 769 0801) numaral\u0131 telefonu da arayabilir.<\/p>\n","protected":false},"excerpt":{"rendered":"<p>Akdeniz Belediyesi taraf\u0131ndan; 18-29 ya\u015f aral\u0131\u011f\u0131ndaki kad\u0131nlara y\u00f6nelik d\u00fczenlenecek olan \u201cS\u00fcs Bitkileri Yeti\u015ftiricili\u011fi E\u011fitimleri\u201d ba\u015fl\u0131yor. K\u00fclt\u00fcr ve Sosyal \u0130\u015fler M\u00fcd\u00fcrl\u00fc\u011f\u00fc Proje E\u011fitim ve Uygulama Merkezi binas\u0131nda verilecek olan kurs ve e\u011fitimlerde, Alata Bah\u00e7e K\u00fclt\u00fcrleri Ara\u015ft\u0131rma Enstit\u00fcs\u00fc\u2019nden gelecek m\u00fchendisler taraf\u0131ndan 16 Eyl\u00fcl-27 Eyl\u00fcl 2024 tarihleri aras\u0131nda hafta i\u00e7i yar\u0131m g\u00fcn \u015feklinde teorik e\u011fitimler de verilecek. Modern [&hellip;]<\/p>\n","protected":false},"author":2,"featured_media":34783,"comment_status":"closed","ping_status":"closed","sticky":false,"template":"","format":"standard","meta":{"footnotes":""},"categories":[2,3],"tags":[],"class_list":["post-34782","post","type-post","status-publish","format-standard","has-post-thumbnail","hentry","category-gundem","category-manset"],"views":15,"_links":{"self":[{"href":"https:\/\/mersinkadingazetesi.com\/index.php?rest_route=\/wp\/v2\/posts\/34782"}],"collection":[{"href":"https:\/\/mersinkadingazetesi.com\/index.php?rest_route=\/wp\/v2\/posts"}],"about":[{"href":"https:\/\/mersinkadingazetesi.com\/index.php?rest_route=\/wp\/v2\/types\/post"}],"author":[{"embeddable":true,"href":"https:\/\/mersinkadingazetesi.com\/index.php?rest_route=\/wp\/v2\/users\/2"}],"replies":[{"embeddable":true,"href":"https:\/\/mersinkadingazetesi.com\/index.php?rest_route=%2Fwp%2Fv2%2Fcomments&post=34782"}],"version-history":[{"count":1,"href":"https:\/\/mersinkadingazetesi.com\/index.php?rest_route=\/wp\/v2\/posts\/34782\/revisions"}],"predecessor-version":[{"id":34784,"href":"https:\/\/mersinkadingazetesi.com\/index.php?rest_route=\/wp\/v2\/posts\/34782\/revisions\/34784"}],"wp:featuredmedia":[{"embeddable":true,"href":"https:\/\/mersinkadingazetesi.com\/index.php?rest_route=\/wp\/v2\/media\/34783"}],"wp:attachment":[{"href":"https:\/\/mersinkadingazetesi.com\/index.php?rest_route=%2Fwp%2Fv2%2Fmedia&parent=34782"}],"wp:term":[{"taxonomy":"category","embeddable":true,"href":"https:\/\/mersinkadingazetesi.com\/index.php?rest_route=%2Fwp%2Fv2%2Fcategories&post=34782"},{"taxonomy":"post_tag","embeddable":true,"href":"https:\/\/mersinkadingazetesi.com\/index.php?rest_route=%2Fwp%2Fv2%2Ftags&post=34782"}],"curies":[{"name":"wp","href":"https:\/\/api.w.org\/{rel}","templated":true}]}}