{"id":34792,"date":"2024-08-28T11:57:28","date_gmt":"2024-08-28T08:57:28","guid":{"rendered":"https:\/\/mersinkadingazetesi.com\/?p=34792"},"modified":"2024-08-28T11:57:29","modified_gmt":"2024-08-28T08:57:29","slug":"mersin-il-baskani-taner-isikbay-malazgirtten-30-agustosa-uzanan-kutlu-yol","status":"publish","type":"post","link":"https:\/\/mersinkadingazetesi.com\/?p=34792","title":{"rendered":"Mersin \u0130l Ba\u015fkan\u0131 Taner I\u015f\u0131kbay &#8220;Malazgirt&#8217;ten 30 A\u011fustos&#8217;a Uzanan Kutlu Yol&#8221;"},"content":{"rendered":"\n<p>Demokrasi ve At\u0131l\u0131m Partisi (DEVA) Mersin \u0130l Ba\u015fkan\u0131 \u0130\u015f \u0130nsan\u0131 Taner I\u015f\u0131kbay, 30 A\u011fustos Zafer Bayram\u0131&#8217;n\u0131n 102. y\u0131ld\u00f6n\u00fcm\u00fc vesilesiyle bir mesaj yay\u0131mlad\u0131. Ba\u015fkan I\u015f\u0131kbay, mesaj\u0131nda, 26 A\u011fustos 1071&#8217;de Malazgirt Zaferi ile ba\u015flayan ve 30 A\u011fustos 1922&#8217;de zaferle ta\u00e7lanan ba\u011f\u0131ms\u0131zl\u0131k m\u00fccadelesinin, T\u00fcrk milletinin istiklalini ve istikbalini koruma kararl\u0131l\u0131\u011f\u0131n\u0131n en \u00f6nemli sembollerinden biri oldu\u011funu vurgulad\u0131.<\/p>\n\n\n\n<p>Ba\u015fkan I\u015f\u0131kbay, mesaj\u0131nda \u015fu ifadelere yer verdi:<\/p>\n\n\n\n<p>&#8220;26 A\u011fustos 1071&#8217;de Sultan Alparslan&#8217;\u0131n komutas\u0131nda kazan\u0131lan Malazgirt Zaferi, Anadolu&#8217;nun kap\u0131lar\u0131n\u0131 aziz milletimize a\u00e7arak, bu co\u011frafyay\u0131 bizlere vatan k\u0131ld\u0131. Ard\u0131ndan, 30 A\u011fustos 1922&#8217;de Gazi Mustafa Kemal Atat\u00fcrk&#8217;\u00fcn &#8216;Ordular! \u0130lk hedefiniz Akdeniz&#8217;dir&#8217; emriyle ba\u015flayan B\u00fcy\u00fck Taarruz, milletimizin ba\u011f\u0131ms\u0131zl\u0131k ve h\u00fcrriyet a\u015fk\u0131yla dolu m\u00fccadelesini zaferle ta\u00e7land\u0131rarak, Anadolu&#8217;yu ebediyen T\u00fcrk yurdu olarak per\u00e7inledi. Bu zafer, milletimizin t\u00fcm imkans\u0131zl\u0131klara ra\u011fmen nas\u0131l bir kahramanl\u0131k destan\u0131 yazabilece\u011finin ve inanc\u0131n zafere d\u00f6n\u00fc\u015fmesinin en g\u00fczel \u00f6rneklerinden biridir.<\/p>\n\n\n\n<p>&#8220;MALAZG\u0130RT&#8217;TEN 30 A\u011eUSTOS&#8217;A ANADOLU&#8217;YU VATAN KILAN T\u00dcM ECDADIMIZA SAYGIYLA&#8230;&#8221;<\/p>\n\n\n\n<p>Anadolu&#8217;nun fethiyle ba\u015flay\u0131p T\u00fcrkiye Cumhuriyeti&#8217;ne uzanan bu kutlu yolun mimarlar\u0131, b\u00fcy\u00fck komutan Sultan Alparslan ve Gazi Mustafa Kemal Atat\u00fcrk ba\u015fta olmak \u00fczere, t\u00fcm kahraman ecdad\u0131m\u0131z\u0131 rahmet ve minnetle an\u0131yorum. Malazgirt&#8217;ten 30 A\u011fustos&#8217;a, Anadolu&#8217;yu bize vatan k\u0131lan t\u00fcm ecdad\u0131m\u0131za sayg\u0131yla; vatan\u0131m\u0131z ilelebet payidar olsun.<\/p>\n\n\n\n<p>Bu d\u00fc\u015f\u00fcncelerle, 30 A\u011fustos Zafer Bayram\u0131&#8217;n\u0131 ve Malazgirt Zaferi&#8217;nin 952. y\u0131l d\u00f6n\u00fcm\u00fcn\u00fc en i\u00e7ten dileklerimle kutluyor, T\u00fcrk milletinin birlik, beraberlik ve ba\u011f\u0131ms\u0131zl\u0131k u\u011fruna verdi\u011fi m\u00fccadelenin ebediyen s\u00fcrece\u011fini bir kez daha t\u00fcm d\u00fcnyaya hayk\u0131r\u0131yoruz.&#8221;<\/p>\n","protected":false},"excerpt":{"rendered":"<p>Demokrasi ve At\u0131l\u0131m Partisi (DEVA) Mersin \u0130l Ba\u015fkan\u0131 \u0130\u015f \u0130nsan\u0131 Taner I\u015f\u0131kbay, 30 A\u011fustos Zafer Bayram\u0131&#8217;n\u0131n 102. y\u0131ld\u00f6n\u00fcm\u00fc vesilesiyle bir mesaj yay\u0131mlad\u0131. Ba\u015fkan I\u015f\u0131kbay, mesaj\u0131nda, 26 A\u011fustos 1071&#8217;de Malazgirt Zaferi ile ba\u015flayan ve 30 A\u011fustos 1922&#8217;de zaferle ta\u00e7lanan ba\u011f\u0131ms\u0131zl\u0131k m\u00fccadelesinin, T\u00fcrk milletinin istiklalini ve istikbalini koruma kararl\u0131l\u0131\u011f\u0131n\u0131n en \u00f6nemli sembollerinden biri oldu\u011funu vurgulad\u0131. Ba\u015fkan I\u015f\u0131kbay, [&hellip;]<\/p>\n","protected":false},"author":2,"featured_media":34701,"comment_status":"closed","ping_status":"closed","sticky":false,"template":"","format":"standard","meta":{"footnotes":""},"categories":[3],"tags":[],"class_list":["post-34792","post","type-post","status-publish","format-standard","has-post-thumbnail","hentry","category-manset"],"views":3,"_links":{"self":[{"href":"https:\/\/mersinkadingazetesi.com\/index.php?rest_route=\/wp\/v2\/posts\/34792"}],"collection":[{"href":"https:\/\/mersinkadingazetesi.com\/index.php?rest_route=\/wp\/v2\/posts"}],"about":[{"href":"https:\/\/mersinkadingazetesi.com\/index.php?rest_route=\/wp\/v2\/types\/post"}],"author":[{"embeddable":true,"href":"https:\/\/mersinkadingazetesi.com\/index.php?rest_route=\/wp\/v2\/users\/2"}],"replies":[{"embeddable":true,"href":"https:\/\/mersinkadingazetesi.com\/index.php?rest_route=%2Fwp%2Fv2%2Fcomments&post=34792"}],"version-history":[{"count":1,"href":"https:\/\/mersinkadingazetesi.com\/index.php?rest_route=\/wp\/v2\/posts\/34792\/revisions"}],"predecessor-version":[{"id":34793,"href":"https:\/\/mersinkadingazetesi.com\/index.php?rest_route=\/wp\/v2\/posts\/34792\/revisions\/34793"}],"wp:featuredmedia":[{"embeddable":true,"href":"https:\/\/mersinkadingazetesi.com\/index.php?rest_route=\/wp\/v2\/media\/34701"}],"wp:attachment":[{"href":"https:\/\/mersinkadingazetesi.com\/index.php?rest_route=%2Fwp%2Fv2%2Fmedia&parent=34792"}],"wp:term":[{"taxonomy":"category","embeddable":true,"href":"https:\/\/mersinkadingazetesi.com\/index.php?rest_route=%2Fwp%2Fv2%2Fcategories&post=34792"},{"taxonomy":"post_tag","embeddable":true,"href":"https:\/\/mersinkadingazetesi.com\/index.php?rest_route=%2Fwp%2Fv2%2Ftags&post=34792"}],"curies":[{"name":"wp","href":"https:\/\/api.w.org\/{rel}","templated":true}]}}