{"id":34794,"date":"2024-08-28T11:58:33","date_gmt":"2024-08-28T08:58:33","guid":{"rendered":"https:\/\/mersinkadingazetesi.com\/?p=34794"},"modified":"2024-08-28T11:58:33","modified_gmt":"2024-08-28T08:58:33","slug":"kiratli-alata-birinci-derece-sit-alanidir","status":"publish","type":"post","link":"https:\/\/mersinkadingazetesi.com\/?p=34794","title":{"rendered":"K\u0131ratl\u0131: &#8220;Alata birinci derece sit alan\u0131d\u0131r&#8221;"},"content":{"rendered":"\n<p>AK Parti Mersin Milletvekili Ali K\u0131ratl\u0131, son g\u00fcnlerde Alata Bah\u00e7e K\u00fclt\u00fcrleri Ara\u015ft\u0131rma Enstit\u00fcs\u00fc ile ilgili ortaya at\u0131lan iddialara cevap verdi. \u0130ddialar\u0131n ger\u00e7e\u011fi yans\u0131tmad\u0131\u011f\u0131n\u0131 belirten K\u0131ratl\u0131, &#8220;Alata arazisi, sahili ve \u00e7evresi tar\u0131msal ama\u00e7l\u0131 kullan\u0131lmaktad\u0131r. Kumsal caretta caretta ve Chelonia Mydas t\u00fcr\u00fc deniz kaplumba\u011falar\u0131n\u0131n \u00fcreme alan\u0131d\u0131r ve birinci derece sit alan\u0131d\u0131r&#8221; dedi.<\/p>\n\n\n\n<p>AK Parti Mersin Milletvekili ve TBMM Kamu \u0130ktisadi Te\u015febb\u00fcsleri Komisyonu \u00dcyesi Ali K\u0131ratl\u0131, son g\u00fcnlerde kamuoyunu me\u015fgul eden Alata Bah\u00e7e K\u00fclt\u00fcrleri Ara\u015ft\u0131rma Enstit\u00fcs\u00fc ile ilgili olarak ger\u00e7ek d\u0131\u015f\u0131 a\u00e7\u0131klamalara cevap verdi. K\u0131ratl\u0131 yapt\u0131\u011f\u0131 a\u00e7\u0131klamada, Alata Tesisleriyle ilgili olarak suni g\u00fcndem olu\u015fturuldu\u011funu belirterek baz\u0131 Mersin milletvekilleri ba\u015fta olmak \u00fczere konuya dahil olan STK&#8217;lara da tepki g\u00f6sterdi. K\u0131ratl\u0131, s\u00f6z konusu alan\u0131n birinci derece sit alan\u0131 oldu\u011funun alt\u0131n\u0131 \u00e7izerek s\u00f6z konusu milletvekilleri ile STK&#8217;lar\u0131 suni g\u00fcndem yerine Mersin&#8217;in ger\u00e7ek g\u00fcndemlerine odaklanmalar\u0131 gerekti\u011fini ifade etti.<\/p>\n\n\n\n<p>&#8220;B\u00d6LGE KES\u0130N KORUNACAK HASSAS ALAN \u0130LAN ED\u0130LM\u0130\u015eT\u0130R&#8221;<\/p>\n\n\n\n<p>B\u00f6lgenin Cumhurba\u015fkanl\u0131\u011f\u0131 kararnamesiyle kesin korunacak hassas b\u00f6lge olarak ilan edildi\u011fini vurgulayan K\u0131ratl\u0131, &#8220;Son g\u00fcnlerde \u015fehir g\u00fcndeminde olan Alata Bah\u00e7e K\u00fclt\u00fcrleri Ara\u015ft\u0131rma Enstit\u00fcs\u00fc arazisinin sit derecesinin de\u011fi\u015ftirilerek farkl\u0131 ama\u00e7larla kullan\u0131laca\u011f\u0131 \u015feklinde ger\u00e7e\u011fi yans\u0131tmayan a\u00e7\u0131klamalar yap\u0131lmaktad\u0131r. Alata Bah\u00e7e K\u00fclt\u00fcrleri Ara\u015ft\u0131rma Enstit\u00fcs\u00fc arazisi ve Alata sahili ile \u00e7evresi tar\u0131msal ama\u00e7l\u0131 olarak kullan\u0131lmaktad\u0131r. Kumsal caretta caretta ve Chelonia Mydas t\u00fcr\u00fc deniz kaplumba\u011falar\u0131n\u0131n \u00fcreme alan\u0131d\u0131r. Alata Sahili, Adana K\u00fclt\u00fcr ve Tabiat Varl\u0131klar\u0131n\u0131 Koruma B\u00f6lge Kurulu taraf\u0131ndan 09.10.2000 tarih ve 3877 say\u0131l\u0131 karar ile birinci derece Do\u011fal Sit Alan\u0131 olarak tescil ve ilan edilmi\u015ftir. Alata sahili Ekolojik Bilimsel Ara\u015ft\u0131rma Raporundaki \u00f6neriler ve komisyon karar\u0131 do\u011frultusunda 16.11.2020 tarih ve 243492 onay\u0131 Nitelikli Do\u011fal Koruma Alan\u0131, Cumhurba\u015fkanl\u0131\u011f\u0131m\u0131z\u0131n 5 Ocak 2021 tarih ve 3360 say\u0131l\u0131 Karar\u0131 ile Kesin Korunacak Hassas Alan olarak ilan edilmi\u015ftir. Alata Bah\u00e7e K\u00fclt\u00fcrleri Ara\u015ft\u0131rma Enstit\u00fcs\u00fc arazisinin bir k\u0131sm\u0131 ise 13.09.2021 tarih ve 1714032 say\u0131l\u0131 karar ile Nitelikli Do\u011fal Koruma Alan\u0131, 27.10.2021 tarih ve 4638 say\u0131l\u0131 Cumhurba\u015fkanl\u0131\u011f\u0131 karar\u0131 ile onaylanan Kesin Korunacak Hassas Alan olarak tescil edilmi\u015ftir. Geriye kalan alan\u0131n birinci derece do\u011fal sit stat\u00fcs\u00fc devam etmektedir&#8221; ifadelerine yer verdi.<\/p>\n\n\n\n<p>&#8220;MERS\u0130N&#8217;\u0130N GER\u00c7EK SORUNLARINA ODAKLANALIM&#8221;<\/p>\n\n\n\n<p>K\u0131ratl\u0131, a\u00e7\u0131klamas\u0131n\u0131n devam\u0131nda ise Mersin&#8217;in milletvekilleri ba\u015fta olmak \u00fczere STK&#8217;lara da \u00e7a\u011fr\u0131da bulunarak Mersin&#8217;in ger\u00e7ek sorunlar\u0131na odaklanmas\u0131 gerekti\u011fi \u00e7a\u011fr\u0131s\u0131nda bulundu.<\/p>\n\n\n\n<p>K\u0131ratl\u0131, a\u00e7\u0131klamas\u0131n\u0131n devam\u0131nda \u015fu ifadelere yer verdi:<\/p>\n\n\n\n<p>&#8220;Alata Bah\u00e7e K\u00fclt\u00fcrleri Ara\u015ft\u0131rma Enstit\u00fcs\u00fc arazisinin sit derecesinde herhangi bir de\u011fi\u015fiklik yoktur. \u00d6zellikle sevindi\u011fim k\u0131s\u0131m ise ba\u015fta milletvekillerimiz olmak \u00fczere siyaset\u00e7ilerimizin, sivil toplum kurulu\u015fu temsilcilerimizin ve \u00e7evreye duyarl\u0131 vatanda\u015flar\u0131m\u0131z\u0131n Mersin&#8217;imizin korunmas\u0131 ve kalk\u0131nmas\u0131 konusunda g\u00f6stermi\u015f oldu\u011fu birlik ve hassasiyettir. Yine Mersinliler olarak yerel y\u00f6netimlerin y\u0131llard\u0131r vaat olarak verdi\u011fi Metro, trafik sorununun \u00e7\u00f6z\u00fcm\u00fc, gecikmi\u015f imar planlar\u0131, Pamukluk Baraj\u0131 Ar\u0131tma Tesisi, su fiyatlar\u0131n\u0131n d\u00fc\u015f\u00fcr\u00fclmesi gibi konular\u0131 yak\u0131ndan takip etmeleri ve yerel y\u00f6netimleri bu konular\u0131n biran \u00f6nce tamamlanarak Mersinimize kazand\u0131r\u0131lmas\u0131 konusundaki hassasiyetlerini merak ediyor ve \u00f6nemsiyorum. Buradan t\u00fcm Mersin sevdal\u0131lar\u0131na sesleniyorum. Mersin i\u00e7in bir ve beraber oldu\u011fumuzda ba\u015faramayaca\u011f\u0131m\u0131z hi\u00e7bir \u015feyin olmad\u0131\u011f\u0131n\u0131 ifade ediyor, sayg\u0131 ve sevgilerimi sunuyorum.&#8221;<\/p>\n","protected":false},"excerpt":{"rendered":"<p>AK Parti Mersin Milletvekili Ali K\u0131ratl\u0131, son g\u00fcnlerde Alata Bah\u00e7e K\u00fclt\u00fcrleri Ara\u015ft\u0131rma Enstit\u00fcs\u00fc ile ilgili ortaya at\u0131lan iddialara cevap verdi. \u0130ddialar\u0131n ger\u00e7e\u011fi yans\u0131tmad\u0131\u011f\u0131n\u0131 belirten K\u0131ratl\u0131, &#8220;Alata arazisi, sahili ve \u00e7evresi tar\u0131msal ama\u00e7l\u0131 kullan\u0131lmaktad\u0131r. Kumsal caretta caretta ve Chelonia Mydas t\u00fcr\u00fc deniz kaplumba\u011falar\u0131n\u0131n \u00fcreme alan\u0131d\u0131r ve birinci derece sit alan\u0131d\u0131r&#8221; dedi. AK Parti Mersin Milletvekili ve [&hellip;]<\/p>\n","protected":false},"author":2,"featured_media":34795,"comment_status":"closed","ping_status":"closed","sticky":false,"template":"","format":"standard","meta":{"footnotes":""},"categories":[3],"tags":[],"class_list":["post-34794","post","type-post","status-publish","format-standard","has-post-thumbnail","hentry","category-manset"],"views":2,"_links":{"self":[{"href":"https:\/\/mersinkadingazetesi.com\/index.php?rest_route=\/wp\/v2\/posts\/34794"}],"collection":[{"href":"https:\/\/mersinkadingazetesi.com\/index.php?rest_route=\/wp\/v2\/posts"}],"about":[{"href":"https:\/\/mersinkadingazetesi.com\/index.php?rest_route=\/wp\/v2\/types\/post"}],"author":[{"embeddable":true,"href":"https:\/\/mersinkadingazetesi.com\/index.php?rest_route=\/wp\/v2\/users\/2"}],"replies":[{"embeddable":true,"href":"https:\/\/mersinkadingazetesi.com\/index.php?rest_route=%2Fwp%2Fv2%2Fcomments&post=34794"}],"version-history":[{"count":1,"href":"https:\/\/mersinkadingazetesi.com\/index.php?rest_route=\/wp\/v2\/posts\/34794\/revisions"}],"predecessor-version":[{"id":34796,"href":"https:\/\/mersinkadingazetesi.com\/index.php?rest_route=\/wp\/v2\/posts\/34794\/revisions\/34796"}],"wp:featuredmedia":[{"embeddable":true,"href":"https:\/\/mersinkadingazetesi.com\/index.php?rest_route=\/wp\/v2\/media\/34795"}],"wp:attachment":[{"href":"https:\/\/mersinkadingazetesi.com\/index.php?rest_route=%2Fwp%2Fv2%2Fmedia&parent=34794"}],"wp:term":[{"taxonomy":"category","embeddable":true,"href":"https:\/\/mersinkadingazetesi.com\/index.php?rest_route=%2Fwp%2Fv2%2Fcategories&post=34794"},{"taxonomy":"post_tag","embeddable":true,"href":"https:\/\/mersinkadingazetesi.com\/index.php?rest_route=%2Fwp%2Fv2%2Ftags&post=34794"}],"curies":[{"name":"wp","href":"https:\/\/api.w.org\/{rel}","templated":true}]}}