{"id":34808,"date":"2024-08-29T11:52:18","date_gmt":"2024-08-29T08:52:18","guid":{"rendered":"https:\/\/mersinkadingazetesi.com\/?p=34808"},"modified":"2024-08-29T11:52:18","modified_gmt":"2024-08-29T08:52:18","slug":"esenler-ilkokulunda-umut-yeniden-yeseriyor","status":"publish","type":"post","link":"https:\/\/mersinkadingazetesi.com\/?p=34808","title":{"rendered":"ESENLER \u0130LKOKULU\u2019NDA UMUT YEN\u0130DEN YE\u015eER\u0130YOR"},"content":{"rendered":"\n<p>Tarsus Belediyesi, uzun y\u0131llard\u0131r bak\u0131m\u0131 yap\u0131lmayan Esenler \u0130lkokulu&#8217;nda kapsaml\u0131 bir tadilat \u00e7al\u0131\u015fmas\u0131 ba\u015flatt\u0131. Tarsus Belediye Ba\u015fkan\u0131 Ali Bolta\u00e7&#8217;\u0131n talimatlar\u0131 do\u011frultusunda ger\u00e7ekle\u015ftirilen bu yenileme \u00e7al\u0131\u015fmas\u0131, Esenler Mahallesi&#8217;ndeki k\u00f6y okulunun daha modern ve g\u00fcvenli bir e\u011fitim ortam\u0131na kavu\u015fmas\u0131n\u0131 ama\u00e7l\u0131yor.<\/p>\n\n\n\n<p>Tarsus Belediyesi, e\u011fitimde f\u0131rsat e\u015fitli\u011fi sa\u011flamak ve k\u0131rsal b\u00f6lgelerdeki okullar\u0131n modern standartlara ula\u015fmas\u0131n\u0131 hedefleyen \u00e7al\u0131\u015fmalar\u0131yla, \u00f6\u011frencilerin daha iyi ko\u015fullarda e\u011fitim almas\u0131n\u0131 sa\u011flamay\u0131 hedefliyor. Toplamda 70 \u00f6\u011frencisi bulunan Esenler \u0130lkokulu&#8217;nda, Tarsus Belediyesi Fen \u0130\u015fleri M\u00fcd\u00fcrl\u00fc\u011f\u00fc ekipleri bir haftad\u0131r \u00e7al\u0131\u015fmalar\u0131n\u0131 s\u00fcrd\u00fcr\u00fcyor. \u0130lk olarak, y\u0131k\u0131lm\u0131\u015f olan \u00e7evre duvar\u0131n\u0131n tadilat\u0131 ger\u00e7ekle\u015ftiriliyor. Ayn\u0131 zamanda, okulun lavabolar\u0131 da yenilenerek hijyenik ve kullan\u0131\u015fl\u0131 bir hale getirilecek.<\/p>\n\n\n\n<p><strong>\u201cBURADA YIKILMI\u015e OLAN D\u00dcZEN\u0130 AYA\u011eI KALDIRMAYA \u00c7ALI\u015eIYORUZ\u201d<\/strong><\/p>\n\n\n\n<p>Tarsus Belediyesi sayesinde uzun y\u0131llard\u0131r yap\u0131lmayan okulun yenilendi\u011fini s\u00f6yleyen Esenler Mahalle Muhtar\u0131 Selim Kaya, \u201c15 y\u0131ld\u0131r k\u00f6y\u00fcm\u00fcz\u00fcn okuluna hi\u00e7bir \u015fekilde bak\u0131m yap\u0131lm\u0131yordu. Sa\u011f olsun Ali Ba\u015fkan\u0131m\u0131zdan rica ettik, o da bizi k\u0131rmad\u0131 ve ekiplerini g\u00f6nderdi. Yakla\u015f\u0131k 1 haftad\u0131r \u00e7al\u0131\u015f\u0131l\u0131yor. \u015eu an okulumuzun mevcutta 70 \u00f6\u011frencisi var. Burada y\u0131k\u0131lm\u0131\u015f olan d\u00fczeni aya\u011f\u0131 kald\u0131rmaya \u00e7al\u0131\u015f\u0131yoruz. Ali Ba\u015fkan\u0131m\u0131za mahallem ve kendim ad\u0131na te\u015fekk\u00fcrlerimizi sunuyoruz.\u201d dedi.<\/p>\n","protected":false},"excerpt":{"rendered":"<p>Tarsus Belediyesi, uzun y\u0131llard\u0131r bak\u0131m\u0131 yap\u0131lmayan Esenler \u0130lkokulu&#8217;nda kapsaml\u0131 bir tadilat \u00e7al\u0131\u015fmas\u0131 ba\u015flatt\u0131. Tarsus Belediye Ba\u015fkan\u0131 Ali Bolta\u00e7&#8217;\u0131n talimatlar\u0131 do\u011frultusunda ger\u00e7ekle\u015ftirilen bu yenileme \u00e7al\u0131\u015fmas\u0131, Esenler Mahallesi&#8217;ndeki k\u00f6y okulunun daha modern ve g\u00fcvenli bir e\u011fitim ortam\u0131na kavu\u015fmas\u0131n\u0131 ama\u00e7l\u0131yor. Tarsus Belediyesi, e\u011fitimde f\u0131rsat e\u015fitli\u011fi sa\u011flamak ve k\u0131rsal b\u00f6lgelerdeki okullar\u0131n modern standartlara ula\u015fmas\u0131n\u0131 hedefleyen \u00e7al\u0131\u015fmalar\u0131yla, \u00f6\u011frencilerin daha iyi [&hellip;]<\/p>\n","protected":false},"author":2,"featured_media":34809,"comment_status":"closed","ping_status":"closed","sticky":false,"template":"","format":"standard","meta":{"footnotes":""},"categories":[2,3],"tags":[],"class_list":["post-34808","post","type-post","status-publish","format-standard","has-post-thumbnail","hentry","category-gundem","category-manset"],"views":5,"_links":{"self":[{"href":"https:\/\/mersinkadingazetesi.com\/index.php?rest_route=\/wp\/v2\/posts\/34808"}],"collection":[{"href":"https:\/\/mersinkadingazetesi.com\/index.php?rest_route=\/wp\/v2\/posts"}],"about":[{"href":"https:\/\/mersinkadingazetesi.com\/index.php?rest_route=\/wp\/v2\/types\/post"}],"author":[{"embeddable":true,"href":"https:\/\/mersinkadingazetesi.com\/index.php?rest_route=\/wp\/v2\/users\/2"}],"replies":[{"embeddable":true,"href":"https:\/\/mersinkadingazetesi.com\/index.php?rest_route=%2Fwp%2Fv2%2Fcomments&post=34808"}],"version-history":[{"count":1,"href":"https:\/\/mersinkadingazetesi.com\/index.php?rest_route=\/wp\/v2\/posts\/34808\/revisions"}],"predecessor-version":[{"id":34810,"href":"https:\/\/mersinkadingazetesi.com\/index.php?rest_route=\/wp\/v2\/posts\/34808\/revisions\/34810"}],"wp:featuredmedia":[{"embeddable":true,"href":"https:\/\/mersinkadingazetesi.com\/index.php?rest_route=\/wp\/v2\/media\/34809"}],"wp:attachment":[{"href":"https:\/\/mersinkadingazetesi.com\/index.php?rest_route=%2Fwp%2Fv2%2Fmedia&parent=34808"}],"wp:term":[{"taxonomy":"category","embeddable":true,"href":"https:\/\/mersinkadingazetesi.com\/index.php?rest_route=%2Fwp%2Fv2%2Fcategories&post=34808"},{"taxonomy":"post_tag","embeddable":true,"href":"https:\/\/mersinkadingazetesi.com\/index.php?rest_route=%2Fwp%2Fv2%2Ftags&post=34808"}],"curies":[{"name":"wp","href":"https:\/\/api.w.org\/{rel}","templated":true}]}}