{"id":34827,"date":"2024-08-29T12:07:05","date_gmt":"2024-08-29T09:07:05","guid":{"rendered":"https:\/\/mersinkadingazetesi.com\/?p=34827"},"modified":"2024-08-29T12:07:06","modified_gmt":"2024-08-29T09:07:06","slug":"unutulmaz-bir-zafer-bayrami-mersinlileri-bekliyor","status":"publish","type":"post","link":"https:\/\/mersinkadingazetesi.com\/?p=34827","title":{"rendered":"UNUTULMAZ B\u0130R ZAFER BAYRAMI MERS\u0130NL\u0130LER\u0130 BEKL\u0130YOR"},"content":{"rendered":"\n<p>Mersin B\u00fcy\u00fck\u015fehir Belediyesi, 30 A\u011fustos Zafer Bayram\u0131&#8217;n\u0131, dolu dolu etkinlikler ve konser programlar\u0131 ile kutlamaya haz\u0131rlan\u0131yor. B\u00fcy\u00fck\u015fehir Belediyesi K\u00fclt\u00fcr ve Sosyal \u0130\u015fler Dairesi, Kad\u0131n ve Aile Hizmetleri Dairesi ile Gen\u00e7lik ve Spor Hizmetleri Dairesi&#8217;nin \u00f6nc\u00fcl\u00fc\u011f\u00fcnde ger\u00e7ekle\u015ftirilecek etkinliklerle, Mersin merkez ve il\u00e7elerde \u00e7ok say\u0131da kutlama program\u0131 yap\u0131lacak.<\/p>\n\n\n\n<p>B\u00fcy\u00fck bir co\u015fkuyla kutlanmaya haz\u0131rlanan etkinlikler kapsam\u0131nda, Mersin&#8217;in bir\u00e7ok noktas\u0131 Zafer Bayram\u0131&#8217;n\u0131n co\u015fkusuyla ve gururuyla sar\u0131lacak. 7&#8217;den 70&#8217;e her kesimi d\u00fc\u015f\u00fcnerek etkinlikler planlayan ekipler; Anamur&#8217;dan Tarsus&#8217;a kadar her yan\u0131 sporla, sanatla ve e\u011flenceyle doldurmaya haz\u0131rlan\u0131yor.<\/p>\n\n\n\n<p><strong>Zafer Bayram\u0131&#8217;n\u0131n t\u00fcm co\u015fkusu B\u00fcy\u00fck\u015fehir ile ya\u015fanacak<\/strong><\/p>\n\n\n\n<p>Yap\u0131lacak etkinlikler kapsam\u0131nda, \u00c7ocuk Geli\u015fim Merkezleri&#8217;nde e\u011fitim g\u00f6ren \u00e7ocuklar i\u00e7in program haz\u0131rlayan Kad\u0131n ve Aile Hizmetleri Dairesi Ba\u015fkanl\u0131\u011f\u0131; Halkkent, M\u00fcnir \u00d6zkul, Tarsus 100.Y\u0131l Atat\u00fcrk, Yenice Ya\u015far Baybo\u011fan ve G\u00fclnar \u00c7ocuk Geli\u015fim Merkezleri&#8217;nde \u00f6\u011frenciler ve velilerin de kat\u0131l\u0131m\u0131 ile co\u015fkulu bir etkinlik d\u00fczenleyecek.<\/p>\n\n\n\n<p>Gen\u00e7lik ve Spor Hizmetleri Dairesi Ba\u015fkanl\u0131\u011f\u0131 ise,&nbsp;<strong><em>&#8217;30 A\u011fustos F\u0131nd\u0131kp\u0131nar\u0131 Zafer Kupas\u0131 Futbol Turnuvas\u0131&#8217;<\/em><\/strong>&nbsp;ile&nbsp;<strong><em>&#8217;30 A\u011fustos Toroslar Zafer Kupas\u0131 Futbol Turnuvas\u0131&#8217;<\/em><\/strong>&nbsp;final m\u00fcsabakalar\u0131n\u0131 d\u00fczenleyecek ve ard\u0131ndan dereceye girenlere \u00f6d\u00fcl t\u00f6reni ger\u00e7ekle\u015ftirilecek.<\/p>\n\n\n\n<p>K\u00fclt\u00fcr ve Sosyal \u0130\u015fler Dairesi Ba\u015fkanl\u0131\u011f\u0131 da; Mezitli&#8217;de Kent Orkestras\u0131 Konseri, Mut il\u00e7esi Kozlar Mahallesi&#8217;nde T\u00fcrk M\u00fczi\u011fi Orkestras\u0131 Konseri ve Mut il\u00e7esi Sertavul Pazar Yeri&#8217;nde Kent Orkestras\u0131 Konseri d\u00fczenleyerek, kentin ayr\u0131 noktalar\u0131nda herkesi m\u00fczi\u011fe doyuracak.<\/p>\n\n\n\n<p>Ayr\u0131ca Tarsus&#8217;a De\u011fer Katanlar Kurulu (TADEKA) Spor Kurulu, 30 A\u011fustos Zafer Bayram\u0131 etkinlikleri kapsam\u0131nda, 31 A\u011fustos Cumartesi g\u00fcn\u00fc Eshab-\u0131 Kehf giri\u015finde bulunan alanda&nbsp;<strong><em>&#8216;Zafer U\u00e7u\u015fu&#8217;<\/em><\/strong>&nbsp;ad\u0131n verdi\u011fi yama\u00e7 para\u015f\u00fct\u00fc ve motocross \u015fovlar\u0131yla Tarsus&#8217;ta unutulmaz anlar ya\u015fatacak.<\/p>\n\n\n\n<p><strong>\u0130l\u00e7e il\u00e7e ger\u00e7ekle\u015ftirilecek programlar \u015fu \u015fekilde:<\/strong><\/p>\n\n\n\n<p><strong>29 A\u011fustos Per\u015fembe<\/strong><\/p>\n\n\n\n<p><strong>TOROSLAR<\/strong><\/p>\n\n\n\n<p>18.00 \/ K\u00f6y Bizim \u015eenlik Bizim<\/p>\n\n\n\n<p>20.30 \/ T\u00fcrk M\u00fczi\u011fi Orkestras\u0131 Konseri \u2013 Ayvagedi\u011fi Mahallesi, Okul Bah\u00e7esi<\/p>\n\n\n\n<p>20.30 \/ Berna Aytar Konseri \u2013 Arslank\u00f6y Mahallesi, \u00c7atak Yedig\u00f6z Yol Ayr\u0131m\u0131<\/p>\n\n\n\n<p><strong>TARSUS<\/strong><\/p>\n\n\n\n<p>20.00 \/ Kent Orkestras\u0131 Konseri \u2013 Duatepe Mahallesi, Muhtarl\u0131k \u00d6n\u00fc<\/p>\n\n\n\n<p>30 A\u011fustos Cuma<\/p>\n\n\n\n<p><strong>30 A\u011fustos Cuma<\/strong><\/p>\n\n\n\n<p><strong>TOROSLAR<\/strong><\/p>\n\n\n\n<p>18.00 \/ K\u00f6y Bizim \u015eenlik Bizim<\/p>\n\n\n\n<p>20.30 \/ T\u00fcrk M\u00fczi\u011fi Orkestras\u0131 Konseri \u2013 G\u00f6zne Meydan\u0131<\/p>\n\n\n\n<p>20.00 \/ Selim Akdo\u011fan Konseri \u2013 Arslank\u00f6y Mahallesi, \u00c7atak Yedig\u00f6z Yol Ayr\u0131m\u0131<\/p>\n\n\n\n<p><strong>MEZ\u0130TL\u0130<\/strong><\/p>\n\n\n\n<p>20.30 \/ Kent Orkestras\u0131 Konseri \u2013 Denizhan 2 Sitesi Kar\u015f\u0131s\u0131<\/p>\n\n\n\n<p><strong>YEN\u0130\u015eEH\u0130R<\/strong><\/p>\n\n\n\n<p>19.00 \/ DJ Performans\u0131<\/p>\n\n\n\n<p>20.00 \/ Filozof Kedi Konseri<\/p>\n\n\n\n<p>21.30 \/ DJ Performans\u0131<\/p>\n\n\n\n<p>22.00 \/ Sidar Baran Ta\u015f Konseri \u2013 K\u00fclt\u00fcr Park, Martina Yan\u0131<\/p>\n\n\n\n<p>19.00 \/ DJ Performans\u0131<\/p>\n\n\n\n<p>20.00 \/ Dilara ve Orange Band Konseri&nbsp;<\/p>\n\n\n\n<p>21.30 \/ DJ Performans\u0131<\/p>\n\n\n\n<p>22.00 \/ \u0130smet Demir ve Orkestras\u0131 \u2013 \u00d6zgecan Aslan Bar\u0131\u015f Meydan\u0131<\/p>\n\n\n\n<p><strong>MUT<\/strong><\/p>\n\n\n\n<p>20.30 \/ 29. Mut Kozlar Yaylas\u0131 \u015eenli\u011fi, T\u00fcrk M\u00fczi\u011fi Orkestras\u0131 Konseri \u2013 Kozlar Yaylas\u0131<\/p>\n\n\n\n<p>20.30 \/ Kent Orkestras\u0131 Konseri \u2013 Sertavul Yaylas\u0131, Pazar Yeri<\/p>\n\n\n\n<p><strong>S\u0130L\u0130FKE<\/strong><\/p>\n\n\n\n<p>21.00 \/ Hasan Ye\u015filg\u00f6z Konseri \u2013 Mara Mahallesi, K\u00f6y Meydan\u0131<br><\/p>\n","protected":false},"excerpt":{"rendered":"<p>Mersin B\u00fcy\u00fck\u015fehir Belediyesi, 30 A\u011fustos Zafer Bayram\u0131&#8217;n\u0131, dolu dolu etkinlikler ve konser programlar\u0131 ile kutlamaya haz\u0131rlan\u0131yor. B\u00fcy\u00fck\u015fehir Belediyesi K\u00fclt\u00fcr ve Sosyal \u0130\u015fler Dairesi, Kad\u0131n ve Aile Hizmetleri Dairesi ile Gen\u00e7lik ve Spor Hizmetleri Dairesi&#8217;nin \u00f6nc\u00fcl\u00fc\u011f\u00fcnde ger\u00e7ekle\u015ftirilecek etkinliklerle, Mersin merkez ve il\u00e7elerde \u00e7ok say\u0131da kutlama program\u0131 yap\u0131lacak. B\u00fcy\u00fck bir co\u015fkuyla kutlanmaya haz\u0131rlanan etkinlikler kapsam\u0131nda, Mersin&#8217;in bir\u00e7ok [&hellip;]<\/p>\n","protected":false},"author":2,"featured_media":34828,"comment_status":"closed","ping_status":"closed","sticky":false,"template":"","format":"standard","meta":{"footnotes":""},"categories":[3],"tags":[],"class_list":["post-34827","post","type-post","status-publish","format-standard","has-post-thumbnail","hentry","category-manset"],"views":5,"_links":{"self":[{"href":"https:\/\/mersinkadingazetesi.com\/index.php?rest_route=\/wp\/v2\/posts\/34827"}],"collection":[{"href":"https:\/\/mersinkadingazetesi.com\/index.php?rest_route=\/wp\/v2\/posts"}],"about":[{"href":"https:\/\/mersinkadingazetesi.com\/index.php?rest_route=\/wp\/v2\/types\/post"}],"author":[{"embeddable":true,"href":"https:\/\/mersinkadingazetesi.com\/index.php?rest_route=\/wp\/v2\/users\/2"}],"replies":[{"embeddable":true,"href":"https:\/\/mersinkadingazetesi.com\/index.php?rest_route=%2Fwp%2Fv2%2Fcomments&post=34827"}],"version-history":[{"count":1,"href":"https:\/\/mersinkadingazetesi.com\/index.php?rest_route=\/wp\/v2\/posts\/34827\/revisions"}],"predecessor-version":[{"id":34829,"href":"https:\/\/mersinkadingazetesi.com\/index.php?rest_route=\/wp\/v2\/posts\/34827\/revisions\/34829"}],"wp:featuredmedia":[{"embeddable":true,"href":"https:\/\/mersinkadingazetesi.com\/index.php?rest_route=\/wp\/v2\/media\/34828"}],"wp:attachment":[{"href":"https:\/\/mersinkadingazetesi.com\/index.php?rest_route=%2Fwp%2Fv2%2Fmedia&parent=34827"}],"wp:term":[{"taxonomy":"category","embeddable":true,"href":"https:\/\/mersinkadingazetesi.com\/index.php?rest_route=%2Fwp%2Fv2%2Fcategories&post=34827"},{"taxonomy":"post_tag","embeddable":true,"href":"https:\/\/mersinkadingazetesi.com\/index.php?rest_route=%2Fwp%2Fv2%2Ftags&post=34827"}],"curies":[{"name":"wp","href":"https:\/\/api.w.org\/{rel}","templated":true}]}}