{"id":34830,"date":"2024-08-29T12:08:24","date_gmt":"2024-08-29T09:08:24","guid":{"rendered":"https:\/\/mersinkadingazetesi.com\/?p=34830"},"modified":"2024-08-29T12:08:25","modified_gmt":"2024-08-29T09:08:25","slug":"silifkede-zafere-kulac-atacaklar","status":"publish","type":"post","link":"https:\/\/mersinkadingazetesi.com\/?p=34830","title":{"rendered":"S\u0130L\u0130FKE\u2019DE ZAFERE KULA\u00c7 ATACAKLAR"},"content":{"rendered":"\n<p>&nbsp;&nbsp;&nbsp;&nbsp;&nbsp;&nbsp;&nbsp;&nbsp;&nbsp;&nbsp;&nbsp; Silifke Belediyesi taraf\u0131ndan, 30 A\u011fustos Zafer Bayram\u0131\u2019n\u0131n 102. y\u0131ld\u00f6n\u00fcm\u00fc dolay\u0131s\u0131yla y\u00fczme yar\u0131\u015f\u0131 d\u00fczenlenecek.<\/p>\n\n\n\n<p>&nbsp;&nbsp;&nbsp;&nbsp;&nbsp;&nbsp;&nbsp;&nbsp;&nbsp;&nbsp;&nbsp; Spor m\u00fcsabakalar\u0131ndan konserlere kadar d\u00fczenledi\u011fi bir\u00e7ok etkinlik ile 30 A\u011fustos\u2019u doya doya kutlayacak olan Silifke Belediyesi\u2019nin, bu anlaml\u0131 g\u00fcn\u00fcn an\u0131s\u0131na d\u00fczenleyece\u011fi y\u00fczme yar\u0131\u015f\u0131nda, her ya\u015f kategorisinde y\u00fcz\u00fcc\u00fcler ba\u015far\u0131 i\u00e7in kula\u00e7 atacak.<\/p>\n\n\n\n<p>&nbsp;&nbsp;&nbsp;&nbsp;&nbsp;&nbsp;&nbsp;&nbsp;&nbsp;&nbsp;&nbsp; 30 A\u011fustos 2024 tarihinde saat 10:00\u2019da Naim S\u00fcleymano\u011flu Yar\u0131 Olimpik Y\u00fczme Havuzunda d\u00fczenlenecek yar\u0131\u015fma, 6-7 ya\u015f, 8-9 ya\u015f, 10-12 ya\u015f, 13-15 ya\u015f, 16-18 ya\u015f ve 18+ ya\u015f kategorilerinde ger\u00e7ekle\u015ftirilecek. Ba\u015fvurular\u0131n 28-29 A\u011fustos 2024 tarihlerinde Naim S\u00fcleymano\u011flu Y\u00fczme Havuzu idaresine yap\u0131laca\u011f\u0131 belirtildi.<\/p>\n\n\n\n<p>Ba\u015fkan Turgut, \u2018Yar\u0131\u015fmac\u0131lar\u0131m\u0131za ba\u015far\u0131lar diliyorum\u2019<\/p>\n\n\n\n<p>&nbsp;&nbsp;&nbsp;&nbsp;&nbsp;&nbsp;&nbsp;&nbsp;&nbsp;&nbsp;&nbsp; Bu topraklar\u0131 vatan yapan kahramanlar\u0131 rahmet ve minnetle and\u0131klar\u0131n\u0131 dile getiren Silifke Belediye Ba\u015fkan\u0131 Dr. Mustafa Turgut, \u2018A\u011fustos ay\u0131 T\u00fcrk milleti i\u00e7in zaferler ay\u0131d\u0131r. Alt\u0131n sayfalar\u0131m\u0131z a\u011fustos ay\u0131nda yaz\u0131lm\u0131\u015ft\u0131r. Anafartalar Zaferi, B\u00fcy\u00fck Taarruz, Ba\u015fkomutanl\u0131k Meydan Muharebesi ve Zafer Bayram\u0131, bu topraklar\u0131n bizlere ebedi vatan yap\u0131ld\u0131\u011f\u0131 bayramlard\u0131r. Aziz kahramanlar\u0131m\u0131z\u0131 ba\u015fta Gazi Mustafa Kemal Atat\u00fcrk olmak \u00fczere rahmet ve minnetle an\u0131yoruz. Y\u00fczme Yar\u0131\u015f\u0131 etkinli\u011finde zaferi d\u00fc\u015f\u00fcnerek kula\u00e7 atacak her yar\u0131\u015fmac\u0131m\u0131za \u015fimdiden ba\u015far\u0131lar diliyorum.\u2019 ifadelerini kulland\u0131.<\/p>\n","protected":false},"excerpt":{"rendered":"<p>&nbsp;&nbsp;&nbsp;&nbsp;&nbsp;&nbsp;&nbsp;&nbsp;&nbsp;&nbsp;&nbsp; Silifke Belediyesi taraf\u0131ndan, 30 A\u011fustos Zafer Bayram\u0131\u2019n\u0131n 102. y\u0131ld\u00f6n\u00fcm\u00fc dolay\u0131s\u0131yla y\u00fczme yar\u0131\u015f\u0131 d\u00fczenlenecek. &nbsp;&nbsp;&nbsp;&nbsp;&nbsp;&nbsp;&nbsp;&nbsp;&nbsp;&nbsp;&nbsp; Spor m\u00fcsabakalar\u0131ndan konserlere kadar d\u00fczenledi\u011fi bir\u00e7ok etkinlik ile 30 A\u011fustos\u2019u doya doya kutlayacak olan Silifke Belediyesi\u2019nin, bu anlaml\u0131 g\u00fcn\u00fcn an\u0131s\u0131na d\u00fczenleyece\u011fi y\u00fczme yar\u0131\u015f\u0131nda, her ya\u015f kategorisinde y\u00fcz\u00fcc\u00fcler ba\u015far\u0131 i\u00e7in kula\u00e7 atacak. &nbsp;&nbsp;&nbsp;&nbsp;&nbsp;&nbsp;&nbsp;&nbsp;&nbsp;&nbsp;&nbsp; 30 A\u011fustos 2024 tarihinde saat 10:00\u2019da Naim S\u00fcleymano\u011flu [&hellip;]<\/p>\n","protected":false},"author":2,"featured_media":34831,"comment_status":"closed","ping_status":"closed","sticky":false,"template":"","format":"standard","meta":{"footnotes":""},"categories":[3,10],"tags":[],"class_list":["post-34830","post","type-post","status-publish","format-standard","has-post-thumbnail","hentry","category-manset","category-spor"],"views":17,"_links":{"self":[{"href":"https:\/\/mersinkadingazetesi.com\/index.php?rest_route=\/wp\/v2\/posts\/34830"}],"collection":[{"href":"https:\/\/mersinkadingazetesi.com\/index.php?rest_route=\/wp\/v2\/posts"}],"about":[{"href":"https:\/\/mersinkadingazetesi.com\/index.php?rest_route=\/wp\/v2\/types\/post"}],"author":[{"embeddable":true,"href":"https:\/\/mersinkadingazetesi.com\/index.php?rest_route=\/wp\/v2\/users\/2"}],"replies":[{"embeddable":true,"href":"https:\/\/mersinkadingazetesi.com\/index.php?rest_route=%2Fwp%2Fv2%2Fcomments&post=34830"}],"version-history":[{"count":1,"href":"https:\/\/mersinkadingazetesi.com\/index.php?rest_route=\/wp\/v2\/posts\/34830\/revisions"}],"predecessor-version":[{"id":34832,"href":"https:\/\/mersinkadingazetesi.com\/index.php?rest_route=\/wp\/v2\/posts\/34830\/revisions\/34832"}],"wp:featuredmedia":[{"embeddable":true,"href":"https:\/\/mersinkadingazetesi.com\/index.php?rest_route=\/wp\/v2\/media\/34831"}],"wp:attachment":[{"href":"https:\/\/mersinkadingazetesi.com\/index.php?rest_route=%2Fwp%2Fv2%2Fmedia&parent=34830"}],"wp:term":[{"taxonomy":"category","embeddable":true,"href":"https:\/\/mersinkadingazetesi.com\/index.php?rest_route=%2Fwp%2Fv2%2Fcategories&post=34830"},{"taxonomy":"post_tag","embeddable":true,"href":"https:\/\/mersinkadingazetesi.com\/index.php?rest_route=%2Fwp%2Fv2%2Ftags&post=34830"}],"curies":[{"name":"wp","href":"https:\/\/api.w.org\/{rel}","templated":true}]}}