{"id":34853,"date":"2024-08-30T12:37:04","date_gmt":"2024-08-30T09:37:04","guid":{"rendered":"https:\/\/mersinkadingazetesi.com\/?p=34853"},"modified":"2024-08-30T12:37:05","modified_gmt":"2024-08-30T09:37:05","slug":"baskan-secer-tarimsal-dagitim-toreninde-kazanli-halkiyla-bulustu","status":"publish","type":"post","link":"https:\/\/mersinkadingazetesi.com\/?p=34853","title":{"rendered":"BA\u015eKAN SE\u00c7ER, TARIMSAL DA\u011eITIM T\u00d6REN\u0130NDE KAZANLI HALKIYLA BULU\u015eTU"},"content":{"rendered":"\n<p>Mersin B\u00fcy\u00fck\u015fehir Belediyesi&#8217;nin tar\u0131msal \u00fcretimi desteklemek amac\u0131yla 2019 y\u0131l\u0131ndan bu yana s\u00fcrd\u00fcrd\u00fc\u011f\u00fc hizmetler h\u0131z kesmeden devam ediyor. Kentin d\u00f6rt bir yan\u0131ndaki \u00fcreticilere ihtiya\u00e7lar\u0131na y\u00f6nelik destekler sunan B\u00fcy\u00fck\u015fehir&#8217;in son adresi Kazanl\u0131 Mahallesi oldu. Mersin B\u00fcy\u00fck\u015fehir Belediye Ba\u015fkan\u0131 Vahap Se\u00e7er de Kazanl\u0131&#8217;da ger\u00e7ekle\u015ftirilen&nbsp;<strong>&#8216;Tar\u0131msal Destek Da\u011f\u0131t\u0131m T\u00f6reni&#8217;<\/strong>ne kat\u0131larak \u00fcreticilerle bulu\u015ftu.<\/p>\n\n\n\n<p>T\u00f6ren kapsam\u0131nda 3 bin \u00fcreticiye sera ipi, bin \u00fcreticiye yap\u0131\u015fkan tuzak,&nbsp;<strong>&#8216;Akdeniz Meyve Sine\u011fine Kar\u015f\u0131 Hidrolize Protein Da\u011f\u0131t\u0131m\u0131 Projesi&#8217;<\/strong>&nbsp;kapsam\u0131nda 888 narenciye \u00fcreticisine 14 bin 170 litre hidrolize protein ve Akdeniz Ziraat Odas\u0131&#8217;na 1 adet toprak analiz cihaz\u0131 deste\u011fi yap\u0131ld\u0131.<\/p>\n\n\n\n<p><strong>&#8220;B\u00fct\u00fcn kurumlar i\u015fini yapacak, \u00f6yle olursa sonu\u00e7 al\u0131n\u0131r&#8221;<\/strong><\/p>\n\n\n\n<p>Konu\u015fmas\u0131na ba\u015flarken farkl\u0131 siyasi partilerden insanlar\u0131n t\u00f6rene kat\u0131ld\u0131\u011f\u0131n\u0131n alt\u0131n\u0131 \u00e7izen Ba\u015fkan Se\u00e7er,&nbsp;<strong>&#8220;\u0130\u015fte demokrasi bu. Herkesin belediyesi Mersin B\u00fcy\u00fck\u015fehir Belediyesi&#8217;nin toplant\u0131lar\u0131na herkesin kat\u0131lmas\u0131n\u0131 arzu ederiz. Biz herkesin Belediyesi&#8217;yiz ve herkesin Belediye Ba\u015fkan\u0131&#8217;y\u0131z&#8221;&nbsp;<\/strong>s\u00f6zlerine yer verdi. Tar\u0131msal da\u011f\u0131t\u0131m\u0131n yap\u0131ld\u0131\u011f\u0131 Kazanl\u0131 ve Adanal\u0131o\u011flu&#8217;nun \u00f6rt\u00fc alt\u0131 sera b\u00f6lgesi oldu\u011funa dikkat \u00e7eken ve serac\u0131l\u0131\u011fa y\u00f6nelik destekler yapacaklar\u0131n\u0131 belirten Se\u00e7er, t\u00fcm \u00fcreticilere desteklerin hay\u0131rl\u0131 olmas\u0131 dile\u011finde bulundu.Bu y\u0131l ilk kez hidrolize protein deste\u011fi yapacaklar\u0131n\u0131n alt\u0131n\u0131 \u00e7izen Se\u00e7er,&nbsp;<strong>&#8220;Akdeniz meyve sine\u011fi bu b\u00f6lgenin \u00e7ok zarar veren, \u00e7ift\u00e7inin ma\u011fduriyetini ortaya \u00e7\u0131karan bir zararl\u0131 haline geldi. Bizim bu yapaca\u011f\u0131m\u0131z katk\u0131larla bu sorun \u00e7\u00f6z\u00fclmez, onu s\u00f6yleyeyim. B\u00fct\u00fcn kurumlar i\u015fini yapacak, \u00f6yle olursa sonu\u00e7 al\u0131n\u0131r, \u00f6yle olursa refah devleti, refah \u00fclkesi oluruz. Herkes kendi kafas\u0131na g\u00f6re giderse, \u00fclkede siyasi iktidarlar siyaseti h\u00e2kim k\u0131larsa, liyakatin olmad\u0131\u011f\u0131 insanlar lay\u0131k olmad\u0131\u011f\u0131 g\u00f6reve getirilirse i\u015fte akdeniz meyve sine\u011finin pop\u00fclasyonu da artar&#8221;&nbsp;<\/strong>dedi.<\/p>\n\n\n\n<p><strong>&#8220;Sizin paran\u0131z\u0131 size harc\u0131yoruz&#8221;<\/strong><\/p>\n\n\n\n<p>Yapt\u0131klar\u0131 desteklerin tamam\u0131n\u0131n halk\u0131n paras\u0131yla yap\u0131ld\u0131\u011f\u0131n\u0131 s\u00f6yleyen Se\u00e7er,&nbsp;<strong>&#8220;Sizin paran\u0131z\u0131 size harc\u0131yoruz. Siz bize y\u00fczde 60 oy verdiniz. Demokrasilerde s\u0131nav yeri sand\u0131kt\u0131r, istedi\u011finiz kadar konu\u015fun. Derler ki;&nbsp;<em>&#8216;Karneni g\u00f6ster&#8217;<\/em>. Mersin halk\u0131 bizim karnemizi verdi,&nbsp;<em>&#8216;devam&#8217;&nbsp;<\/em>dedi. Hizmetlerimize devam ediyoruz&#8221;&nbsp;<\/strong>diye konu\u015ftu. Se\u00e7er,&nbsp;<strong>&#8220;Geceni g\u00fcnd\u00fcz\u00fcne kat\u0131yorsun, al\u0131n teri d\u00f6k\u00fcyorsun, emek ediyorsun, hizmet yap\u0131yorsun ama her \u015feyden \u00f6nemlisi insan\u0131n kalbine giriyorsun, sevgisini kazan\u0131yorsun. B\u00f6yle al\u0131rs\u0131n bu oyu&#8221;<\/strong>&nbsp;diye konu\u015ftu.<\/p>\n\n\n\n<p><strong>&#8220;Mersin&#8217;de insanlar nas\u0131l huzurlu ve memnunsa T\u00fcrkiye&#8217;de de memnun olacak&#8221;<\/strong><\/p>\n\n\n\n<p>Mozaik bir \u015fehir olan Mersin&#8217;de oy verenin de vermeyenin de mutlu, huzurlu oldu\u011funun alt\u0131n\u0131 \u00e7izen Se\u00e7er,&nbsp;<strong>&#8220;Herkes&nbsp;<em>&#8216;Oy vermedik ama partimizden dolay\u0131 vermedik ama huzurluyuz&#8217;&nbsp;<\/em>diyor. \u00c7\u00fcnk\u00fc bu memlekette adalet ve huzur var, ayr\u0131mc\u0131l\u0131k yok.&nbsp;<em>&#8216;Bu k\u00f6y bana oy verdi, bu k\u00f6y vermedi, bunun yolunu yapar\u0131m, bununkini yapmam&#8217;<\/em>&nbsp;yok&#8221;<\/strong>&nbsp;diyerek, kentin do\u011fusundan bat\u0131s\u0131na her yerinden kendisine bu sayede oy \u00e7\u0131kt\u0131\u011f\u0131n\u0131 vurgulad\u0131. Se\u00e7im d\u00f6nemi ne yap\u0131l\u0131rsa yap\u0131ls\u0131n yurtta\u015f\u0131n kendisine oy verdi\u011fini belirten Se\u00e7er,&nbsp;<strong>&#8220;Bakt\u0131lar ki bu insan da vatan evlad\u0131, bu insan da vatan\u0131n\u0131 milletini seviyor, Mustafa Kemal Atat\u00fcrk&#8217;\u00fcn izinden gidiyor. Bak\u0131n oradan da oy verdiler. Art\u0131k kara propaganda tutmuyor. Bunu da genel se\u00e7imlerle ta\u00e7land\u0131raca\u011f\u0131z, \u00fclkeyi y\u00f6netece\u011fiz. Mersin&#8217;de nas\u0131l insanlar memnun ve huzurluysa T\u00fcrkiye&#8217;de de memnun olacak, T\u00fcrkiye&#8217;ye de huzur getirece\u011fiz&#8221;<\/strong>&nbsp;dedi.<\/p>\n\n\n\n<p><strong>&#8220;G\u0131da olmazsa tar\u0131m, \u00fcretim olmazsa ya\u015fam olmaz&#8221;<\/strong><\/p>\n\n\n\n<p>Tar\u0131m\u0131n T\u00fcrkiye&#8217;de \u00e7ok b\u00fcy\u00fck bir alan oldu\u011funu belirten Se\u00e7er,&nbsp;<strong>&#8220;G\u0131da olmazsa tar\u0131m, \u00fcretim olmazsa ya\u015fam olmaz. Ya\u015fam\u0131n parasal de\u011feri, bedeli \u00f6l\u00e7\u00fclebilir mi? \u00c7ocuklar\u0131m\u0131z\u0131n, torunlar\u0131m\u0131z\u0131n sa\u011fl\u0131kl\u0131 olabilmesi i\u00e7in \u00fclkemizin \u00fcretmesi laz\u0131m. \u00dclkemizin d\u0131\u015fa ba\u011f\u0131ml\u0131 olmamas\u0131 laz\u0131m. Bu bilin\u00e7te oldu\u011fumuz i\u00e7in bu destekleri yap\u0131yoruz&#8221;<\/strong>&nbsp;ifadelerine yer verdi.<\/p>\n\n\n\n<p><strong>&#8220;D\u00fcnyan\u0131n neresine giderseniz gidin devlet \u00e7ift\u00e7iye destek verir. T\u00fcrkiye&#8217;de de b\u00f6yle olmak zorunda&#8221;<\/strong><\/p>\n\n\n\n<p>Se\u00e7er, Mersin B\u00fcy\u00fck\u015fehir Belediyesi olarak 2024 y\u0131l\u0131nda tar\u0131ma toplam 119 milyon lira b\u00fct\u00e7e ay\u0131rd\u0131klar\u0131n\u0131 aktararak, bu desteklerin her ge\u00e7en y\u0131l ve 2025&#8217;te de artarak devam edece\u011fini vurgulad\u0131. Se\u00e7er, her b\u00f6lgeye ayr\u0131m yapmadan hizmet g\u00f6t\u00fcrmeyi s\u00fcrd\u00fcrd\u00fcklerinden bahsederek, 5 y\u0131ll\u0131k deneyimleri \u0131\u015f\u0131\u011f\u0131nda her b\u00f6lgenin de ihtiyac\u0131na g\u00f6re olan destekleri verdiklerini aktard\u0131. D\u00fcnyan\u0131n neresine gidilirse gidilsin desteklenmeyen \u00e7ift\u00e7inin \u00fcretemez oldu\u011funu kaydeden Se\u00e7er,&nbsp;<strong>&#8220;Mazot, g\u00fcbre ve zirai ila\u00e7 pahal\u0131. D\u00fcnyan\u0131n neresine giderseniz gidin devlet mutlaka \u00e7ift\u00e7iye destek verir. Bu Amerika&#8217;da da Avrupa&#8217;da da b\u00f6yle, T\u00fcrkiye&#8217;de de b\u00f6yle olmak zorunda. Ama bu \u00fclkelerin bizden fark\u0131 \u015fu; istikrarl\u0131 bir tar\u0131m politikalar\u0131 var. Bizde her alanda oldu\u011fu gibi bunda da b\u00fcy\u00fck s\u0131k\u0131nt\u0131 var&#8221;&nbsp;<\/strong>dedi.<\/p>\n\n\n\n<p><strong>Se\u00e7er&#8217;den iktidara; &#8220;5 y\u0131lda neler yapt\u0131k, 25 y\u0131lda daha neler yapar\u0131z&#8221;<\/strong><\/p>\n\n\n\n<p>Hi\u00e7bir iktidara bir \u00fclkeyi \u00e7eyrek as\u0131r y\u00f6netmenin nasip olmayaca\u011f\u0131na de\u011finerek, iktidara y\u00f6nelik sert ele\u015ftirilerde bulunan Se\u00e7er,&nbsp;<strong>&#8220;25 y\u0131l bir \u015fehri, bir \u00fclkeyi ihya etmek i\u00e7in \u00e7ok uzun bir s\u00fcre. 5 y\u0131lda neler yapt\u0131k, 25 y\u0131lda daha neler yapar\u0131z. \u00c7ok \u015fey yap\u0131l\u0131r ama iktidara bak\u0131n, \u00e7eyrek as\u0131rda 2 ileri 1 geri. \u00d6nceden Tar\u0131m Bakan\u0131&#8217;n\u0131n ismini \u00e7ift\u00e7i ezbere bilirdi. \u015eimdi soray\u0131m, biriniz bilmezsiniz ama \u00f6nceden bilirdiniz, s\u0131k\u0131 takip ederdiniz. Biri geliyor, biri gidiyor&#8221;&nbsp;<\/strong>diye konu\u015ftu.<\/p>\n\n\n\n<p><strong>&#8220;T\u00fcrkiye tar\u0131m\u0131 22 y\u0131lda yaz-boz tahtas\u0131na d\u00f6nd\u00fc&#8221;<\/strong><\/p>\n\n\n\n<p>Bakanl\u0131klar\u0131n da atama usul\u00fcyle yap\u0131ld\u0131\u011f\u0131 i\u00e7in yap boz tahtas\u0131na d\u00f6nd\u00fc\u011f\u00fc ele\u015ftirisinde bulunan Se\u00e7er, uygulanan ve s\u00fcreklili\u011fi sa\u011flanamayan tar\u0131m politikalar\u0131 y\u00fcz\u00fcnden \u00e7ift\u00e7inin \u00e7ok zor durumda oldu\u011funa i\u015faret ederek,&nbsp;<strong>&#8220;Hi\u00e7 sorumlulu\u011fu da yok, sadece bir ki\u015fiye sorumlu. Tekrar bir de\u011fi\u015fiklik yapm\u0131\u015flar; yaz-boz tahtas\u0131. G\u00fcbre ve mazot deste\u011fi kalkt\u0131. \u015eimdi onun ismini de\u011fi\u015ftirdiler, \u00f6nceden do\u011frudan destek modeli, \u00fcr\u00fcne destek, havza bazl\u0131 destek modeli vard\u0131. De\u011fi\u015fik de\u011fi\u015fik modeller vard\u0131. T\u00fcrkiye tar\u0131m\u0131 22 y\u0131lda yaz-boz tahtas\u0131na d\u00f6nd\u00fc. Sanki T\u00fcrkiye bir laboratuvar, gelen Bakanlar da asistan. Daha yeni \u00f6\u011freniyor, gayret ediyor ve bunun \u00fczerinde tar\u0131m\u0131 \u00f6\u011frenmeye \u00e7al\u0131\u015f\u0131yorlar. Bu \u00e7ift\u00e7iye yaz\u0131kt\u0131r, g\u00fcnaht\u0131r. Bir \u00fclkenin, hele hele 86 milyon n\u00fcfusu, verimli topraklar\u0131, 3 bine yak\u0131n endemik bitkisi olan ve bir\u00e7ok \u00f6nemli bitkinin ana vatan\u0131 olan Anadolu topraklar\u0131 \u00fczerindeki bir \u00fclkenin istikrarl\u0131 bir tar\u0131m politikas\u0131 yoksa yaz\u0131kt\u0131r, g\u00fcnaht\u0131r&#8221;&nbsp;<\/strong>ifadelerine yer verdi.<\/p>\n\n\n\n<p><strong>&#8220;Uyumun olmad\u0131\u011f\u0131 yerde bereket olmaz&#8221;<\/strong><\/p>\n\n\n\n<p><strong><em>&#8216;Mersin B\u00fcy\u00fck\u015fehir Belediyesi olarak tar\u0131m desteklerini art\u0131rarak devam ettirece\u011fiz.&#8217;&nbsp;<\/em><\/strong>diye konu\u015farak s\u00f6zlerine devam eden Se\u00e7er, serac\u0131lara, meyve ve sebze \u00fcreticilerine, b\u00fcy\u00fckba\u015f hayvan yeti\u015ftiricilerine, ar\u0131c\u0131lara ve bal\u0131k\u00e7\u0131lara olmak \u00fczere \u00fcretimin her kademesinde yer alan \u00e7ift\u00e7i ve \u00fcreticinin Mersin B\u00fcy\u00fck\u015fehir olarak yanlar\u0131nda olduklar\u0131n\u0131 vurgulad\u0131. Se\u00e7er,<strong>&nbsp;&#8220;Biz \u00e7al\u0131\u015fan\u0131, \u00fcreteni, bu \u00fclkeye katk\u0131 sunanlar\u0131 seviyoruz ve onlar\u0131n da yan\u0131nday\u0131z. Kimsenin bir endi\u015fesi olmas\u0131n&#8221;&nbsp;<\/strong>dedi. Yurtta\u015fta var olan memnuniyeti art\u0131rarak devam ettireceklerini kaydeden Se\u00e7er, il\u00e7e belediyeleri ile uyum ve huzur i\u00e7erisinde \u00e7al\u0131\u015fman\u0131n \u00f6nemine vurgu yapt\u0131. Akdeniz Belediyesi ile de ayn\u0131 uyumu yakalad\u0131klar\u0131n\u0131 ve birlikte hizmet \u00fcrettiklerini dile getiren Se\u00e7er,&nbsp;<strong>&#8220;Uyumun olmad\u0131\u011f\u0131, kavgan\u0131n ve huzursuzlu\u011fun oldu\u011fu yerde bereket olmaz. Biz huzurlu ve uyum i\u00e7erisinde \u00e7al\u0131\u015fmak istiyoruz. Halk\u0131n oy verdi\u011fi ve se\u00e7ti\u011fi her ba\u015fkan; bu AK Partilidir, DEM Partilidir, Milliyet\u00e7i Hareket Partilidir, \u0130Y\u0130 Partilidir; Cumhuriyet Halk Partili olmas\u0131 \u015fart de\u011fil. \u015eehri i\u00e7in \u00e7al\u0131\u015f\u0131yorsa, B\u00fcy\u00fck\u015fehir Ba\u015fkan\u0131&#8217;na yak\u0131\u015fan, yara\u015fan onunla i\u015fbirli\u011fi yapmak, onun i\u015fini kolayla\u015ft\u0131rmak. Bundan vatanda\u015f yararlanacakt\u0131r&#8221;&nbsp;<\/strong>diye konu\u015ftu.<\/p>\n\n\n\n<p><strong>&#8220;Bizde ayr\u0131mc\u0131l\u0131k yok. Bunu siyasetten kaz\u0131yaca\u011f\u0131z&#8221;<\/strong><\/p>\n\n\n\n<p>5 y\u0131l boyunca Mersin&#8217;in her k\u00f6\u015fesine e\u015fit hizmet g\u00f6t\u00fcrd\u00fcklerinin alt\u0131n\u0131 \u00e7izen Se\u00e7er,&nbsp;<strong>&#8220;Bizde ayr\u0131mc\u0131l\u0131k yok. Bizde;&nbsp;<em>&#8216;sen falan etnik k\u00f6kendensin, sen falan partidesin&#8217;<\/em>&nbsp;yok. Bizim kitab\u0131m\u0131zda yazmaz. Bunu siyasetten kaz\u0131yaca\u011f\u0131z. Bu \u00fclke ne kaybediyorsa, ay\u0131rmak, \u00f6tekile\u015ftirmek, insanlar\u0131 kategorize etmekten kaybediyor. Biz huzurlu bir kentte, Mersin&#8217;de ya\u015f\u0131yoruz. Mersin huzur, huzurlu insanlar\u0131n, \u00e7al\u0131\u015fan ve \u00fcreten insanlar\u0131n kentidir. Onun i\u00e7in Mersin bereketli bir kenttir. Her yerde&nbsp;<em>&#8216;Mersinliyim&#8217;<\/em>&nbsp;demekten gurur duyun. Mersin daha g\u00fc\u00e7lenecek. Yap\u0131lan yat\u0131r\u0131mlarla, birbirimizi severek, kollayarak bunu ba\u015faraca\u011f\u0131z&#8221;<\/strong>&nbsp;dedi.<\/p>\n\n\n\n<p>Homurlu, Adanal\u0131o\u011flu B\u00f6lgesi&#8217;nden Kazanl\u0131&#8217;ya kadar kanalizasyon \u00e7al\u0131\u015fmalar\u0131n\u0131n da ba\u015flad\u0131\u011f\u0131n\u0131 duyuran Se\u00e7er,&nbsp;<strong>&#8220;O b\u00f6lgenin tamamen kanalizasyon sorununu \u00e7\u00f6z\u00fcyoruz. Yol konusunda eksik olan her \u015fey de hi\u00e7 merak etmeyin, t\u0131k\u0131r t\u0131k\u0131r program dahilinde yap\u0131lacak&#8221;&nbsp;<\/strong>diye konu\u015ftu. Mersin&#8217;de daha g\u00fczel bir ya\u015fam\u0131 ve daha fazla mutlulu\u011fu hakim k\u0131lmak i\u00e7in \u00e7al\u0131\u015fmaya devam edeceklerini vurgulayan Se\u00e7er, her zaman kendisini destekleyen Mersinli yurtta\u015flara te\u015fekk\u00fcr ederek konu\u015fmas\u0131n\u0131 sonland\u0131rd\u0131.<\/p>\n\n\n\n<p>Programda; Cumhuriyet Halk Partisi (CHP) Mersin Milletvekili G\u00fclcan K\u0131\u015f, Akdeniz Ziraat Odas\u0131 Ba\u015fkan\u0131 Musa Y\u0131lmaz, Adanal\u0131o\u011flu Limonlu Mahalle Muhtar\u0131 \u0130sa Sakar, Cumhuriyet Mahallesi Muhtar\u0131 G\u00f6khan B\u00fcber, sera ipli\u011fi projesi deste\u011finden faydalanan Nergis Do\u011fu\u015f \u015eim\u015fek, \u00f6rt\u00fc alt\u0131 yeti\u015ftiricilerine yap\u0131\u015fkan tuzak deste\u011fi projesinden faydalanan Ela Y\u0131lmaz, narenciye \u00fcreticilerini Akdeniz meyve sine\u011fine kar\u015f\u0131 hidrolize protein deste\u011fi projesinden faydalanan \u00fcretici Vedat Veli Akdo\u011fan da birer konu\u015fma yapt\u0131lar.<\/p>\n\n\n\n<p>Program; konu\u015fmalar\u0131n ard\u0131ndan temsili da\u011f\u0131t\u0131m t\u00f6reniyle sona erdi.<\/p>\n","protected":false},"excerpt":{"rendered":"<p>Mersin B\u00fcy\u00fck\u015fehir Belediyesi&#8217;nin tar\u0131msal \u00fcretimi desteklemek amac\u0131yla 2019 y\u0131l\u0131ndan bu yana s\u00fcrd\u00fcrd\u00fc\u011f\u00fc hizmetler h\u0131z kesmeden devam ediyor. Kentin d\u00f6rt bir yan\u0131ndaki \u00fcreticilere ihtiya\u00e7lar\u0131na y\u00f6nelik destekler sunan B\u00fcy\u00fck\u015fehir&#8217;in son adresi Kazanl\u0131 Mahallesi oldu. Mersin B\u00fcy\u00fck\u015fehir Belediye Ba\u015fkan\u0131 Vahap Se\u00e7er de Kazanl\u0131&#8217;da ger\u00e7ekle\u015ftirilen&nbsp;&#8216;Tar\u0131msal Destek Da\u011f\u0131t\u0131m T\u00f6reni&#8217;ne kat\u0131larak \u00fcreticilerle bulu\u015ftu. T\u00f6ren kapsam\u0131nda 3 bin \u00fcreticiye sera ipi, bin [&hellip;]<\/p>\n","protected":false},"author":2,"featured_media":34854,"comment_status":"closed","ping_status":"closed","sticky":false,"template":"","format":"standard","meta":{"footnotes":""},"categories":[34,2,3,5],"tags":[],"class_list":["post-34853","post","type-post","status-publish","format-standard","has-post-thumbnail","hentry","category-flas-haber","category-gundem","category-manset","category-mersin"],"views":12,"_links":{"self":[{"href":"https:\/\/mersinkadingazetesi.com\/index.php?rest_route=\/wp\/v2\/posts\/34853"}],"collection":[{"href":"https:\/\/mersinkadingazetesi.com\/index.php?rest_route=\/wp\/v2\/posts"}],"about":[{"href":"https:\/\/mersinkadingazetesi.com\/index.php?rest_route=\/wp\/v2\/types\/post"}],"author":[{"embeddable":true,"href":"https:\/\/mersinkadingazetesi.com\/index.php?rest_route=\/wp\/v2\/users\/2"}],"replies":[{"embeddable":true,"href":"https:\/\/mersinkadingazetesi.com\/index.php?rest_route=%2Fwp%2Fv2%2Fcomments&post=34853"}],"version-history":[{"count":1,"href":"https:\/\/mersinkadingazetesi.com\/index.php?rest_route=\/wp\/v2\/posts\/34853\/revisions"}],"predecessor-version":[{"id":34855,"href":"https:\/\/mersinkadingazetesi.com\/index.php?rest_route=\/wp\/v2\/posts\/34853\/revisions\/34855"}],"wp:featuredmedia":[{"embeddable":true,"href":"https:\/\/mersinkadingazetesi.com\/index.php?rest_route=\/wp\/v2\/media\/34854"}],"wp:attachment":[{"href":"https:\/\/mersinkadingazetesi.com\/index.php?rest_route=%2Fwp%2Fv2%2Fmedia&parent=34853"}],"wp:term":[{"taxonomy":"category","embeddable":true,"href":"https:\/\/mersinkadingazetesi.com\/index.php?rest_route=%2Fwp%2Fv2%2Fcategories&post=34853"},{"taxonomy":"post_tag","embeddable":true,"href":"https:\/\/mersinkadingazetesi.com\/index.php?rest_route=%2Fwp%2Fv2%2Ftags&post=34853"}],"curies":[{"name":"wp","href":"https:\/\/api.w.org\/{rel}","templated":true}]}}