{"id":34859,"date":"2024-08-30T12:40:22","date_gmt":"2024-08-30T09:40:22","guid":{"rendered":"https:\/\/mersinkadingazetesi.com\/?p=34859"},"modified":"2024-08-30T12:40:22","modified_gmt":"2024-08-30T09:40:22","slug":"mersin-ve-klaipedanin-kiyi-direncini-artirmak-icin-calismalar-suruyor","status":"publish","type":"post","link":"https:\/\/mersinkadingazetesi.com\/?p=34859","title":{"rendered":"MERS\u0130N VE KLAIPEDA&#8217;NIN KIYI D\u0130RENC\u0130N\u0130 ARTIRMAK \u0130\u00c7\u0130N \u00c7ALI\u015eMALAR S\u00dcR\u00dcYOR"},"content":{"rendered":"\n<p>Mersin B\u00fcy\u00fck\u015fehir Belediyesi \u00c7evre Koruma ve Kontrol Dairesi Ba\u015fkanl\u0131\u011f\u0131&#8217;n\u0131n T\u00fcrkiye ile Avrupa Birli\u011fi Aras\u0131nda \u015eehir E\u015fle\u015ftirme II (Ye\u015fil Bir Gelecek \u0130\u00e7in E\u015fle\u015ftirme) hibe Program\u0131 TTGS-II kapsam\u0131nda hibe almaya hak kazand\u0131\u011f\u0131 &#8216;Ye\u015fil Bir Gelecek \u0130\u00e7in Liman \u015eehirleri Ortakl\u0131\u011f\u0131&#8217; projesi kapsam\u0131nda &#8220;\u0130klim De\u011fi\u015fikli\u011finin K\u0131y\u0131 B\u00f6lgelerine Etkileri \u0130sti\u015fare Toplant\u0131s\u0131&#8217; d\u00fczenlendi.<\/p>\n\n\n\n<p>Divan Otel&#8217;de d\u00fczenlenen toplant\u0131da, projenin payda\u015f kurumlar\u0131 ODT\u00dc ve MTSO temsilcilerinin yan\u0131 s\u0131ra kentte faaliyet y\u00fcr\u00fcten sivil toplum \u00f6rg\u00fctleri, oda ve dernek temsilcileri de kat\u0131ld\u0131. Klaipeda Belediyesi ve Klaipeda \u00dcniversitesi&#8217;nin de yer ald\u0131\u011f\u0131 proje faaliyetlerinden biri olarak yap\u0131lan \u00e7al\u0131\u015ftayda a\u00e7\u0131l\u0131\u015f konu\u015fmalar\u0131n\u0131n ard\u0131ndan sunumlar ger\u00e7ekle\u015ftirildi. \u0130klim De\u011fi\u015fikli\u011finin K\u0131y\u0131 B\u00f6lgelerine Etkisi, K\u0131y\u0131 Diren\u00e7lili\u011fi: Kavram ve Uygulamalar, Mersin&#8217;de \u0130klim De\u011fi\u015fikli\u011fi, Mersin&#8217;de K\u0131y\u0131 Diren\u00e7lili\u011fi i\u00e7in Risk Analizi ve \u00d6nceliklendirme, Ekonomik ve Sosyal Etkiler: Deniz Ta\u015f\u0131mac\u0131l\u0131\u011f\u0131, Turizm, Bal\u0131k\u00e7\u0131l\u0131k ve Su \u00dcr\u00fcnleri, K\u0131y\u0131sal Tar\u0131m \u00fczerine konu\u015fulurken, yol haritas\u0131n\u0131n belirlenmesine y\u00f6nelik g\u00f6r\u00fc\u015f ve \u00f6neriler de al\u0131nd\u0131. Projenin amac\u0131; hem k\u0131y\u0131 hem de liman \u015fehri olan Mersin ve Litvanya&#8217;n\u0131n Klaipeda \u015fehrinde \u00e7evre ve iklim olumsuzluklar\u0131na kar\u015f\u0131 k\u0131y\u0131 direncini artt\u0131rmak i\u00e7in bir yol haritas\u0131 olu\u015fturulacak. Yap\u0131lan toplant\u0131lar ve \u00e7al\u0131\u015ftaylardan \u00e7\u0131kan sonu\u00e7lar raporlanarak Avrupa Birli\u011fi&#8217;ne sunulacak.<\/p>\n\n\n\n<p>Dr. Halisdemir: &#8220;Litvanya&#8217;n\u0131n Klaipeda \u015fehri ile bir ortak proje ger\u00e7ekle\u015ftiriyoruz&#8221;<\/p>\n\n\n\n<p>Mersin B\u00fcy\u00fck\u015fehir Belediyesi \u00c7evre Koruma ve Kontrol Dairesi Ba\u015fkan\u0131 Dr. B\u00fclent Halisdemir, B\u00fcy\u00fck\u015fehir Belediyesi olarak Avrupa&#8217;da ses getirecek projeler \u00fczerinde \u00e7al\u0131\u015ft\u0131klar\u0131n\u0131 kaydetti. Bu projeler aras\u0131nda \u015fehir e\u015fle\u015ftirme projeleri oldu\u011funa de\u011finen Dr. Halisdemir, &#8220;Litvanya&#8217;n\u0131n bir k\u0131y\u0131 ve liman kenti olan Klaipeda \u015fehri ile bir ortak proje ger\u00e7ekle\u015ftiriyoruz. Bu proje yakla\u015f\u0131k 1 y\u0131ll\u0131k bir proje. Projemizin sonlar\u0131na do\u011fru yakla\u015fmaya ba\u015flad\u0131k. Bir\u00e7ok etkinlik, faaliyet ve uygulama yap\u0131yoruz. Bu uygulamalar\u0131m\u0131zdan ve \u00e7al\u0131\u015fmalar\u0131m\u0131zdan bir tanesi de; bug\u00fcn burada ger\u00e7ekle\u015ftirdi\u011fimiz yerel y\u00f6netimler, Mersinimizdeki yer alan \u00fcniversitelerimizdeki de\u011ferli akademisyenler, STK&#8217;larla olu\u015fturdu\u011fumuz \u00e7al\u0131\u015ftay&#8221; dedi.<\/p>\n\n\n\n<p>Dr. Halisdemir, bir k\u0131y\u0131 kenti olan Mersin&#8217;in iklim de\u011fi\u015fikli\u011finden ilk etkilenen \u015fehirlerden birisi oldu\u011funu ifade ederek, denizin ve iklimin olumsuz etkilerinden do\u011frudan etkilenen bir \u015fehir oldu\u011fu i\u00e7in de diren\u00e7lili\u011fi konusuna \u00f6nem verdiklerinden bahsetti. Dr. Halisdemir, Mersin&#8217;in diren\u00e7li bir kent haline gelmesi i\u00e7in \u00e7ok \u00e7al\u0131\u015ft\u0131klar\u0131n\u0131 ve bu ger\u00e7ekle\u015ftirilen \u00e7al\u0131\u015ftay\u0131 planlad\u0131klar\u0131n\u0131 da aktararak, Mersin&#8217;in yerel akt\u00f6rlerinin fikirlerini almak istediklerine vurgu yapt\u0131. Dr. Halisdemir, &#8220;De\u011ferli akademisyenlerin \u00f6nerilerini, yapm\u0131\u015f olduklar\u0131 bilimsel yay\u0131nlar\u0131 tart\u0131\u015f\u0131yoruz. O yay\u0131nlardan \u00e7\u0131kacak raporlar\u0131 teknik ekibimizle de\u011ferlendirece\u011fiz, birle\u015ftirilmi\u015f bir rapor haline getirece\u011fiz, Avrupa Birli\u011fi&#8217;ne sunaca\u011f\u0131z ve payda\u015f \u015fehrimiz olan Klaipeda \u015fehrimize &#8216;iyi uygulama&#8217; olarak g\u00f6nderece\u011fiz. Yap\u0131lmas\u0131 gerekenleri de kendimize ders \u00e7\u0131karaca\u011f\u0131z ve yapabildi\u011fimizi yapaca\u011f\u0131z. Yetki alan\u0131m\u0131z\u0131n d\u0131\u015f\u0131nda kalan yerleri de yasa koyuculara, yetkili kurumlara g\u00f6ndererek bunlar\u0131n rafta kalan projeler de\u011fil de uygulanabilir projeler olmas\u0131 i\u00e7in m\u00fccadele edece\u011fiz&#8221; diye konu\u015ftu.<\/p>\n\n\n\n<p>E\u015fle\u015ftirme projesinde bir\u00e7ok faaliyeti bitirdiklerine de\u011finen Dr. Halisdemir, &#8220;Anketler ve \u00e7al\u0131\u015ftaylar yapt\u0131k, bilimsel raporlar haz\u0131rlad\u0131k ve \u015fu anda bunlar\u0131 derliyoruz. Derledi\u011fimiz raporlar sonucunda \u00f6n\u00fcm\u00fczdeki aylarda bir kapan\u0131\u015f toplant\u0131s\u0131 yapaca\u011f\u0131z. Bu kapan\u0131\u015f toplant\u0131s\u0131nda da b\u00fct\u00fcn faaliyetlerimizi kamuoyuyla payla\u015faca\u011f\u0131z, Avrupa Birli\u011fi&#8217;ne sunaca\u011f\u0131z. Bunu 3 dilde yapaca\u011f\u0131z ve 3 dilde yay\u0131nlad\u0131ktan sonra da projemizi bitirece\u011fiz. O zaman kamuoyuna projede elde etti\u011fimiz \u00e7\u0131kt\u0131lar\u0131 verilerle anlatm\u0131\u015f olaca\u011f\u0131z&#8221; ifadelerine yer verdi.<\/p>\n\n\n\n<p>Do\u00e7. Dr. Demir: &#8220;Bu \u00e7al\u0131\u015ftay, kente \u00f6nemli katk\u0131lar sa\u011flayaca\u011f\u0131 i\u00e7in \u00f6nemli buluyorum&#8221;<\/p>\n\n\n\n<p>Mersin \u00dcniversitesi M\u00fchendislik Fak\u00fcltesi \u00c7evre M\u00fchendisli\u011fi B\u00f6l\u00fcm\u00fc \u00f6\u011fretim elemanlar\u0131ndan Do\u00e7. Dr. Aydeniz Demir de projenin bir Avrupa Birli\u011fi projesi oldu\u011fundan s\u00f6z etti. K\u0131y\u0131 kenti olan Mersin&#8217;de de \u00f6zellikle de son y\u0131llarda iklim de\u011fi\u015fikli\u011fi ile ilgili \u00e7ok ciddi sorunlar ya\u015fand\u0131\u011f\u0131n\u0131 kaydeden Do\u00e7 Dr. Demir, kentte de bunun etkilerinin bizzat hissedilmesinden dolay\u0131 toplant\u0131n\u0131n \u00e7ok \u00f6nemli oldu\u011funa vurgu yaparak, &#8220;\u0130klim de\u011fi\u015fikli\u011fine diren\u00e7li kentler olu\u015fturmak a\u00e7\u0131s\u0131ndan \u00e7ok \u00f6nemli bir toplant\u0131. Beni de davet ettikleri i\u00e7in B\u00fcy\u00fck\u015fehir Belediyesi&#8217;ne ve projeyi ger\u00e7ekle\u015ftirenlere te\u015fekk\u00fcr ediyorum. &#8216;Mersin k\u00f6rfezi \u00f6zellikle T\u00fcrkiye&#8217;de iklim de\u011fi\u015fikli\u011finden en \u00e7ok etkilenecek alanlardan bir tanesi ve buna ba\u011fl\u0131 olarak kent olarak neler yap\u0131labilir?&#8217; konusunun konu\u015fuldu\u011fu ve bunun tart\u0131\u015f\u0131ld\u0131\u011f\u0131 bir \u00e7al\u0131\u015ftay. O y\u00fczden kente \u00f6nemli katk\u0131lar sa\u011flayaca\u011f\u0131n\u0131, gelecekte iklim de\u011fi\u015fikli\u011fiyle m\u00fccadele ya da adaptasyonla ilgili neler yap\u0131labilece\u011fini \u00f6ng\u00f6rece\u011fi i\u00e7in bize yol g\u00f6sterece\u011fi i\u00e7in \u00f6nemli buluyorum&#8221; dedi.<\/p>\n\n\n\n<p>Prof. Dr. Saliho\u011flu: &#8220;\u00d6n\u00fcm\u00fczdeki aylarda projeyi sonu\u00e7land\u0131r\u0131p, ortaya bir strateji ve bir eylem plan\u0131 koymay\u0131 planl\u0131yoruz&#8221;<\/p>\n\n\n\n<p>Orta Do\u011fu Teknik \u00dcniversitesi (ODT\u00dc) Deniz Dilimleri Enstit\u00fcs\u00fc ve ODT\u00dc \u0130klim Merkezi M\u00fcd\u00fcr\u00fc Prof. Dr. Bar\u0131\u015f Saliho\u011flu da, &#8220;Bu k\u0131y\u0131 diren\u00e7lili\u011fi \u00fczerine uluslararas\u0131 bir proje. Bu projede birka\u00e7 payda\u015f var. Kentin hemen hemen t\u00fcm payda\u015flar\u0131 burada yer almakta ama y\u00fcr\u00fct\u00fcc\u00fc olarak bunu Mersin B\u00fcy\u00fck\u015fehir Belediyesi, Litvanya&#8217;dan ortaklar ve biz \u00fcniversite olarak y\u00fcr\u00fct\u00fcyoruz&#8221; diye konu\u015ftu. Bu ortakl\u0131\u011f\u0131n \u00e7ok \u00f6nemli bir ortakl\u0131k oldu\u011funa da de\u011finen Prof. Dr. Saliho\u011flu, &#8220;\u00c7\u00fcnk\u00fc denizler k\u0131y\u0131 diren\u00e7lili\u011fi konusunda burada \u00e7ok \u00f6nemli bir fark\u0131ndal\u0131k olu\u015fmu\u015f durumda. Hatta bu fark\u0131ndal\u0131\u011f\u0131 birka\u00e7 ad\u0131m \u00f6teye ge\u00e7irip, art\u0131k burada payda\u015flar\u0131n katk\u0131lar\u0131yla ortaya eylem planlar\u0131 koymaya \u00e7al\u0131\u015f\u0131yoruz. Payda\u015flardan gelen bu girdiler burada bizler i\u00e7in hem veri taban\u0131 olu\u015fturacak hem de ortaya konulan \u00e7\u00f6z\u00fcm \u00f6nerilerini daha sonra Belediyemizle birlikte uygulamaya ge\u00e7irmeyi planl\u0131yoruz&#8221; diye konu\u015ftu.<\/p>\n\n\n\n<p>Denizler \u00fczerinde, \u00f6zellikle de Mersin k\u0131y\u0131lar\u0131nda denizler \u00fczerinde \u00e7ok ciddi bask\u0131lar oldu\u011fundan s\u00f6z ederek, ekosistemin ciddi bi\u00e7imde y\u0131pranm\u0131\u015f durumda oldu\u011funu ifade eden Prof. Dr. Saliho\u011flu, &#8220;K\u0131y\u0131larda yap\u0131sal bozukluklar art\u0131k ortaya \u00e7\u0131kmakta. Yap\u0131la\u015fma, deniz kirlili\u011fi, iklim de\u011fi\u015fimi ve ekosisteme dayal\u0131 olmayan avc\u0131l\u0131k gibi ba\u015fl\u0131klar alt\u0131nda \u00e7e\u015fitli \u00e7\u00f6z\u00fcm \u00f6nerilerini burada ortaya koyuyoruz. Projeyi bir s\u00fcre daha devam ettirece\u011fiz. Burada ana hedefimiz ortaya bir strateji ve sonras\u0131nda da bir eylem plan\u0131 koymak. Bug\u00fcn burada yurtd\u0131\u015f\u0131ndaki toplant\u0131larla beraber art\u0131k bir hayli ilerlemi\u015f durumday\u0131z. \u00d6n\u00fcm\u00fczdeki aylarda projeyi sonu\u00e7land\u0131r\u0131p, ortaya bir strateji ve bir eylem plan\u0131 koymay\u0131 planl\u0131yoruz&#8221; ifadelerine yer verdi.<\/p>\n\n\n\n<p>Prof. Dr. Temiz: &#8220;Kirlili\u011fin \u00f6nlenmesine y\u00f6nelik a\u015famal\u0131 \u00e7al\u0131\u015fmalarla daha iyi sonu\u00e7lar al\u0131nabilecek&#8221;<\/p>\n\n\n\n<p>Mersin \u00dcniversitesi Denizcilik Fak\u00fcltesi Dekan\u0131 ve Denizcilik Fak\u00fcltesi \u00f6\u011fretim \u00fcyesi Prof. Dr. \u0130zzettin Temiz ise, &#8220;Sadece Mersin&#8217;in de\u011fil, d\u00fcnyan\u0131n bir problemi k\u00fcresel de\u011fi\u015fim ve k\u00fcresel \u0131s\u0131nmalar. Bu; b\u00fct\u00fcn \u015fehirleri etkilemektedir. Biz de bug\u00fcn Mersin B\u00fcy\u00fck\u015fehir Belediyesi&#8217;nin d\u00fczenlemi\u015f oldu\u011fu bu panelde kendi fikirlerimizi, kendi bilgimiz \u00f6l\u00e7\u00fcs\u00fcnde payla\u015fmaya \u00e7al\u0131\u015f\u0131yoruz. Mersinimiz g\u00fczel bir \u015fehir ve daha ya\u015fan\u0131labilir bir \u015fehir hale getirilebilmesi i\u00e7in Belediye&#8217;nin de bu yapm\u0131\u015f oldu\u011fu d\u00fczenleme ile bizim de katk\u0131lar\u0131m\u0131zla daha g\u00fczel olacakt\u0131r&#8221; dedi.<\/p>\n\n\n\n<p>Kirlili\u011fin en \u00f6nemli problemlerden biri oldu\u011funa da de\u011finen Prof. Dr. Temiz, &#8220;Bu kirlili\u011fin ana nedenlerini belirleyip, bunlar\u0131n \u00f6nlenmesine y\u00f6nelik a\u015famal\u0131 \u00e7al\u0131\u015fmalarla daha iyi sonu\u00e7lar al\u0131nabilece\u011fini d\u00fc\u015f\u00fcn\u00fcyoruz&#8221; diye belirtti. \u0130klim krizinin durdurulabilir oldu\u011funu kaydeden Prof. Dr. Temiz, &#8220;\u0130nsan eliyle yap\u0131lan bir durum s\u00f6z konusu ve insan eliyle yap\u0131l\u0131yorsa insan eliyle de \u00f6nlenebilir. \u0130nsanlar\u0131n etkisi d\u0131\u015f\u0131nda ger\u00e7ekle\u015fen fakt\u00f6rler vard\u0131r ama en az\u0131ndan bunlar\u0131n etkileri daha da azalt\u0131labilir. Belki tamamen yok edilmeyebilir ama belirli seviyelere d\u00fc\u015f\u00fcr\u00fcl\u00fcp, daha ya\u015fan\u0131labilir hale getirilebilir&#8221; ifadelerini kulland\u0131.<\/p>\n","protected":false},"excerpt":{"rendered":"<p>Mersin B\u00fcy\u00fck\u015fehir Belediyesi \u00c7evre Koruma ve Kontrol Dairesi Ba\u015fkanl\u0131\u011f\u0131&#8217;n\u0131n T\u00fcrkiye ile Avrupa Birli\u011fi Aras\u0131nda \u015eehir E\u015fle\u015ftirme II (Ye\u015fil Bir Gelecek \u0130\u00e7in E\u015fle\u015ftirme) hibe Program\u0131 TTGS-II kapsam\u0131nda hibe almaya hak kazand\u0131\u011f\u0131 &#8216;Ye\u015fil Bir Gelecek \u0130\u00e7in Liman \u015eehirleri Ortakl\u0131\u011f\u0131&#8217; projesi kapsam\u0131nda &#8220;\u0130klim De\u011fi\u015fikli\u011finin K\u0131y\u0131 B\u00f6lgelerine Etkileri \u0130sti\u015fare Toplant\u0131s\u0131&#8217; d\u00fczenlendi. Divan Otel&#8217;de d\u00fczenlenen toplant\u0131da, projenin payda\u015f kurumlar\u0131 ODT\u00dc [&hellip;]<\/p>\n","protected":false},"author":2,"featured_media":34860,"comment_status":"closed","ping_status":"closed","sticky":false,"template":"","format":"standard","meta":{"footnotes":""},"categories":[3],"tags":[],"class_list":["post-34859","post","type-post","status-publish","format-standard","has-post-thumbnail","hentry","category-manset"],"views":4,"_links":{"self":[{"href":"https:\/\/mersinkadingazetesi.com\/index.php?rest_route=\/wp\/v2\/posts\/34859"}],"collection":[{"href":"https:\/\/mersinkadingazetesi.com\/index.php?rest_route=\/wp\/v2\/posts"}],"about":[{"href":"https:\/\/mersinkadingazetesi.com\/index.php?rest_route=\/wp\/v2\/types\/post"}],"author":[{"embeddable":true,"href":"https:\/\/mersinkadingazetesi.com\/index.php?rest_route=\/wp\/v2\/users\/2"}],"replies":[{"embeddable":true,"href":"https:\/\/mersinkadingazetesi.com\/index.php?rest_route=%2Fwp%2Fv2%2Fcomments&post=34859"}],"version-history":[{"count":1,"href":"https:\/\/mersinkadingazetesi.com\/index.php?rest_route=\/wp\/v2\/posts\/34859\/revisions"}],"predecessor-version":[{"id":34861,"href":"https:\/\/mersinkadingazetesi.com\/index.php?rest_route=\/wp\/v2\/posts\/34859\/revisions\/34861"}],"wp:featuredmedia":[{"embeddable":true,"href":"https:\/\/mersinkadingazetesi.com\/index.php?rest_route=\/wp\/v2\/media\/34860"}],"wp:attachment":[{"href":"https:\/\/mersinkadingazetesi.com\/index.php?rest_route=%2Fwp%2Fv2%2Fmedia&parent=34859"}],"wp:term":[{"taxonomy":"category","embeddable":true,"href":"https:\/\/mersinkadingazetesi.com\/index.php?rest_route=%2Fwp%2Fv2%2Fcategories&post=34859"},{"taxonomy":"post_tag","embeddable":true,"href":"https:\/\/mersinkadingazetesi.com\/index.php?rest_route=%2Fwp%2Fv2%2Ftags&post=34859"}],"curies":[{"name":"wp","href":"https:\/\/api.w.org\/{rel}","templated":true}]}}