{"id":34862,"date":"2024-08-30T12:41:15","date_gmt":"2024-08-30T09:41:15","guid":{"rendered":"https:\/\/mersinkadingazetesi.com\/?p=34862"},"modified":"2024-08-30T12:41:15","modified_gmt":"2024-08-30T09:41:15","slug":"aratosun-mezarini-solide-aramak-gibi-bir-derdimiz-yok","status":"publish","type":"post","link":"https:\/\/mersinkadingazetesi.com\/?p=34862","title":{"rendered":"&#8220;ARATOS&#8217;UN MEZARINI SOL\u0130&#8217;DE ARAMAK G\u0130B\u0130 B\u0130R DERD\u0130M\u0130Z YOK&#8221;"},"content":{"rendered":"\n<p>Mersin \u00dcniversitesi Arkeoloji B\u00f6l\u00fcm\u00fc B\u00f6l\u00fcm Ba\u015fkan\u0131 Prof. Dr. \u00dcmit Ayd\u0131no\u011flu, Soli&#8217;de Aratos&#8217;un mezar\u0131 diye kaz\u0131lan yere ili\u015fkin olarak mezar\u0131n\u0131n Soli&#8217;de oldu\u011funun hi\u00e7 dayana\u011f\u0131 olmad\u0131\u011f\u0131n\u0131 belirterek,&nbsp;<em>&#8220;Aratos Tarsus&#8217;ta ya\u015fam\u0131\u015ft\u0131r. Aratos&#8217;un mezar\u0131na ili\u015fkin hi\u00e7 bir bilimsel dayana\u011f\u0131 yok, verisi yok. Mezar\u0131n\u0131n Pella&#8217;da oldu\u011funu zaten antik yazarlar s\u00f6yl\u00fcyorlar&#8221;&nbsp;<\/em>dedi.<\/p>\n\n\n\n<p>Arkeologlar\u0131n, Tarsuslu g\u00f6kbilimci filozof Aratos&#8217;un mezar\u0131n\u0131n Soli&#8217;de olmad\u0131\u011f\u0131na dair g\u00f6r\u00fc\u015fleriyle bu konudaki tart\u0131\u015fmalara nokta konulmu\u015f gibi g\u00f6r\u00fcn\u00fcyor.<\/p>\n\n\n\n<p>Y\u0131llard\u0131r Soli (Pompeipolis) antik kentinde kaz\u0131lar yapan Prof. Dr. Remzi Ya\u011fc\u0131, 19 y\u00fczy\u0131lda Soli&#8217;ye gelen Frans\u0131z gezgin Victor Langlois&#8217;in burada g\u00f6rd\u00fc\u011f\u00fc ve&nbsp;<em>&#8220;Kilikya&#8217;ya Yolculuk&#8221;<\/em>&nbsp;ad\u0131n\u0131 ta\u015f\u0131yan kitaba bir grav\u00fcrlede resimledi\u011fi yap\u0131y\u0131 Aratos&#8217;un mezar\u0131 diye adland\u0131rmas\u0131ndan yola \u00e7\u0131karak, bas\u0131na ve kamuoyuna&nbsp;<em>&#8220;Aratos&#8217;un mezar\u0131&#8221;<\/em>&nbsp;diye yans\u0131tt\u0131.<\/p>\n\n\n\n<p>Gezgin Victor Langlois,&nbsp;<em>&#8220;Kilikya&#8217;ya Yolculuk&#8221;<\/em>&nbsp;kitab\u0131nda, g\u00f6rd\u00fc\u011f\u00fc yap\u0131lar\u0131 Helenizm ve Hristiyanl\u0131kla \u00f6zde\u015fle\u015ftirme \u00e7abas\u0131 olarak, Tarsus&#8217;a geldi\u011finde, Demirkap\u0131 semtinde yer alan Muhammed Fellah T\u00fcrbesini de St. Petrus (tap\u0131na\u011f\u0131) mabedi olarak tan\u0131mlam\u0131\u015f.<\/p>\n\n\n\n<p>Ancak, durumun Prof. Dr. Remzi Ya\u011fc\u0131&#8217;n\u0131n iddia etti\u011finden farkl\u0131 oldu\u011fu ve arkeologlar\u0131n ortak g\u00f6r\u00fc\u015f\u00fcyle Aratos&#8217;un mezar\u0131n\u0131n Soli&#8217;de olmad\u0131\u011f\u0131 anla\u015f\u0131lmaktad\u0131r.<\/p>\n\n\n\n<p>Mersin \u00dcniversitesi Arkeoloji B\u00f6l\u00fcm\u00fc B\u00f6l\u00fcm Ba\u015fkan\u0131 Prof. Dr. \u00dcmit Ayd\u0131no\u011flu, \u0130\u00e7el Tv&#8217;de Aratos&#8217;un Penceresinden Felsefe Program\u0131nda yapt\u0131\u011f\u0131 konu\u015fmada filozof Aratos&#8217;un mezar\u0131 konusuna da de\u011finerek,&nbsp;<em>&#8220;Aratos Tarsus&#8217;ta ya\u015fam\u0131\u015ft\u0131r. Ge\u00e7en y\u00fczy\u0131llarda gezgin Langlois Soli&#8217;ye gelmi\u015f. Orada bir an\u0131t yap\u0131 g\u00f6rm\u00fc\u015f. &#8216;Bu ne olabilir?&#8217; diye d\u00fc\u015f\u00fcnm\u00fc\u015f ve &#8216;Bu Aratos&#8217;un mezar\u0131 olsun o zaman&#8217; demi\u015f. Hi\u00e7 bir bilimsel dayana\u011f\u0131 yok, verisi yok. O literat\u00fcre Aratos&#8217;un mezar\u0131 olarak ge\u00e7mi\u015f. Kimse de sorgulamam\u0131\u015f&#8221;<\/em>&nbsp;dedi.<\/p>\n\n\n\n<p>Prof. Dr. \u00dcmit Ayd\u0131no\u011flu, programda,&nbsp;<em>&#8220;Biz arkeologlar\u0131n i\u015fi hik\u00e2ye yazmak de\u011fil. Biz bilim insan\u0131y\u0131z. Do\u011fruyu s\u00f6ylemek zorunday\u0131z. Dolay\u0131s\u0131yla Aratos&#8217;un mezar\u0131n\u0131 Soli&#8217;de aramak gibi bir derdimiz yok. Mezar\u0131n\u0131n Pella&#8217;da oldu\u011funu zaten antik yazarlar s\u00f6yl\u00fcyorlar&#8221;<\/em>&nbsp;diye konu\u015ftu.<\/p>\n\n\n\n<p>Aratos&#8217;un mezar\u0131 konusunda benzer ba\u015fka akademik g\u00f6r\u00fc\u015fler de bulunuyor.<\/p>\n\n\n\n<p>Mersin \u00dcniversitesi Arkeoloji B\u00f6l\u00fcm\u00fc&#8217;nden arkeolog Prof. Dr. Murat Durukan, filozof Aratos&#8217;un mezar\u0131n\u0131n Soli&#8217;de olmad\u0131\u011f\u0131n\u0131 kaz\u0131daki yap\u0131n\u0131n da Aratos d\u00f6nemiyle ilgisi bulunmad\u0131\u011f\u0131n\u0131 daha \u00f6nce belirtmi\u015fti. \u00c7e\u015fitli \u00fcniversitelerden arkeologlar ise Soli&#8217;de kaz\u0131lan yerin mezar, hatta an\u0131t mezar bile olmad\u0131\u011f\u0131 g\u00f6r\u00fc\u015f\u00fcn\u00fc dile getiriyorlar.<\/p>\n\n\n\n<p>Prof. Dr. Murat Durukan da \u0130\u00e7el Tv&#8217;deki konu\u015fmas\u0131nda,<em>&#8220;Soli&#8217;deki kaz\u0131y\u0131 da yak\u0131ndan takip ediyoruz. Oran\u0131n Aratos&#8217;un \u00f6ld\u00fc\u011f\u00fc d\u00f6nemle ilgilisi olmayan bir yap\u0131 oldu\u011funu \u00e7\u0131kan malzemelerden de s\u00f6yleyebilirim. Aratos M\u00d6 3. y\u00fczy\u0131lda \u00f6lm\u00fc\u015f. Zaten Kilikya&#8217;da da \u00f6lmemi\u015f. Yunanistan&#8217;da \u00f6lm\u00fc\u015f.<\/em><\/p>\n\n\n\n<p><em>Yap\u0131n\u0131n o d\u00f6nemle alakas\u0131 olmad\u0131\u011f\u0131 arkeolojik malzemeyle de belgelenmi\u015f oldu. Dolay\u0131s\u0131yla bu Aratos&#8217;la alakas\u0131 olmayan bir konudur&#8221;&nbsp;<\/em>diye konu\u015fmu\u015ftu.<\/p>\n\n\n\n<p>Tarsuslular filozoflar\u0131 Aratos&#8217;a 30 y\u0131ld\u0131r sahip \u00e7\u0131k\u0131yorlar, Aratos ad\u0131na 20 y\u0131ld\u0131r bir felsefe dergisi yay\u0131nlan\u0131rken, ad\u0131na felsefe okulu kuruldu, kentte felsefe ad\u0131na festival, sempozyum ve onlarca k\u00fclt\u00fcr sanat etkinli\u011fi yap\u0131l\u0131yor.<\/p>\n","protected":false},"excerpt":{"rendered":"<p>Mersin \u00dcniversitesi Arkeoloji B\u00f6l\u00fcm\u00fc B\u00f6l\u00fcm Ba\u015fkan\u0131 Prof. Dr. \u00dcmit Ayd\u0131no\u011flu, Soli&#8217;de Aratos&#8217;un mezar\u0131 diye kaz\u0131lan yere ili\u015fkin olarak mezar\u0131n\u0131n Soli&#8217;de oldu\u011funun hi\u00e7 dayana\u011f\u0131 olmad\u0131\u011f\u0131n\u0131 belirterek,&nbsp;&#8220;Aratos Tarsus&#8217;ta ya\u015fam\u0131\u015ft\u0131r. Aratos&#8217;un mezar\u0131na ili\u015fkin hi\u00e7 bir bilimsel dayana\u011f\u0131 yok, verisi yok. Mezar\u0131n\u0131n Pella&#8217;da oldu\u011funu zaten antik yazarlar s\u00f6yl\u00fcyorlar&#8221;&nbsp;dedi. Arkeologlar\u0131n, Tarsuslu g\u00f6kbilimci filozof Aratos&#8217;un mezar\u0131n\u0131n Soli&#8217;de olmad\u0131\u011f\u0131na dair g\u00f6r\u00fc\u015fleriyle bu [&hellip;]<\/p>\n","protected":false},"author":2,"featured_media":34863,"comment_status":"closed","ping_status":"closed","sticky":false,"template":"","format":"standard","meta":{"footnotes":""},"categories":[2,3],"tags":[],"class_list":["post-34862","post","type-post","status-publish","format-standard","has-post-thumbnail","hentry","category-gundem","category-manset"],"views":4,"_links":{"self":[{"href":"https:\/\/mersinkadingazetesi.com\/index.php?rest_route=\/wp\/v2\/posts\/34862"}],"collection":[{"href":"https:\/\/mersinkadingazetesi.com\/index.php?rest_route=\/wp\/v2\/posts"}],"about":[{"href":"https:\/\/mersinkadingazetesi.com\/index.php?rest_route=\/wp\/v2\/types\/post"}],"author":[{"embeddable":true,"href":"https:\/\/mersinkadingazetesi.com\/index.php?rest_route=\/wp\/v2\/users\/2"}],"replies":[{"embeddable":true,"href":"https:\/\/mersinkadingazetesi.com\/index.php?rest_route=%2Fwp%2Fv2%2Fcomments&post=34862"}],"version-history":[{"count":1,"href":"https:\/\/mersinkadingazetesi.com\/index.php?rest_route=\/wp\/v2\/posts\/34862\/revisions"}],"predecessor-version":[{"id":34864,"href":"https:\/\/mersinkadingazetesi.com\/index.php?rest_route=\/wp\/v2\/posts\/34862\/revisions\/34864"}],"wp:featuredmedia":[{"embeddable":true,"href":"https:\/\/mersinkadingazetesi.com\/index.php?rest_route=\/wp\/v2\/media\/34863"}],"wp:attachment":[{"href":"https:\/\/mersinkadingazetesi.com\/index.php?rest_route=%2Fwp%2Fv2%2Fmedia&parent=34862"}],"wp:term":[{"taxonomy":"category","embeddable":true,"href":"https:\/\/mersinkadingazetesi.com\/index.php?rest_route=%2Fwp%2Fv2%2Fcategories&post=34862"},{"taxonomy":"post_tag","embeddable":true,"href":"https:\/\/mersinkadingazetesi.com\/index.php?rest_route=%2Fwp%2Fv2%2Ftags&post=34862"}],"curies":[{"name":"wp","href":"https:\/\/api.w.org\/{rel}","templated":true}]}}