{"id":34865,"date":"2024-08-30T12:45:13","date_gmt":"2024-08-30T09:45:13","guid":{"rendered":"https:\/\/mersinkadingazetesi.com\/?p=34865"},"modified":"2024-08-30T12:45:14","modified_gmt":"2024-08-30T09:45:14","slug":"30-agustosta-cumhuriyetin-kilometre-taslari-dosenmeye-basladi","status":"publish","type":"post","link":"https:\/\/mersinkadingazetesi.com\/?p=34865","title":{"rendered":"&#8220;30 A\u011eUSTOS&#8217;TA CUMHUR\u0130YET\u0130N K\u0130LOMETRE TA\u015eLARI D\u00d6\u015eENMEYE BA\u015eLADI&#8221;"},"content":{"rendered":"\n<p>Mersin B\u00fcy\u00fck\u015fehir Belediye Ba\u015fkan\u0131 Vahap Se\u00e7er, 30 A\u011fustos Zafer Bayram\u0131&#8217;n\u0131n 102. y\u0131ld\u00f6n\u00fcm\u00fc dolay\u0131s\u0131yla d\u00fczenlenen kutlama programlar\u0131na kat\u0131ld\u0131.<\/p>\n\n\n\n<p>Mersin Valili\u011fi taraf\u0131ndan d\u00fczenlenen kutlama programlar\u0131 Cumhuriyet Meydan\u0131&#8217;nda Atat\u00fcrk An\u0131t\u0131&#8217;na \u00e7elenk sunulmas\u0131 ile ba\u015flad\u0131. T\u00f6ren sonras\u0131 Mersin B\u00fcy\u00fck\u015fehir Belediye Ba\u015fkan\u0131 Vahap Se\u00e7er, Mersin Valisi Ali Hamza Pehlivan ve Tu\u011famiral Aziz Bak\u0131o\u011flu ile birlikte \u015eeref Salonu&#8217;nda tebrikleri kabul etti. Cumhuriyet Meydan\u0131&#8217;nda devam eden kutlama program\u0131nda bir \u00f6\u011frenci taraf\u0131ndan \u015fiir okundu, ard\u0131ndan T\u00fcrk Silahl\u0131 Kuvvetleri ad\u0131na bir personel taraf\u0131ndan g\u00fcn\u00fcn anlam ve \u00f6nemini belirten konu\u015fma yap\u0131ld\u0131. Jandarma Komando Birli\u011fi&#8217;nin Zeybek g\u00f6sterisi ger\u00e7ekle\u015ftirdi\u011fi programda, bir \u00f6\u011frenci taraf\u0131ndan \u015fiir okundu, daha sonra da B\u00fcy\u00fck\u015fehir Belediyesi Halk Oyunlar\u0131 Ekibi g\u00f6sterilerini ger\u00e7ekle\u015ftirdi. Program; t\u00f6ren ge\u00e7i\u015finin ard\u0131ndan sona erdi.<\/p>\n\n\n\n<p><strong>&#8220;30 A\u011fustos&#8217;ta cumhuriyetin kilometre ta\u015flar\u0131 d\u00f6\u015fenmeye ba\u015flad\u0131&#8221;<\/strong><\/p>\n\n\n\n<p>30 A\u011fustos Zafer Bayram\u0131 ile ilgili gazetecilere de\u011ferlendirmelerde bulunan Ba\u015fkan Se\u00e7er, t\u00fcm Mersin halk\u0131n\u0131n Zafer Bayram\u0131&#8217;n\u0131 kutlad\u0131. 30 A\u011fustos&#8217;un \u00f6nemine de\u011finen Se\u00e7er,&nbsp;<strong>&#8220;1918&#8217;de ba\u015flayan ba\u011f\u0131ms\u0131zl\u0131k m\u00fccadelesinin zaferle ta\u00e7land\u0131\u011f\u0131 g\u00fcn\u00fc konu\u015fuyoruz. Bu s\u00fcre\u00e7 i\u00e7erisinde bu topraklarda \u00e7ok b\u00fcy\u00fck m\u00fccadeleler oldu. Do\u011fudan bat\u0131ya, kuzeyden g\u00fcneye, Ege&#8217;ye, Trakya&#8217;ya milletimiz tek v\u00fccut, tek yumruk, tek y\u00fcrek oldu, i\u015fgalcileri topraklar\u0131m\u0131zdan temizledi ve cumhuriyetin kilometre ta\u015flar\u0131n\u0131 da d\u00f6\u015femeye ba\u015flad\u0131&#8221;&nbsp;<\/strong>dedi. Cumhuriyetle birlikte \u00fclkenin b\u00fcy\u00fck bir de\u011fi\u015fim ve d\u00f6n\u00fc\u015f\u00fcm s\u00fcrecine girdi\u011fini hat\u0131rlatan Se\u00e7er,&nbsp;<strong>&#8220;Cumhuriyetin getirdi\u011fi kazan\u0131mlar, kurumlar, hukuk sistemi, yeni bir anlay\u0131\u015f, yeni bir bak\u0131\u015f a\u00e7\u0131s\u0131, yeni bir e\u011fitim anlay\u0131\u015f\u0131 ve sonu\u00e7 itibariyle de demokrasiye, hedefe do\u011fru y\u00f6nelme, m\u00fccadele ve bug\u00fcnlere gelindi. Tabi o g\u00fcnlerden bug\u00fcnlere bu \u00fclke i\u00e7in ta\u015f \u00fcst\u00fcne ta\u015f koymaya gayret edenler oldu. Ama bunun yan\u0131nda \u00fclkenin geri gitmesine neden olan baz\u0131 y\u00f6netim anlay\u0131\u015flar\u0131n\u0131 da g\u00f6rd\u00fc, g\u00f6r\u00fcyor bu memleket&#8221;&nbsp;<\/strong>diye konu\u015ftu.<\/p>\n\n\n\n<p><strong>&#8220;Zaferi ta\u00e7land\u0131rmak i\u00e7in gerekli olan t\u00fcm \u00e7al\u0131\u015fmalar\u0131 yapma gayretindeyiz&#8221;<\/strong><\/p>\n\n\n\n<p>\u00dclkenin refah, \u00e7a\u011fda\u015f, d\u00fcnyayla rekabet eden bir \u00fclke ve toplum haline gelmesinin, \u00e7ok uzun m\u00fccadeleler ve emekler gerektirdi\u011fine i\u015faret eden Se\u00e7er, ya\u015fanan t\u00fcm ini\u015f ve \u00e7\u0131k\u0131\u015flara ra\u011fmen \u00fclkesi ad\u0131na her \u015feyin g\u00fczel olmas\u0131n\u0131 umut etti\u011fini belirtti. \u0130nsanlar\u0131n y\u00fcz\u00fcn\u00fcn g\u00fcld\u00fc\u011f\u00fc, yokluk \u00e7ekmedi\u011fi, herkesin devlet kar\u015f\u0131s\u0131nda e\u015fit muamele g\u00f6rd\u00fc\u011f\u00fc, vatanda\u015flar\u0131n yar\u0131na endi\u015feyle bakmad\u0131\u011f\u0131, \u00e7ocuklar\u0131n\u0131 g\u00fczel e\u011fitim veren okullara g\u00f6nderebilme g\u00fcc\u00fcn\u00fcn oldu\u011fu bir \u00fclke arzu ettiklerini kaydeden Se\u00e7er, b\u00fct\u00fcn bunlar\u0131n da \u00e7al\u0131\u015farak olabilece\u011finin alt\u0131n\u0131 \u00e7izdi.<\/p>\n\n\n\n<p>Mersin&#8217;de de B\u00fcy\u00fck\u015fehir Belediye Ba\u015fkan\u0131 olarak bu anlay\u0131\u015fla \u00e7al\u0131\u015ft\u0131klar\u0131n\u0131 ifade eden Se\u00e7er,&nbsp;<strong>&#8220;\u0130kinci 5 y\u0131ll\u0131k g\u00f6rev s\u00fcremize hen\u00fcz ba\u015flad\u0131k. \u0130lk 5 y\u0131ll\u0131k g\u00f6rev s\u00fcremiz i\u00e7erisinde yapt\u0131\u011f\u0131m\u0131z \u00e7al\u0131\u015fmalar, vatanda\u015flar\u0131m\u0131zla kurdu\u011fumuz g\u00f6n\u00fcl ba\u011f\u0131 bizi ikinci d\u00f6neme \u00e7ok b\u00fcy\u00fck bir tevecc\u00fchle ta\u015f\u0131d\u0131. Bizim bug\u00fcn yapt\u0131\u011f\u0131m\u0131z hizmetler 30 A\u011fustos&#8217;a giden kurtulu\u015f m\u00fccadelesinin bir devam\u0131 niteli\u011finde. Orada bitmiyor, sava\u015f meydanlar\u0131nda sava\u015f\u0131 kazan\u0131yorsunuz ama as\u0131l ekonomide, demokraside, insan haklar\u0131nda, e\u011fitimde yapaca\u011f\u0131n\u0131z g\u00fczel \u00e7al\u0131\u015fmalarla o zaferinizi ta\u00e7land\u0131racaks\u0131n\u0131z. Biz de bug\u00fcn o zaferi ta\u00e7land\u0131rmak i\u00e7in gerekli olan t\u00fcm \u00e7al\u0131\u015fmalar\u0131 yapma, katk\u0131 sunma gayreti i\u00e7erisindeyiz&#8221;&nbsp;<\/strong>ifadelerine yer verdi.<\/p>\n\n\n\n<p><strong>&#8220;\u00d6n\u00fcm\u00fczdeki 5 y\u0131ll\u0131k s\u00fcre i\u00e7erisinde Mersin&#8217;de g\u00f6zle g\u00f6r\u00fcl\u00fcr de\u011fi\u015fiklikler olacak&#8221;<\/strong><\/p>\n\n\n\n<p>Mersin ve Mersinliler i\u00e7in gece g\u00fcnd\u00fcz demeden \u00e7al\u0131\u015ft\u0131klar\u0131n\u0131 vurgulayan Se\u00e7er, \u00f6n\u00fcm\u00fczdeki 5 y\u0131ll\u0131k s\u00fcre i\u00e7erisinde Mersin&#8217;de g\u00f6zle g\u00f6r\u00fcl\u00fcr de\u011fi\u015fiklikler olaca\u011f\u0131na dikkat \u00e7ekerek,&nbsp;<strong>&#8220;Mersin daha da ya\u015fanabilir bir kent olacak, ye\u015filinin daha bol oldu\u011fu, sokaklar\u0131n\u0131n, sahillerinin tertemiz oldu\u011fu, b\u00fct\u00fcn yurtta\u015flar\u0131m\u0131za e\u015fit hizmet g\u00f6t\u00fcr\u00fclen, vars\u0131l\u0131 yoksulu ay\u0131rt etmeden hi\u00e7bir etnik ya da siyasi g\u00f6r\u00fc\u015f fark\u0131 g\u00f6zetmeksizin herkesi kucaklayan bir anlay\u0131\u015fla y\u00f6netim anlay\u0131\u015f\u0131m\u0131z devam edecek. Vatanda\u015flar\u0131m\u0131z bizden yana huzurlu olsunlar, onlar\u0131 seven ve sayan bir y\u00f6netim taraf\u0131ndan Mersin&#8217;de hizmet al\u0131yorlar. Bu b\u00f6yle devam edecek&#8221;<\/strong>&nbsp;diye konu\u015ftu.<\/p>\n\n\n\n<p><strong>&#8220;Bize ihtiya\u00e7 duyulan her noktaya Mersin B\u00fcy\u00fck\u015fehir olarak gitmek durumunday\u0131z&#8221;<\/strong><\/p>\n\n\n\n<p>Ge\u00e7ti\u011fimiz g\u00fcnlerde T\u00fcrkiye Belediyeler Birli\u011fi&#8217;nin (TBB) Ad\u0131yaman&#8217;da ger\u00e7ekle\u015ftirdi\u011fi Enc\u00fcmen Toplant\u0131s\u0131 hakk\u0131nda da konu\u015fan Se\u00e7er, 6 \u015eubat Depremi&#8217;nde depremden en \u00e7ok etkilenen illerden biri olan Ad\u0131yaman&#8217;da b\u00f6yle bir toplant\u0131n ger\u00e7ekle\u015fmesinin son derece \u00f6nemli oldu\u011funun alt\u0131n\u0131 \u00e7izdi.&nbsp;&nbsp;TBB olarak depremden zarar g\u00f6ren 11 ile toplamda 500 milyon TL&#8217;lik bir yard\u0131mda bulunduklar\u0131n\u0131 aktaran Se\u00e7er,&nbsp;<strong>&#8220;\u0130llerin zarar ve n\u00fcfus durumuna bakarak. 89 ara\u00e7 da\u011f\u0131t\u0131m\u0131 ger\u00e7ekle\u015ftirdik Yine 6 bin \u00e7\u00f6p konteyneri da\u011f\u0131tt\u0131k. Yaralar sar\u0131l\u0131rken bizim de katk\u0131m\u0131z olsun, yaralara merhem olal\u0131m amac\u0131nday\u0131z. Tabi ki sadece Ad\u0131yaman de\u011fil, bize ihtiya\u00e7 duyulan her noktaya, her alana Mersin B\u00fcy\u00fck\u015fehir Belediyesi olarak gitmek durumunday\u0131z. Bu \u00fclkenin her noktas\u0131, bizim vatan topra\u011f\u0131m\u0131z, her insan\u0131m\u0131z bizim hem\u015fehrimiz, bizim karde\u015fimiz. O anlamda da bu tip \u00e7al\u0131\u015fmalar\u0131 yaparken de bunu ger\u00e7ekten b\u00fcy\u00fck bir \u015fevkle yap\u0131yoruz&#8221;<\/strong>&nbsp;ifadelerini kulland\u0131.<\/p>\n","protected":false},"excerpt":{"rendered":"<p>Mersin B\u00fcy\u00fck\u015fehir Belediye Ba\u015fkan\u0131 Vahap Se\u00e7er, 30 A\u011fustos Zafer Bayram\u0131&#8217;n\u0131n 102. y\u0131ld\u00f6n\u00fcm\u00fc dolay\u0131s\u0131yla d\u00fczenlenen kutlama programlar\u0131na kat\u0131ld\u0131. Mersin Valili\u011fi taraf\u0131ndan d\u00fczenlenen kutlama programlar\u0131 Cumhuriyet Meydan\u0131&#8217;nda Atat\u00fcrk An\u0131t\u0131&#8217;na \u00e7elenk sunulmas\u0131 ile ba\u015flad\u0131. T\u00f6ren sonras\u0131 Mersin B\u00fcy\u00fck\u015fehir Belediye Ba\u015fkan\u0131 Vahap Se\u00e7er, Mersin Valisi Ali Hamza Pehlivan ve Tu\u011famiral Aziz Bak\u0131o\u011flu ile birlikte \u015eeref Salonu&#8217;nda tebrikleri kabul etti. [&hellip;]<\/p>\n","protected":false},"author":2,"featured_media":34866,"comment_status":"closed","ping_status":"closed","sticky":false,"template":"","format":"standard","meta":{"footnotes":""},"categories":[2,3],"tags":[],"class_list":["post-34865","post","type-post","status-publish","format-standard","has-post-thumbnail","hentry","category-gundem","category-manset"],"views":5,"_links":{"self":[{"href":"https:\/\/mersinkadingazetesi.com\/index.php?rest_route=\/wp\/v2\/posts\/34865"}],"collection":[{"href":"https:\/\/mersinkadingazetesi.com\/index.php?rest_route=\/wp\/v2\/posts"}],"about":[{"href":"https:\/\/mersinkadingazetesi.com\/index.php?rest_route=\/wp\/v2\/types\/post"}],"author":[{"embeddable":true,"href":"https:\/\/mersinkadingazetesi.com\/index.php?rest_route=\/wp\/v2\/users\/2"}],"replies":[{"embeddable":true,"href":"https:\/\/mersinkadingazetesi.com\/index.php?rest_route=%2Fwp%2Fv2%2Fcomments&post=34865"}],"version-history":[{"count":1,"href":"https:\/\/mersinkadingazetesi.com\/index.php?rest_route=\/wp\/v2\/posts\/34865\/revisions"}],"predecessor-version":[{"id":34867,"href":"https:\/\/mersinkadingazetesi.com\/index.php?rest_route=\/wp\/v2\/posts\/34865\/revisions\/34867"}],"wp:featuredmedia":[{"embeddable":true,"href":"https:\/\/mersinkadingazetesi.com\/index.php?rest_route=\/wp\/v2\/media\/34866"}],"wp:attachment":[{"href":"https:\/\/mersinkadingazetesi.com\/index.php?rest_route=%2Fwp%2Fv2%2Fmedia&parent=34865"}],"wp:term":[{"taxonomy":"category","embeddable":true,"href":"https:\/\/mersinkadingazetesi.com\/index.php?rest_route=%2Fwp%2Fv2%2Fcategories&post=34865"},{"taxonomy":"post_tag","embeddable":true,"href":"https:\/\/mersinkadingazetesi.com\/index.php?rest_route=%2Fwp%2Fv2%2Ftags&post=34865"}],"curies":[{"name":"wp","href":"https:\/\/api.w.org\/{rel}","templated":true}]}}