{"id":34868,"date":"2024-09-01T10:01:56","date_gmt":"2024-09-01T07:01:56","guid":{"rendered":"https:\/\/mersinkadingazetesi.com\/?p=34868"},"modified":"2024-09-01T10:01:56","modified_gmt":"2024-09-01T07:01:56","slug":"chpnin-iktidar-olmasinin-yolunun-belediyelerden-geciyor","status":"publish","type":"post","link":"https:\/\/mersinkadingazetesi.com\/?p=34868","title":{"rendered":"&#8220;CHP&#8217;N\u0130N \u0130KT\u0130DAR OLMASININ YOLUNUN BELED\u0130YELERDEN GE\u00c7\u0130YOR&#8221;"},"content":{"rendered":"\n<p>Mersin B\u00fcy\u00fck\u015fehir Belediye Ba\u015fkan\u0131 Vahap Se\u00e7er, Zafer Bayram\u0131 dolay\u0131s\u0131yla Cumhuriyet Halk Partisi (CHP) Mersin \u0130l Ba\u015fkanl\u0131\u011f\u0131 taraf\u0131ndan d\u00fczenlenen kutlama program\u0131na kat\u0131ld\u0131.<\/p>\n\n\n\n<p><strong>&#8220;Anadolu insan\u0131, \u00fclkeyi emperyalistlerden temizledi&#8221;<\/strong><\/p>\n\n\n\n<p>CHP Mersin \u0130l Ba\u015fkanl\u0131\u011f\u0131 bah\u00e7esinde d\u00fczenlenen programda konu\u015fan Ba\u015fkan Se\u00e7er, &nbsp;<strong>&#8220;Bayramlar\u0131m\u0131za sahip \u00e7\u0131kmak, cumhuriyetimize sahip \u00e7\u0131kmakt\u0131r. Cumhuriyete sahip \u00e7\u0131kmak Atat\u00fcrk&#8217;\u00fcm\u00fcze sahip \u00e7\u0131kmak, Atat\u00fcrk&#8217;\u00fcm\u00fcze sahip \u00e7\u0131kmak vatan\u0131m\u0131za, milletimize sahip \u00e7\u0131kmak anlam\u0131na gelir&#8221;<\/strong>&nbsp;ifadelerine yer verdi. Yollar\u0131n\u0131n Atat\u00fcrk&#8217;\u00fcn yolu oldu\u011funu vurgulayan Se\u00e7er,&nbsp;<strong>&#8220;T\u00fcrkiye Cumhuriyeti ba\u011f\u0131ms\u0131z bir devlet olarak ilelebet ya\u015fas\u0131n diye m\u00fccadele 1918&#8217;de ba\u015fl\u0131yor. 7 ay sonra Samsun&#8217;a bir g\u00fcne\u015f do\u011fuyor, oradan Anadolu&#8217;ya ve ulusal kurtulu\u015f m\u00fccadelesi \u00f6rg\u00fctleniyor. Anadolu topraklar\u0131 \u00fczerinde etnik yap\u0131s\u0131, inan\u00e7 grubu ne olursa olsun mezhebi, me\u015frebi ne olursa olsun Anadolu insan\u0131 Kuvayi Milliye&#8217;nin etraf\u0131nda Atat\u00fcrk&#8217;\u00fcn silah arkada\u015flar\u0131n\u0131n etraf\u0131nda tek y\u00fcrek oluyor, tek v\u00fccut oluyor, emperyalist g\u00fc\u00e7leri \u00fclkeden temizliyor&#8221;<\/strong>&nbsp;diyerek, herkesin Zafer Bayram\u0131n\u0131 kutlad\u0131.<\/p>\n\n\n\n<p><strong>&#8220;Ba\u011f\u0131ms\u0131z T\u00fcrkiye Cumhuriyeti&#8217;nde ya\u015faman\u0131n onurunu ve gururunu hep beraber ya\u015f\u0131yoruz&#8221;<\/strong><\/p>\n\n\n\n<p>Al\u0131nan zaferin Cumhuriyetin kurulmas\u0131 ve Cumhuriyet kurumlar\u0131n\u0131n kurulmas\u0131yla ta\u00e7land\u0131\u011f\u0131n\u0131 kaydeden Se\u00e7er,&nbsp;<strong>&#8220;Top, t\u00fcfek, silah, sava\u015f meydanlar\u0131nda vuru\u015farak zafer kazan\u0131lmaz. Ke\u015fke sava\u015fa ihtiya\u00e7 duymasak. Atat\u00fcrk&#8217;\u00fcn dedi\u011fi gibi&nbsp;<em>&#8216;Sava\u015f mecbur olmad\u0131k\u00e7a bir cinayettir. Yurtta sulh, cihanda sulh&#8217;<\/em>. Biz sava\u015f sever de\u011filiz, biz bar\u0131\u015fseveriz. B\u00fct\u00fcn halklar ve milletler karde\u015f olsun istiyoruz&#8221;<\/strong>&nbsp;dedi. \u00dclkelerde bilim, ilim, spor, k\u00fclt\u00fcr, sanat alan\u0131nda rekabetin olmas\u0131 gerekti\u011fini temenni eden Se\u00e7er,&nbsp;<strong>&#8220;Sava\u015f\u0131 reddediyoruz ama 30 A\u011fustos&#8217;u co\u015fkuyla kutluyoruz. \u0130yi ki 30 A\u011fustoslar olmu\u015f, ba\u011f\u0131ms\u0131z T\u00fcrkiye Cumhuriyeti bireyi olarak bu topraklarda ya\u015faman\u0131n onurunu, gururunu hep beraber ya\u015f\u0131yoruz&#8221;&nbsp;<\/strong>ifadelerine yer verdi.<\/p>\n\n\n\n<p>Zaferin kazan\u0131ld\u0131\u011f\u0131 s\u00fcre\u00e7ten sonras\u0131n\u0131 da anlatan Se\u00e7er,&nbsp;<strong>&#8220;Bu zaferin kazan\u0131ld\u0131\u011f\u0131 s\u00fcre\u00e7 bir h\u00fck\u00fcmetin bir \u00fclkeyi y\u00f6netme s\u00fcresi bile de\u011fil. \u00d6nder Gazi Mustafa Kemal Atat\u00fcrk&#8217;\u00fcn \u00f6ld\u00fc\u011f\u00fc 1938&#8217;e kadar ge\u00e7en k\u0131sa s\u00fcre i\u00e7erisinde T\u00fcrkiye demokrasiye ad\u0131m att\u0131. T\u00fcrkiye hukuk devleti olma yolunda, evrensel hukuk kurallar\u0131 \u00e7er\u00e7evesinde yasalar yapt\u0131, kurumlar\u0131n\u0131 kurdu. M\u00fcte\u015febbis yoktu, i\u015f insan\u0131 yoktu. M\u00fcte\u015febbis yaratmak i\u00e7in, , insanlar \u00fcretimi, ihracat\u0131 ve ticareti \u00f6\u011frensin diye \u00f6nder fabrikalar kurdu&#8221;<\/strong>&nbsp;diye konu\u015ftu.<\/p>\n\n\n\n<p><strong>&#8220;Bu \u00fclkeyi biz y\u00f6netece\u011fiz, ak\u0131l ve feraset y\u00f6netecek&#8221;<\/strong><\/p>\n\n\n\n<p>Medeni Kanun&#8217;un ve laik e\u011fitimin at\u0131lan ad\u0131mlar aras\u0131nda en de\u011ferlisi oldu\u011funu kaydeden Se\u00e7er,&nbsp;<strong>&#8221;&nbsp;<em>&#8216;Sen ayr\u0131 cemaat, sen ayr\u0131 tarikat, ben ayr\u0131 devlet&#8217;<\/em>&nbsp;de\u011fil. En \u00f6nemlisi; Milli E\u011fitim Bakanl\u0131\u011f\u0131&#8217;n\u0131n haz\u0131rlad\u0131\u011f\u0131 m\u00fcfredatla sek\u00fcler, \u00e7a\u011fda\u015f, bilime dayal\u0131, akl\u0131 \u00f6ne \u00e7\u0131karan bir e\u011fitim sistemini bu \u00fclkeye kazand\u0131rmalar\u0131 oldu. Bug\u00fcn de en fazla \u015fik\u00e2yet etti\u011fimiz konular\u0131n ba\u015f\u0131nda bunlar geliyor. Kad\u0131nlar\u0131n bug\u00fcn ya\u015fad\u0131\u011f\u0131 hukuki ve \u00e7a\u011fd\u0131\u015f\u0131 kalm\u0131\u015f problemlere de de\u011finildi&#8221;<\/strong>&nbsp;dedi. Bir sonraki d\u00f6nem \u00fclkeyi CHP&#8217;nin y\u00f6netece\u011fini kaydeden Se\u00e7er,&nbsp;<strong>&#8220;Bu \u00fclkeyi biz y\u00f6netece\u011fiz, ak\u0131l ve feraset y\u00f6netecek, ben buna can\u0131 y\u00fcrekten inan\u0131yorum. Onun inanc\u0131n\u0131n verdi\u011fi enerjiyle \u00e7al\u0131\u015f\u0131yoruz&#8221;<\/strong>&nbsp;diye konu\u015ftu.<\/p>\n\n\n\n<p><strong>&#8220;Mersin&#8217;de herkes mutlu ve gelece\u011fe g\u00fcvenle bak\u0131yor&#8221;<\/strong><\/p>\n\n\n\n<p>CHP&#8217;li belediye ba\u015fkanlar\u0131n\u0131n t\u00fcm T\u00fcrkiye&#8217;de ba\u015far\u0131 \u00f6rne\u011fi g\u00f6sterdi\u011fine dikkat \u00e7eken Se\u00e7er, ayn\u0131 ba\u015far\u0131n\u0131n Mersin&#8217;de de oldu\u011funu hat\u0131rlatarak,&nbsp;<strong>&#8220;CHP&#8217;li belediye ba\u015fkan\u0131 Mersin&#8217;de tarih yazd\u0131. K\u00fc\u00e7\u00fck T\u00fcrkiye&#8217;de, T\u00fcrkiye&#8217;nin izd\u00fc\u015f\u00fcm\u00fc olan, Tarsus&#8217;tan Anamur&#8217;a kadar reng\u00e2renk insanlar\u0131n ya\u015fad\u0131\u011f\u0131 Mersin&#8217;de tarih yazd\u0131. Mersin&#8217;de herkes mutlu ve gelece\u011fe g\u00fcvenle bak\u0131yor. \u0130nsanlar&nbsp;<em>&#8216;Ben bar\u0131\u015fsever, insanlar\u0131 kapsay\u0131p kucaklayan, ayr\u0131m yapmayan, fakir, zengin, siyasi g\u00f6r\u00fc\u015f ayr\u0131m\u0131 yapmayan bir anlay\u0131\u015fa sahip belediye ba\u015fkan\u0131 taraf\u0131ndan y\u00f6netiliyorum&#8217;<\/em>&nbsp;diyor&#8221;&nbsp;<\/strong>dedi.<\/p>\n\n\n\n<p><strong>&#8220;CHP&#8217;nin iktidar olmas\u0131n\u0131n yolunun belediyelerden ge\u00e7iyor&#8221;<\/strong><\/p>\n\n\n\n<p><strong>&#8220;Hi\u00e7bir zaman kendimizin belediye ba\u015fkan\u0131 de\u011fil, partimizin belediye ba\u015fkan\u0131 olduk ve olmaya da devam edece\u011fiz&#8221;<\/strong>&nbsp;diyerek konu\u015fmas\u0131n\u0131 s\u00fcrd\u00fcren Se\u00e7er, 31 Mart yerel se\u00e7imlerinden sonra bir\u00e7ok yeni belediyede y\u00f6netime geldiklerini s\u00f6yledi. T\u00fcrkiye genelinde 14&#8217;\u00fc b\u00fcy\u00fck\u015fehir olmak \u00fczere toplamda 412 belediyenin CHP y\u00f6netiminde oldu\u011funu aktaran Se\u00e7er, bunun son derece \u00f6nemli bir say\u0131 oldu\u011funa dikkat \u00e7ekerek,&nbsp;<strong>&#8220;N\u00fcfusun yakla\u015f\u0131k y\u00fczde 65&#8217;ini sizin yol arkada\u015flar\u0131n\u0131z y\u00f6netiyor. Ekonominin y\u00fczde 80-85&#8217;inin d\u00f6nd\u00fc\u011f\u00fc bu \u015fehirleri yol arkada\u015flar\u0131m\u0131z y\u00f6netiyor&#8221;<\/strong>&nbsp;diye konu\u015ftu. CHP&#8217;nin iktidar olmas\u0131n\u0131n yolunun belediyelerden ve belediye ba\u015fkanlar\u0131n\u0131n azminden, \u00e7al\u0131\u015fkanl\u0131\u011f\u0131ndan, halka inmesinden, halka sevgi elini uzatmas\u0131ndan ge\u00e7ece\u011fini vurgulayan Se\u00e7er, &#8220;<strong>Bu bilin\u00e7le \u00e7al\u0131\u015fmaya devam etmemiz laz\u0131m ve ediyoruz da&#8221;<\/strong>&nbsp;dedi.<\/p>\n\n\n\n<p><strong>&#8220;31 Mart&#8217;ta T\u00fcrkiye i\u00e7in yeni bir umut kap\u0131s\u0131 a\u00e7\u0131ld\u0131&#8221;<\/strong><\/p>\n\n\n\n<p>Mersin&#8217;de il\u00e7e belediyeleriyle dayan\u0131\u015fma i\u00e7erisinde olduklar\u0131n\u0131n alt\u0131n\u0131 \u00e7izen Se\u00e7er,&nbsp;<strong>&#8220;B\u00fcy\u00fck\u015fehir Belediyesi olarak b\u00fct\u00fcn belediyelerimizle uyumlu \u00e7al\u0131\u015fma gayreti i\u00e7erisindeyiz. 30 seneden sonra ald\u0131\u011f\u0131m\u0131z Toroslar \u00e7ok \u00f6nemli. Halka s\u00f6z\u00fcm\u00fcz var; Toroslar&#8217;a hizmet edece\u011fiz, Toroslar&#8217;\u0131 kalk\u0131nd\u0131raca\u011f\u0131z. Size s\u00f6z verdik. Toroslar&#8217;\u0131 kalk\u0131nd\u0131raca\u011f\u0131z. Tarsus da Yeni\u015fehir de Mezitli de Silifke de, Ayd\u0131nc\u0131k da Anamur da bizim belediyelerimiz. Yeter ki i\u015f birli\u011fine a\u00e7\u0131k olal\u0131m&#8221;<\/strong>&nbsp;ifadelerini kulland\u0131. 31 Mart&#8217;ta T\u00fcrkiye i\u00e7in yeni bir umut kap\u0131s\u0131 a\u00e7\u0131ld\u0131\u011f\u0131na dikkat \u00e7eken Se\u00e7er, yurtta\u015flar\u0131n CHP&#8217;ye umut ba\u011flad\u0131\u011f\u0131na i\u015faret ederek,&nbsp;<strong>&#8220;Bunun de\u011ferini bilmemiz, halka lay\u0131k olmam\u0131z ve gece g\u00fcnd\u00fcz \u00e7al\u0131\u015fmam\u0131z laz\u0131m&#8221;<\/strong>&nbsp;dedi.<\/p>\n\n\n\n<p>Programda, CHP Mersin \u0130l Ba\u015fkan\u0131 Koral \u00d6m\u00fcr, CHP Mersin Milletvekili G\u00fclcan K\u0131\u015f, Toroslar Belediye Ba\u015fkan\u0131 Abdurrahman Y\u0131ld\u0131z, CHP Kad\u0131n Kollar\u0131 MYK \u00dcyesi Hatice Us da g\u00fcn\u00fcn anlam ve \u00f6nemine ili\u015fkin birer konu\u015fma ger\u00e7ekle\u015ftirdi.<\/p>\n","protected":false},"excerpt":{"rendered":"<p>Mersin B\u00fcy\u00fck\u015fehir Belediye Ba\u015fkan\u0131 Vahap Se\u00e7er, Zafer Bayram\u0131 dolay\u0131s\u0131yla Cumhuriyet Halk Partisi (CHP) Mersin \u0130l Ba\u015fkanl\u0131\u011f\u0131 taraf\u0131ndan d\u00fczenlenen kutlama program\u0131na kat\u0131ld\u0131. &#8220;Anadolu insan\u0131, \u00fclkeyi emperyalistlerden temizledi&#8221; CHP Mersin \u0130l Ba\u015fkanl\u0131\u011f\u0131 bah\u00e7esinde d\u00fczenlenen programda konu\u015fan Ba\u015fkan Se\u00e7er, &nbsp;&#8220;Bayramlar\u0131m\u0131za sahip \u00e7\u0131kmak, cumhuriyetimize sahip \u00e7\u0131kmakt\u0131r. Cumhuriyete sahip \u00e7\u0131kmak Atat\u00fcrk&#8217;\u00fcm\u00fcze sahip \u00e7\u0131kmak, Atat\u00fcrk&#8217;\u00fcm\u00fcze sahip \u00e7\u0131kmak vatan\u0131m\u0131za, milletimize sahip \u00e7\u0131kmak [&hellip;]<\/p>\n","protected":false},"author":2,"featured_media":34869,"comment_status":"closed","ping_status":"closed","sticky":false,"template":"","format":"standard","meta":{"footnotes":""},"categories":[3,5],"tags":[],"class_list":["post-34868","post","type-post","status-publish","format-standard","has-post-thumbnail","hentry","category-manset","category-mersin"],"views":7,"_links":{"self":[{"href":"https:\/\/mersinkadingazetesi.com\/index.php?rest_route=\/wp\/v2\/posts\/34868"}],"collection":[{"href":"https:\/\/mersinkadingazetesi.com\/index.php?rest_route=\/wp\/v2\/posts"}],"about":[{"href":"https:\/\/mersinkadingazetesi.com\/index.php?rest_route=\/wp\/v2\/types\/post"}],"author":[{"embeddable":true,"href":"https:\/\/mersinkadingazetesi.com\/index.php?rest_route=\/wp\/v2\/users\/2"}],"replies":[{"embeddable":true,"href":"https:\/\/mersinkadingazetesi.com\/index.php?rest_route=%2Fwp%2Fv2%2Fcomments&post=34868"}],"version-history":[{"count":1,"href":"https:\/\/mersinkadingazetesi.com\/index.php?rest_route=\/wp\/v2\/posts\/34868\/revisions"}],"predecessor-version":[{"id":34870,"href":"https:\/\/mersinkadingazetesi.com\/index.php?rest_route=\/wp\/v2\/posts\/34868\/revisions\/34870"}],"wp:featuredmedia":[{"embeddable":true,"href":"https:\/\/mersinkadingazetesi.com\/index.php?rest_route=\/wp\/v2\/media\/34869"}],"wp:attachment":[{"href":"https:\/\/mersinkadingazetesi.com\/index.php?rest_route=%2Fwp%2Fv2%2Fmedia&parent=34868"}],"wp:term":[{"taxonomy":"category","embeddable":true,"href":"https:\/\/mersinkadingazetesi.com\/index.php?rest_route=%2Fwp%2Fv2%2Fcategories&post=34868"},{"taxonomy":"post_tag","embeddable":true,"href":"https:\/\/mersinkadingazetesi.com\/index.php?rest_route=%2Fwp%2Fv2%2Ftags&post=34868"}],"curies":[{"name":"wp","href":"https:\/\/api.w.org\/{rel}","templated":true}]}}