{"id":34877,"date":"2024-09-01T10:07:15","date_gmt":"2024-09-01T07:07:15","guid":{"rendered":"https:\/\/mersinkadingazetesi.com\/?p=34877"},"modified":"2024-09-01T10:07:15","modified_gmt":"2024-09-01T07:07:15","slug":"zaferin-coskusu-yaylalara-tasti","status":"publish","type":"post","link":"https:\/\/mersinkadingazetesi.com\/?p=34877","title":{"rendered":"ZAFER&#8217;\u0130N CO\u015eKUSU YAYLALARA TA\u015eTI"},"content":{"rendered":"\n<p>Zafer&#8217;in g\u00fcn\u00fc 30 A\u011fustos Zafer Bayram\u0131&#8217;n\u0131 kentin her noktas\u0131nda kutlayan ve insanlar\u0131n y\u00fcz\u00fcn\u00fc g\u00fcld\u00fcrmek i\u00e7in birbirinden renkli etkinliklere ev sahipli\u011fi yapan Mersin B\u00fcy\u00fck\u015fehir Belediyesi, yaylalar\u0131 da k\u00fclt\u00fcr, sanat ve spor etkinlikleriyle co\u015fturdu. Mut&#8217;un Kozlar ve Sertavul Yaylalar\u0131 ile Silifke&#8217;nin Mara Yaylas\u0131&#8217;nda da y\u00fczlerce yurtta\u015f\u0131 bir araya getiren etkinlikler d\u00fczenleyen ekipler, Zafer ruhunu ya\u015fatt\u0131.<\/p>\n\n\n\n<p>B\u00fcy\u00fck\u015fehir K\u00fclt\u00fcr ve Sosyal \u0130\u015fler Dairesi Ba\u015fkanl\u0131\u011f\u0131 taraf\u0131ndan yap\u0131lan etkinlikler kapsam\u0131nda Mersin&#8217;in 13 il\u00e7esinde g\u00fcn boyu bir\u00e7ok noktada birbirinden g\u00fczel konserler verildi. Yurtta\u015flar Zafer Bayram\u0131&#8217;n\u0131n co\u015fkusu ve gururuyla konser ve etkinlik alanlar\u0131n\u0131 h\u0131nca h\u0131n\u00e7 doldurdu.<\/p>\n\n\n\n<p><strong>Erke\u00e7: &#8220;<em>&#8216;Ya\u015fas\u0131n Cumhuriyet, ilelebet Cumhuriyet&#8217;<\/em>&nbsp;diyoruz&#8221;<\/strong><\/p>\n\n\n\n<p>Kozlar Yaylas\u0131 halk\u0131 ile bir araya geldiklerini s\u00f6yleyen B\u00fcy\u00fck\u015fehir T\u00fcrk M\u00fczi\u011fi Toplulu\u011fu&#8217;nun sorumlusu Murat Salih G\u00f6khan Erke\u00e7,&nbsp;<strong>&#8220;Bug\u00fcn ger\u00e7ekten bizim i\u00e7in \u00e7ok \u00f6nemli. Her sene vatanda\u015flar\u0131m\u0131zla k\u00fclt\u00fcr etkinliklerinde bir araya geliyoruz, onlar\u0131 e\u011flendiriyoruz ama bug\u00fcn\u00fcn en g\u00fczel ve anlaml\u0131 oldu\u011fu taraf\u0131 30 A\u011fustos Zafer Bayram\u0131&#8217;m\u0131z\u0131n 102. y\u0131l d\u00f6n\u00fcm\u00fcn\u00fc kutluyoruz. Bu bizim i\u00e7in \u00e7ok g\u00fczel bir an ve biz sadece Kozlar&#8217;da de\u011filiz&#8221;<\/strong>&nbsp;diyerek, Mersin&#8217;in pek \u00e7ok noktas\u0131nda konserler oldu\u011funun alt\u0131n\u0131 \u00e7izdi. Erke\u00e7, g\u00fcn\u00fcn anlam ve \u00f6nemine hitaben&nbsp;<strong>&#8220;\u00d6ncelikle Ba\u015fkomutan\u0131m\u0131z, Ulu \u00d6nderimiz Gazi Mustafa Kemal Atat\u00fcrk ve silah arkada\u015flar\u0131n\u0131 rahmetle ve minnetle yad ediyor ve an\u0131yoruz.&nbsp;<em>&#8216;Ya\u015fas\u0131n Cumhuriyet, ilelebet Cumhuriyet&#8217;<\/em>&nbsp;diyoruz. \u00c7ok g\u00fczel bir toplulu\u011fa hitap edece\u011fiz ve eserlerimizi haz\u0131rlad\u0131\u011f\u0131m\u0131z program\u0131m\u0131z\u0131 Kozlarl\u0131 hem\u015ferilerimizle 30 A\u011fustos ruhuna uygun bir \u015fekilde de\u011ferlendirece\u011fiz&#8221;<\/strong>&nbsp;s\u00f6zlerine yer verdi.<\/p>\n\n\n\n<p><strong>Yayla halk\u0131 m\u00fcziklerle co\u015ftu, Zafer Bayram\u0131 ile gururland\u0131<\/strong><\/p>\n\n\n\n<p>Dostlar\u0131 ile beraber konseri dinlemeye geldiklerini s\u00f6yleyen Aysel Kurt,&nbsp;<strong>&#8220;30 A\u011fustos kurtulu\u015fumuzun y\u0131l d\u00f6n\u00fcm\u00fc. Atat\u00fcrk herkese, \u00e7ocu\u011fumuza, gen\u00e7lere arma\u011fan etmi\u015f. Biz de bunu y\u0131llarca kutlayaca\u011f\u0131z&#8221;<\/strong>&nbsp;dedi. Mersin B\u00fcy\u00fck\u015fehir Belediye Ba\u015fkan\u0131 Vahap Se\u00e7er&#8217;in \u00e7ok g\u00fczel hizmetler sundu\u011funun alt\u0131n\u0131 \u00e7izen Kurt, e\u011flendi\u011fini belirtti. Almanya&#8217;dan Mersin&#8217;e geldiklerini s\u00f6yleyen Ekrem \u00c7\u0131nar ise,&nbsp;<strong>&#8220;B\u00fcy\u00fck\u015fehir Belediye Ba\u015fkan\u0131m\u0131za te\u015fekk\u00fcr ederiz&#8221;<\/strong>&nbsp;dedi.&nbsp;&nbsp;<\/p>\n\n\n\n<p>Eme\u011fi ge\u00e7en herkese te\u015fekk\u00fcr eden Mihriba Kama,&nbsp;<strong>&#8220;Bug\u00fcn anlam\u0131 \u00e7ok b\u00fcy\u00fck. Bug\u00fcn\u00fcn anlam\u0131n\u0131 idrak etmek, anmak haliyle muhakkak g\u00fczel ama ileriki d\u00f6nemlerde ger\u00e7ekten bar\u0131\u015f i\u00e7inde, zafer i\u00e7inde hayat\u0131m\u0131z\u0131 s\u00fcrd\u00fcrebilmemizi T\u00fcrkiye&#8217;miz ad\u0131na temenni ederim&#8221;<\/strong>&nbsp;ifadelerine yer verdi. Mehtap Ay\u015fe S\u00f6ylemez de,&nbsp;<strong>&#8220;B\u00fcy\u00fck\u015fehir Belediyesi&#8217;nin getirdi\u011fi orkestra ve sanat\u00e7\u0131larla co\u015ftuk e\u011flendik. 30 A\u011fustos Zafer Bayram\u0131m\u0131z kutlu olsun&#8221;<\/strong>&nbsp;\u015feklinde konu\u015ftu.<\/p>\n","protected":false},"excerpt":{"rendered":"<p>Zafer&#8217;in g\u00fcn\u00fc 30 A\u011fustos Zafer Bayram\u0131&#8217;n\u0131 kentin her noktas\u0131nda kutlayan ve insanlar\u0131n y\u00fcz\u00fcn\u00fc g\u00fcld\u00fcrmek i\u00e7in birbirinden renkli etkinliklere ev sahipli\u011fi yapan Mersin B\u00fcy\u00fck\u015fehir Belediyesi, yaylalar\u0131 da k\u00fclt\u00fcr, sanat ve spor etkinlikleriyle co\u015fturdu. Mut&#8217;un Kozlar ve Sertavul Yaylalar\u0131 ile Silifke&#8217;nin Mara Yaylas\u0131&#8217;nda da y\u00fczlerce yurtta\u015f\u0131 bir araya getiren etkinlikler d\u00fczenleyen ekipler, Zafer ruhunu ya\u015fatt\u0131. B\u00fcy\u00fck\u015fehir K\u00fclt\u00fcr [&hellip;]<\/p>\n","protected":false},"author":2,"featured_media":34878,"comment_status":"closed","ping_status":"closed","sticky":false,"template":"","format":"standard","meta":{"footnotes":""},"categories":[3],"tags":[],"class_list":["post-34877","post","type-post","status-publish","format-standard","has-post-thumbnail","hentry","category-manset"],"views":7,"_links":{"self":[{"href":"https:\/\/mersinkadingazetesi.com\/index.php?rest_route=\/wp\/v2\/posts\/34877"}],"collection":[{"href":"https:\/\/mersinkadingazetesi.com\/index.php?rest_route=\/wp\/v2\/posts"}],"about":[{"href":"https:\/\/mersinkadingazetesi.com\/index.php?rest_route=\/wp\/v2\/types\/post"}],"author":[{"embeddable":true,"href":"https:\/\/mersinkadingazetesi.com\/index.php?rest_route=\/wp\/v2\/users\/2"}],"replies":[{"embeddable":true,"href":"https:\/\/mersinkadingazetesi.com\/index.php?rest_route=%2Fwp%2Fv2%2Fcomments&post=34877"}],"version-history":[{"count":1,"href":"https:\/\/mersinkadingazetesi.com\/index.php?rest_route=\/wp\/v2\/posts\/34877\/revisions"}],"predecessor-version":[{"id":34879,"href":"https:\/\/mersinkadingazetesi.com\/index.php?rest_route=\/wp\/v2\/posts\/34877\/revisions\/34879"}],"wp:featuredmedia":[{"embeddable":true,"href":"https:\/\/mersinkadingazetesi.com\/index.php?rest_route=\/wp\/v2\/media\/34878"}],"wp:attachment":[{"href":"https:\/\/mersinkadingazetesi.com\/index.php?rest_route=%2Fwp%2Fv2%2Fmedia&parent=34877"}],"wp:term":[{"taxonomy":"category","embeddable":true,"href":"https:\/\/mersinkadingazetesi.com\/index.php?rest_route=%2Fwp%2Fv2%2Fcategories&post=34877"},{"taxonomy":"post_tag","embeddable":true,"href":"https:\/\/mersinkadingazetesi.com\/index.php?rest_route=%2Fwp%2Fv2%2Ftags&post=34877"}],"curies":[{"name":"wp","href":"https:\/\/api.w.org\/{rel}","templated":true}]}}