{"id":34880,"date":"2024-09-01T10:10:02","date_gmt":"2024-09-01T07:10:02","guid":{"rendered":"https:\/\/mersinkadingazetesi.com\/?p=34880"},"modified":"2024-09-01T10:10:02","modified_gmt":"2024-09-01T07:10:02","slug":"buyuksehir-zafer-bayrami-coskusunu-kent-genelinde-muhtesem-konserle-taclandirdi","status":"publish","type":"post","link":"https:\/\/mersinkadingazetesi.com\/?p=34880","title":{"rendered":"B\u00dcY\u00dcK\u015eEH\u0130R, ZAFER BAYRAMI CO\u015eKUSUNU KENT GENEL\u0130NDE MUHTE\u015eEM KONSERLE TA\u00c7LANDIRDI"},"content":{"rendered":"\n<p>Mersin B\u00fcy\u00fck\u015fehir Belediyesi,&nbsp;<strong>&#8217;30 A\u011fustos Zafer Bayram\u0131&#8217;<\/strong>n\u0131n 102. y\u0131l d\u00f6n\u00fcm\u00fc co\u015fkusunu kentin d\u00f6rt bir yan\u0131nda d\u00fczenledi\u011fi konserlerle doru\u011fa \u00e7\u0131kard\u0131. Etkinlikler kapsam\u0131nda 7&#8217;den 70&#8217;e Mersinliler; Ulu \u00d6nder Gazi Mustafa Kemal Atat\u00fcrk ve silah arkada\u015flar\u0131n\u0131n destans\u0131 m\u00fccadele ile kazand\u0131\u011f\u0131 B\u00fcy\u00fck Taarruzu b\u00fcy\u00fck bir co\u015fku ve gururla kutlad\u0131.<\/p>\n\n\n\n<p>\u0130l\u00e7elerde Mut ve Silifke&#8217;de ger\u00e7ekle\u015ftirilen konserlerin yan\u0131 s\u0131ra merkezde \u00d6zgecan Aslan Bar\u0131\u015f Meydan\u0131 ve Marina Yan\u0131 K\u00fclt\u00fcr Park etkinliklerin adresi oldu. Merkezde; DJ performanslar\u0131 ile ba\u015flayan etkinlikler \u00d6zgecan Aslan Bar\u0131\u015f Meydan\u0131&#8217;da Dilara ve Orange Band ve ard\u0131ndan \u0130smet Demir ve Orkestras\u0131n\u0131n konserleri ile devam etti. Co\u015fkulu kalabal\u0131\u011f\u0131n alan\u0131 doldurdu\u011fu, 90&#8217;lar ve son d\u00f6nemin sevilen pop \u015fark\u0131lar\u0131n\u0131n seslendirildi\u011fi konserde k\u00fc\u00e7\u00fckten b\u00fcy\u00fc\u011fe herkes \u00e7alan par\u00e7alara e\u015flik etti.<\/p>\n\n\n\n<p>Kamp sandalyesini kapan, y\u00fcr\u00fcy\u00fc\u015f yaparken k\u0131sa bir mola vermek isteyenlerin u\u011frak adreslerinden biri olan K\u00fclt\u00fcr Park&#8217;ta da unutulmaz anlar ya\u015fand\u0131. K\u00fclt\u00fcr Park&#8217;ta ger\u00e7ekle\u015fen etkinlikte ise; hen\u00fcz 10 ya\u015f\u0131nda olmas\u0131na ra\u011fmen \u015fimdiden sergiledi\u011fi performansla gelece\u011fin ba\u015far\u0131l\u0131 DJ&#8217;lerden biri olma yolunda ilerleyen DJ Kuzey Toptani sahne ald\u0131. Etkinlikler, gen\u00e7lerin yo\u011fun ilgi g\u00f6sterdi\u011fi gruplardan biri olan Filozof Kedi ve Sidar Baran Ta\u015f konseri ile devam etti. Vatanda\u015flar, \u00e7al\u0131nan hareketli par\u00e7alar e\u015fli\u011finde oyunlar oynayarak a\u00e7\u0131k havan\u0131n tad\u0131n\u0131 \u00e7\u0131kard\u0131. Konserlerde, Gazi Mustafa Kemal Atat\u00fcrk ve silah arkada\u015flar\u0131 an\u0131larak, birlik ve beraberli\u011fin sembol\u00fc olan Mar\u015flar, hep bir a\u011f\u0131zdan b\u00fcy\u00fck bir co\u015fkuyla seslendirildi.<\/p>\n\n\n\n<p><strong>\u00d6zd\u00fclger: &#8220;Zafer Bayram\u0131 co\u015fkusunu kentin d\u00f6rt bir yan\u0131nda ya\u015famak istedik&#8221;<\/strong><\/p>\n\n\n\n<p>B\u00fcy\u00fck\u015fehir Belediyesi K\u00fclt\u00fcr ve Sosyal \u0130\u015fler Dairesi Ba\u015fkanl\u0131\u011f\u0131 Koordinat\u00f6r\u00fc, Opera Sanat\u00e7\u0131s\u0131 Bengi \u0130spir \u00d6zd\u00fclger, Zafer Bayram\u0131 co\u015fkusunu kentin d\u00f6rt bir yan\u0131nda ya\u015fatt\u0131klar\u0131n\u0131 belirterek,&nbsp;<strong>&#8220;\u00c7ok mutlu ve gururluyuz. Zafer Bayram\u0131&#8217;n\u0131n 102. Y\u0131l d\u00f6n\u00fcm\u00fc kutluyoruz. Herkesin Zafer Bayram\u0131 kutlu olsun. B\u00fcy\u00fck\u015fehir Belediyesi olarak da bu Zafer Bayram\u0131 co\u015fkusunu kentin d\u00f6rt bir yan\u0131nda ya\u015famak istedik. \u00d6zgecan Aslan Bar\u0131\u015f Meydan\u0131, e\u015f zamanl\u0131 olarak da Marina&#8217;da gruplar \u00e7\u0131kt\u0131. G\u00f6zne&#8217;deydik. B\u00fcy\u00fck\u015fehir Belediyesi T\u00fcrk Sanat M\u00fczi\u011fi ekibimiz oradayd\u0131. Mezitli&#8217;de Kent Orkestra&#8217;m\u0131z ssahne ald\u0131.&nbsp;&nbsp;Silifke&#8217;de Mara&#8217;da, Mut&#8217;ta ise Sertavul ve Kozlar&#8217;dayd\u0131k&#8221;<\/strong>&nbsp;dedi.<\/p>\n\n\n\n<p>Bu sene hem B\u00fcy\u00fck\u015fehir Belediyesi b\u00fcnyesinde faaliyet g\u00f6steren ekipler hem de yerli sanat\u00e7\u0131 ve m\u00fczisyenlerle organizasyon yapt\u0131klar\u0131n\u0131 kaydeden \u00d6zd\u00fclger,&nbsp;<strong>&#8220;\u00c7\u00fcnk\u00fc hep beraber b\u00fcy\u00fc\u011f\u00fcz. Hep beraber g\u00fc\u00e7l\u00fcy\u00fcz. Sahan\u0131n b\u00fcy\u00fcs\u00fcn\u00fc, Zafer&#8217;in co\u015fkusunu hep beraber ya\u015f\u0131yoruz. \u00c7ok gururlu ve mutluyuz&#8221;&nbsp;<\/strong>ifadelerini kulland\u0131.<\/p>\n\n\n\n<p><strong>Toptani: &#8220;Mersinlilerle hep birlikte 30 A\u011fustos Zafer Bayram\u0131 co\u015fkusunu ya\u015fad\u0131k&#8221;<\/strong><\/p>\n\n\n\n<p>K\u00fclt\u00fcr Park&#8217;ta sahne alan DJ Kuzey Toptani, etkinli\u011fin kendisi i\u00e7in g\u00fczel ve keyifli ge\u00e7ti\u011fini s\u00f6yleyerek, kimseden destek almadan kendi kendine bu i\u015fi yapamaya ba\u015flad\u0131\u011f\u0131n\u0131 ifade etti. Daha \u00f6nce Mersin dahil bir\u00e7ok yerde sahne ald\u0131\u011f\u0131n\u0131 s\u00f6yleyen Toptani,&nbsp;<strong>&#8220;Ku\u015fadas\u0131 sahillerinde, \u0130stanbul&#8217;da festivalde, daha \u00f6nce de burada sahne ald\u0131m. Ben hata yap\u0131nca vazge\u00e7miyorum. Mersinlilerle hep birlikte 30 A\u011fustos Zafer Bayram\u0131 co\u015fkusunu ya\u015fad\u0131k&#8221;<\/strong>&nbsp;ifadelerini kulland\u0131.<\/p>\n\n\n\n<p><strong>B\u00fcy\u00fckten k\u00fc\u00e7\u00fc\u011fe herkes, birlik ve beraberlik i\u00e7inde Zafer Bayram\u0131&#8217;n\u0131 b\u00fcy\u00fck bir gururla kutlad\u0131<\/strong><\/p>\n\n\n\n<p>Konsere e\u015fiyle birlikte gelen \u00d6zge \u00d6zalp etkinli\u011fi \u00e7ok be\u011fendi\u011fini s\u00f6yleyerek, duygular\u0131n\u0131,&nbsp;<strong>&#8220;\u00c7ok e\u011flendik. Vokallerin sesi muhte\u015fem. 30 A\u011fustos Zafer Bayram\u0131&#8217;n\u0131n ad\u0131na yara\u015f\u0131r bir \u015fekilde ge\u00e7ti&#8221;<\/strong>&nbsp;diyerek belirtti.<\/p>\n\n\n\n<p>Gen\u00e7lerden Kadir Y\u0131lmaz da arkada\u015f\u0131yla etkinli\u011fe geldi\u011fini ve Ba\u015fkan Vahap Se\u00e7er&#8217;i \u00e7ok sevdi\u011fini belirterek,&nbsp;<strong>&#8220;\u00c7ok mutluyuz. Nice bayramlar\u0131m\u0131z olsun. Opera b\u00f6l\u00fcm\u00fc mezunu biri olarak konseri \u00e7ok sevdim. Mersin B\u00fcy\u00fck\u015fehir Belediyesi b\u00f6yle \u00f6zel, anlaml\u0131 g\u00fcnleri nice sanatsal faaliyetlerle an\u0131yor&#8221;<\/strong>&nbsp;dedi.<\/p>\n\n\n\n<p>Gen\u00e7lerden \u015eirin \u00c7elik de,&nbsp;<strong>&#8220;Arkada\u015flar\u0131mla geldim. \u00c7alan grubu \u00e7ok seviyorum \u00f6zellikle Dilara ve grubunu. 30 A\u011fustos her zamanki gibi ad\u0131na yara\u015f\u0131r bir \u015fekilde ge\u00e7ti. B\u00fcy\u00fck\u015fehir&#8217;in etkinlikleri \u00e7ok g\u00fczel&#8221;<\/strong>&nbsp;diye konu\u015ftu.<\/p>\n\n\n\n<p>Diyarbak\u0131r&#8217;dan arkada\u015f\u0131n\u0131 ziyarete gelen ve ge\u00e7erken konsere u\u011frad\u0131\u011f\u0131n\u0131 s\u00f6yleyen Muhammet Kurt,&nbsp;<strong>&#8220;Etkinlik olduk\u00e7a iyi, hareketli ve e\u011flenceli ge\u00e7ti. \u0130nsanlar e\u011flendi ve ortam \u00e7ok g\u00fczeldi. On numara oldu&#8221;<\/strong>&nbsp;dedi.<\/p>\n\n\n\n<p>S\u00fcleyman Cengiz de etkinlikte \u00e7ok e\u011flendi\u011fini dile getirirken,&nbsp;<strong>&#8220;Ba\u015fkan\u0131m\u0131z Vahap Se\u00e7er bize bu imkanlar\u0131 sundu\u011fu i\u00e7in te\u015fekk\u00fcr ederiz. Ba\u015fkan&#8217;\u0131m\u0131zdan sonra Mersin bir k\u00fclt\u00fcr \u015fehri haline geldi&#8221;<\/strong>&nbsp;dedi.<\/p>\n\n\n\n<p>Vatanda\u015flardan Mustafa Kemal \u015eim\u015fek etkinli\u011fin kendisi i\u00e7in harika ge\u00e7ti\u011fini belirterek&nbsp;<strong>&#8220;Organizasyon harika. 7&#8217;den 70&#8217;e e\u011flendik. Birlik ve beraberlik ruhumuz var&#8221;<\/strong>&nbsp;dedi.<\/p>\n\n\n\n<p>Dilan Kaya da etkinli\u011fi \u00e7ok be\u011fendi\u011fini ve Mersin&#8217;de her kesime g\u00f6re etkinlikler oldu\u011funu kaydederek,&nbsp;<strong>&#8220;Genel olarak Ba\u015fkan\u0131m\u0131z Vahap Se\u00e7er&#8217;in ve Mersin&#8217;in etkinlikleri \u00e7ok g\u00fczel. Herkese g\u00f6re etkinlik yap\u0131lm\u0131\u015f. Sessizlik isteyenler i\u00e7in bir alan olu\u015fturulmu\u015f. \u00c7ok e\u011flenmek isteyen i\u00e7in bir alan var. Her kesime ayak uydurulmu\u015f. Ger\u00e7ekten 7&#8217;den 70&#8217;e herkes Zafer Bayram\u0131 co\u015fkusunu iliklerine kadar ya\u015fad\u0131&#8221;<\/strong>&nbsp;s\u00f6zlerine yer verdi.<\/p>\n\n\n\n<p>Etkinli\u011fe ailesi ile gelen \u00d6zlem \u00c7oban ise,&nbsp;<strong>&#8220;\u00c7ok g\u00fczel ge\u00e7ti. DJ performanslar\u0131, konserler m\u00fckemmeldi. Her \u015fey \u00e7ok iyiydi. \u00c7ok e\u011flendik. 30 A\u011fustos Zafer Bayram\u0131&#8217;na yara\u015f\u0131r bir performanst\u0131. Harika bir geceydi&#8221;<\/strong>&nbsp;dedi.<\/p>\n","protected":false},"excerpt":{"rendered":"<p>Mersin B\u00fcy\u00fck\u015fehir Belediyesi,&nbsp;&#8217;30 A\u011fustos Zafer Bayram\u0131&#8217;n\u0131n 102. y\u0131l d\u00f6n\u00fcm\u00fc co\u015fkusunu kentin d\u00f6rt bir yan\u0131nda d\u00fczenledi\u011fi konserlerle doru\u011fa \u00e7\u0131kard\u0131. Etkinlikler kapsam\u0131nda 7&#8217;den 70&#8217;e Mersinliler; Ulu \u00d6nder Gazi Mustafa Kemal Atat\u00fcrk ve silah arkada\u015flar\u0131n\u0131n destans\u0131 m\u00fccadele ile kazand\u0131\u011f\u0131 B\u00fcy\u00fck Taarruzu b\u00fcy\u00fck bir co\u015fku ve gururla kutlad\u0131. \u0130l\u00e7elerde Mut ve Silifke&#8217;de ger\u00e7ekle\u015ftirilen konserlerin yan\u0131 s\u0131ra merkezde \u00d6zgecan Aslan [&hellip;]<\/p>\n","protected":false},"author":2,"featured_media":34881,"comment_status":"closed","ping_status":"closed","sticky":false,"template":"","format":"standard","meta":{"footnotes":""},"categories":[3,5],"tags":[],"class_list":["post-34880","post","type-post","status-publish","format-standard","has-post-thumbnail","hentry","category-manset","category-mersin"],"views":4,"_links":{"self":[{"href":"https:\/\/mersinkadingazetesi.com\/index.php?rest_route=\/wp\/v2\/posts\/34880"}],"collection":[{"href":"https:\/\/mersinkadingazetesi.com\/index.php?rest_route=\/wp\/v2\/posts"}],"about":[{"href":"https:\/\/mersinkadingazetesi.com\/index.php?rest_route=\/wp\/v2\/types\/post"}],"author":[{"embeddable":true,"href":"https:\/\/mersinkadingazetesi.com\/index.php?rest_route=\/wp\/v2\/users\/2"}],"replies":[{"embeddable":true,"href":"https:\/\/mersinkadingazetesi.com\/index.php?rest_route=%2Fwp%2Fv2%2Fcomments&post=34880"}],"version-history":[{"count":1,"href":"https:\/\/mersinkadingazetesi.com\/index.php?rest_route=\/wp\/v2\/posts\/34880\/revisions"}],"predecessor-version":[{"id":34882,"href":"https:\/\/mersinkadingazetesi.com\/index.php?rest_route=\/wp\/v2\/posts\/34880\/revisions\/34882"}],"wp:featuredmedia":[{"embeddable":true,"href":"https:\/\/mersinkadingazetesi.com\/index.php?rest_route=\/wp\/v2\/media\/34881"}],"wp:attachment":[{"href":"https:\/\/mersinkadingazetesi.com\/index.php?rest_route=%2Fwp%2Fv2%2Fmedia&parent=34880"}],"wp:term":[{"taxonomy":"category","embeddable":true,"href":"https:\/\/mersinkadingazetesi.com\/index.php?rest_route=%2Fwp%2Fv2%2Fcategories&post=34880"},{"taxonomy":"post_tag","embeddable":true,"href":"https:\/\/mersinkadingazetesi.com\/index.php?rest_route=%2Fwp%2Fv2%2Ftags&post=34880"}],"curies":[{"name":"wp","href":"https:\/\/api.w.org\/{rel}","templated":true}]}}