{"id":34883,"date":"2024-09-01T10:12:25","date_gmt":"2024-09-01T07:12:25","guid":{"rendered":"https:\/\/mersinkadingazetesi.com\/?p=34883"},"modified":"2024-09-01T10:12:25","modified_gmt":"2024-09-01T07:12:25","slug":"baskan-secer-baskan-yildiz-ile-birlikte-toroslarin-yaylalarini-ziyaret-etti","status":"publish","type":"post","link":"https:\/\/mersinkadingazetesi.com\/?p=34883","title":{"rendered":"BA\u015eKAN SE\u00c7ER, BA\u015eKAN YILDIZ \u0130LE B\u0130RL\u0130KTE TOROSLAR&#8217;IN YAYLALARINI Z\u0130YARET ETT\u0130"},"content":{"rendered":"\n<p>Mersin B\u00fcy\u00fck\u015fehir Belediye Ba\u015fkan\u0131 Vahap Se\u00e7er, hafta sonunda Toroslar \u0130l\u00e7esi&#8217;nin yaylalar\u0131n\u0131 ziyaret ederek, yurtta\u015flarla bir araya geldi. Ba\u015fkan Se\u00e7er, Toroslar Belediye Ba\u015fkan\u0131 Abdurrahman Y\u0131ld\u0131z ile birlikte Arslank\u00f6y, Yavca, G\u00fczelyayla ve De\u011firmendere mahallelerini ziyaret etti.<\/p>\n\n\n\n<p>Ba\u015fkan Vahap Se\u00e7er&#8217;e ziyaretlerinde; Toroslar Belediye Ba\u015fkan\u0131 Abdurrahman Y\u0131ld\u0131z, Cumhuriyet Halk Partisi (CHP) Mersin Milletvekilleri G\u00fclcan K\u0131\u015f, Talat Din\u00e7er ile Hasan Ufuk \u00c7ak\u0131r, CHP MYK \u00dcyesi Hatice Us, CHP Toroslar \u0130l\u00e7e Ba\u015fkan\u0131 Cumali Akba\u015f, Meclis \u00fcyeleri ve Mersin B\u00fcy\u00fck\u015fehir Belediyesi ile MESK\u0130 b\u00fcrokratlar\u0131 e\u015flik etti.<\/p>\n\n\n\n<p>Gitti\u011fi her yerde co\u015fkuyla kar\u015f\u0131lanan Ba\u015fkan Se\u00e7er, her mahallelinin Zafer Bayram\u0131&#8217;n\u0131 tek tek kutlad\u0131. Yurtta\u015flar\u0131n taleplerini ve sorular\u0131n\u0131 dinleyen Se\u00e7er, yo\u011fun sevgi seliyle mahallelerden u\u011furland\u0131.<\/p>\n\n\n\n<p><strong>\u0130lk ziyaret Arslank\u00f6y&#8217;e<\/strong><\/p>\n\n\n\n<p>Ba\u015fkan Se\u00e7er&#8217;in ilk ziyareti Arslank\u00f6y Mahallesi&#8217;ne oldu. Se\u00e7er burada esnaf ziyareti de yaparken, esnafa&nbsp;<strong><em>&#8216;Hay\u0131rl\u0131 \u0130\u015fler&#8217;<\/em><\/strong>&nbsp;dile\u011finde bulundu.<\/p>\n\n\n\n<p>Arslank\u00f6y&#8217;de t\u00fcm yurtta\u015flar\u0131n Zafer Bayram\u0131&#8217;n\u0131 kutlayarak konu\u015fmas\u0131na ba\u015flayan Ba\u015fkan Se\u00e7er,&nbsp;<strong>&#8220;Memleketimle, \u00fclkemle, milletimle gurur duyuyorum. Ne varsa onlar i\u00e7in; b\u00fct\u00fcn azmimiz, kararl\u0131l\u0131\u011f\u0131m\u0131z, \u00e7al\u0131\u015fmam\u0131z onlar i\u00e7in. Sizlerin sevgisi, bize g\u00f6sterdi\u011fi sayg\u0131 bizlerin enerji kayna\u011f\u0131. Yoksa bu zorlu g\u00f6revde ba\u015far\u0131l\u0131 olmak m\u00fcmk\u00fcn de\u011fil&#8221;&nbsp;<\/strong>ifadelerine yer verdi. Mersin&#8217;de oldu\u011fu gibi Toroslar&#8217;da da g\u00fczel \u015feyler oldu\u011funu kaydeden Se\u00e7er,&nbsp;<strong>&#8220;5 y\u0131ll\u0131k s\u00fcre i\u00e7erisinde \u00e7ok i\u015fler yap\u0131laca\u011f\u0131ndan eminim. Ne yapt\u0131\u011f\u0131m\u0131z\u0131 biliyoruz. Abdurrahman ba\u015fkan\u0131m\u0131 gayet iyi tan\u0131yorum, birikimini, azmini, insanlara bak\u0131\u015f\u0131n\u0131, insan sevgisini biliyorum&#8221;&nbsp;<\/strong>diyerek, Toroslar halk\u0131n\u0131n da deste\u011finin devam etmesini istedi.<\/p>\n\n\n\n<p>G\u00f6reve ba\u015flad\u0131\u011f\u0131 ilk 5 y\u0131lda Meclis \u00e7o\u011funluklar\u0131n\u0131n olmamas\u0131na ra\u011fmen b\u00fct\u00fcn i\u015fleri aksatmadan yapt\u0131klar\u0131n\u0131 kaydeden Se\u00e7er,&nbsp;<strong>&#8220;Yol da yapt\u0131k, su da getirdik, fakirin fukaran\u0131n yan\u0131nda da durduk. Kad\u0131nlar\u0131n da \u00e7ocuklar\u0131m\u0131z\u0131n da her zaman yan\u0131nda olduk. Ayn\u0131 \u015fekilde devam edecek. \u015eimdi \u00e7ok daha g\u00fc\u00e7l\u00fcy\u00fcz. \u00c7\u00fcnk\u00fc; halk\u0131n bize ilgisini, sevgisini soka\u011fa \u00e7\u0131kt\u0131\u011f\u0131m\u0131z zaman g\u00f6r\u00fcyorduk. Ama sand\u0131ktan \u00e7\u0131kan say\u0131sal netice o sevginin, sayg\u0131n\u0131n, memnuniyetin, g\u00fcvenin tescili oldu. Y\u00fczde 60 gibi bir oyla Mersin&#8217;de t\u00fcm tarihlerin en y\u00fcksek oyla se\u00e7ilen bir Belediye Ba\u015fkan\u0131 olarak tabii ki kendime g\u00fcvenim de artt\u0131, \u00f6zg\u00fcvenim de artt\u0131 ama bunun yan\u0131nda sorumlulu\u011funda artt\u0131&#8221;<\/strong>&nbsp;ifadelerine yer verdi.<\/p>\n\n\n\n<p>Geni\u015f kitlelerin kendisine g\u00fcvenerek oy verdi\u011fini s\u00f6yleyen Se\u00e7er,&nbsp;<strong>&#8220;Y\u00fczde 60&#8217;a yak\u0131n oy \u00e7\u0131kt\u0131ysa sadece bunu benim mensubu oldu\u011fum partili yolda\u015flar\u0131m de\u011fil, benim gibi d\u00fc\u015f\u00fcnen, \u00fclkesini milletini seven, Atat\u00fcrk&#8217;\u00fcn yolundan giden bir\u00e7ok partiye oy veren insanlar da verdi. Bizim yolumuz bir&#8221;<\/strong>&nbsp;dedi. A\u015fk\u0131n\u0131n hizmet oldu\u011funun alt\u0131n\u0131 \u00e7izen Se\u00e7er,&nbsp;<strong>&#8220;Biz hizmet a\u015f\u0131\u011f\u0131 insanlar\u0131z. Bu da vatanda\u015f a\u015fk\u0131ndan kaynaklan\u0131yor&#8221;<\/strong>&nbsp;\u015feklinde konu\u015ftu.<\/p>\n\n\n\n<p><strong>&#8220;El ele verirsek Arslank\u00f6y&#8217;de \u00e7ok daha g\u00fczel i\u015fler olur&#8221;<\/strong><\/p>\n\n\n\n<p>K\u0131rsal kesimin da\u011fl\u0131k b\u00f6lgeler oldu\u011funu ifade eden Se\u00e7er, b\u00f6lgenin en b\u00fcy\u00fck taleplerinden birinin yol oldu\u011funu belirtti. Program dahilinde 5 y\u0131l boyunca yola ili\u015fkin b\u00fct\u00fcn talepleri Toroslar Belediyesi ve Arslank\u00f6y Muhtar\u0131 ile birlikte tek tek yapacaklar\u0131n\u0131 kaydeden Se\u00e7er,&nbsp;<strong>&#8220;Gayemiz ortak, biz de oy ald\u0131k, biz de destek ald\u0131k, biz de hizmet yapmak istiyoruz. Muhtar\u0131mla, Abdurrahman Ba\u015fkanla el ele verirsek Arslank\u00f6y&#8217;de \u00e7ok daha g\u00fczel i\u015fler olur&#8221;<\/strong>&nbsp;dedi. Uyumun oldu\u011fu yerde bereketin oldu\u011funu vurgulayan Se\u00e7er,&nbsp;<strong>&#8220;Yol da h\u0131zl\u0131 yap\u0131l\u0131r, su da erken gelir, civar temizli\u011fi de g\u00fczel olur, tar\u0131m deste\u011fi de fazla olur. Fakire, fukaraya, isteyene, garibe gurebaya Belediyelerin hizmetleri de fazla olur. \u00c7\u00fcnk\u00fc uyum vard\u0131r, uyumun oldu\u011fu yerde bereket vard\u0131r. Bu 5 y\u0131ll\u0131k s\u00fcrede Arslank\u00f6y&#8217;de Toroslar&#8217;da \u00e7ok g\u00fczel hizmetler olacak&#8221;<\/strong>&nbsp;s\u00f6zlerine yer verdi.<\/p>\n\n\n\n<p>Yaylalarda yap\u0131lacak hizmetler i\u00e7in yo\u011funlu\u011fun bitmesini beklediklerini belirten Se\u00e7er, yapt\u0131klar\u0131 \u00e7al\u0131\u015fmalar kapsam\u0131nda yeni bir i\u00e7me suyu kayna\u011f\u0131 bulduklar\u0131n\u0131 s\u00f6yleyerek,&nbsp;<strong>&#8220;Elimiz hep buran\u0131n \u00fczerinde&#8221;<\/strong>&nbsp;dedi. Kurakl\u0131k nedeniyle su sorununun ya\u015fand\u0131\u011f\u0131n\u0131 ve bu soruna kar\u015f\u0131 \u00e7\u00f6z\u00fcm bulmak i\u00e7in \u00e7al\u0131\u015fmalar yapt\u0131klar\u0131n\u0131 vurgulayan Se\u00e7er,&nbsp;<strong>&#8220;Umut ediyorum bu y\u0131l daha yo\u011fun bir kar ya\u011f\u0131\u015f\u0131 al\u0131r\u0131z. Bizim i\u00e7in kar ya\u011f\u0131\u015f\u0131 \u00f6nemli. Merkezde bir sorun ya\u015famad\u0131k, Eyl\u00fcl&#8217;e de girdik. Do\u011fal olarak y\u00fcksek yerlere su \u00e7\u0131km\u0131yor ama bu kurakl\u0131k kaynakl\u0131 yeralt\u0131 sular\u0131 bile kurudu. Kaynaklar kurudu, yoksa merkezde bir sorun yok&#8221;<\/strong>&nbsp;diye anlatt\u0131.&nbsp;&nbsp;<\/p>\n\n\n\n<p><strong>&#8220;Tarihin en y\u00fcksek yat\u0131r\u0131m\u0131yla Tarsus&#8217;tan Anamur&#8217;a altyap\u0131 sorunlar\u0131 5 y\u0131lda bitecek&#8221;<\/strong><\/p>\n\n\n\n<p>MESK\u0130&#8217;nin h\u0131z kesmeden \u00e7al\u0131\u015ft\u0131\u011f\u0131n\u0131 s\u00f6yleyen Se\u00e7er,&nbsp;<strong>&#8220;MESK\u0130 modernize oldu, oluyor, olmaya devam ediyor. \u00c7ok yat\u0131r\u0131mlar yap\u0131yoruz ama hep sizler i\u00e7in, \u00e7ocuklar\u0131m\u0131z i\u00e7in. Tarihin en y\u00fcksek yat\u0131r\u0131m\u0131 ile Anamur&#8217;dan Tarsus&#8217;a kadar her b\u00f6lgede altyap\u0131 \u00e7al\u0131\u015fmalar\u0131n\u0131n \u00e7o\u011funu be\u015f y\u0131lda bitirece\u011fiz. Y\u00fczde 80&#8217;i bitirece\u011fiz, altyap\u0131 sorunlar\u0131n\u0131n tamam\u0131n\u0131 giderece\u011fiz. Bu konuda \u00e7ok b\u00fcy\u00fck i\u015fler yapt\u0131k. \u0130lk 5 y\u0131l b\u00fct\u00fcn kredi kurulu\u015flar\u0131yla temas\u0131m\u0131z oldu. Projeleri bitirdik, finansman\u0131 \u00e7\u0131kard\u0131k, hatta bir k\u0131sm\u0131 ba\u015flad\u0131&#8221;<\/strong>&nbsp;diyerek, g\u00fczel haberlerle konu\u015fmas\u0131n\u0131 sonland\u0131rd\u0131.<\/p>\n\n\n\n<p><strong>&#8220;806 mahallede hangi noktada ne gerekiyorsa hepsine Ba\u015fkan d\u00fczeyinde hakimiz&#8221;<\/strong><\/p>\n\n\n\n<p>Yavca Mahallesi&#8217;nde yapt\u0131\u011f\u0131 konu\u015fmas\u0131nda B\u00fcy\u00fck\u015fehir ve MESK\u0130 olarak mahalle halk\u0131nda y\u00f6nelik yap\u0131lan hizmetlerden s\u00f6z eden Ba\u015fkan Se\u00e7er, su s\u0131k\u0131nt\u0131s\u0131n\u0131n \u00e7\u00f6z\u00fcm\u00fc i\u00e7in 100 milyon lira de\u011ferinde yat\u0131r\u0131m yap\u0131laca\u011f\u0131n\u0131 aktard\u0131. Se\u00e7er,&nbsp;<strong>&#8220;Belediyecilik bir kamu hizmetidir. Belediye ba\u015fkan\u0131 t\u00fcccar de\u011fildir. Merak etmeyin biz sadece Yavca de\u011fil 806 mahallede emin olun hangi noktada ne gerekiyorsa hepsine Ba\u015fkan d\u00fczeyinde hakimiz&#8221;<\/strong>&nbsp;dedi.<\/p>\n\n\n\n<p><strong>&#8220;Hizmetler devam edecek, hi\u00e7 merak etmeyin&#8221;<\/strong><\/p>\n\n\n\n<p>Ba\u015fkanl\u0131k g\u00f6revine se\u00e7ildi\u011fi 2019 y\u0131l\u0131nda B\u00fcy\u00fck\u015fehir Belediyesi&#8217;nin 2 milyar 250 milyon MESK\u0130&#8217;nin ise 750 milyon TL borcu oldu\u011funu hat\u0131rlatan Se\u00e7er,&nbsp;<strong>&#8220;Toplam 530 milyon dolar. Dedim,&nbsp;<em>&#8216;Ne yapt\u0131n\u0131z siz bu paray\u0131?&#8217;<\/em>&nbsp;Bak\u0131n \u015fimdi bizim borcumuz 250 milyon dolar azald\u0131 biliyor musunuz? Darphanemiz vard\u0131, para bast\u0131kta m\u0131 bu borcumu \u00f6dedik. Gelen para. Bor\u00e7lanma da vermediler bize, sat\u0131\u015f da yapam\u0131yorduk ama siz vergi \u00f6d\u00fcyorsunuz o para bana geliyor. Ben de yolunuzu yap\u0131yorum, d\u00fczg\u00fcn y\u00f6nettik. Aman bu yetim hakk\u0131 bize laf s\u00f6z getirmeyin dedik. Aman \u00e7almay\u0131n \u00e7ald\u0131rmay\u0131n, bu para hepimizin. Bir liral\u0131k mal\u0131 \u00fc\u00e7 liraya yapmayal\u0131m, israf etmeyelim. \u015eimdi bu d\u00fczeni b\u00f6yle kurarsan benim gibi \u015f\u00fckredersin. Ben \u015f\u00fckrediyorum ve \u00e7ok g\u00fczel hizmetler devam edecek. Hi\u00e7 merak etmeyin&#8221;<\/strong>&nbsp;diye konu\u015ftu.<\/p>\n\n\n\n<p><strong>&#8220;Bir d\u00f6nemlik m\u00fccadeleyle Akdeniz Meyve Sine\u011fi&#8217;ni \u00f6nleyemezsiniz&#8221;<\/strong><\/p>\n\n\n\n<p>Hizmetlerin devam edece\u011fini dile getiren Se\u00e7er, Mahalle Muhtar\u0131 taraf\u0131ndan aktar\u0131lan Akdeniz Meyve Sine\u011fi sorunu hakk\u0131nda da \u00f6nemli bilgilendirmelerde bulundu. \u00d6nceki g\u00fcn Kazanl\u0131 Mahallesi&#8217;nde yap\u0131lan hidrolize protein deste\u011fini anlatan Se\u00e7er,&nbsp;<strong>&#8220;Kazanl\u0131&#8217;da da ele\u015ftiri yapt\u0131m h\u00fck\u00fcmete. \u00c7\u00fcnk\u00fc ziraat daireleri iyi \u00e7al\u0131\u015fm\u0131yor. Bunu sadece orada s\u00f6ylemedim. Vali Bey&#8217;e de s\u00f6yledim, o da iyi niyetle gayretle bir \u015fey yapmak istiyor. Dedim ki&nbsp;<em>&#8216;Say\u0131n Valim bu b\u00f6yle olmaz&#8217;<\/em>&nbsp;dedim. Ziraat daireleri on iki ay i\u015fini iyi yapacak. Bir d\u00f6nemlik m\u00fccadeleyle Akdeniz Meyve Sine\u011fi&#8217;ni \u00f6nleyemezsiniz. \u015eimdi ben destek veriyorum. Bahar d\u00f6neminde de bu sert \u00e7ekirdekliler i\u00e7in yine deste\u011fimiz devam edecek. Biz bu konuda \u00f6n\u00fcm\u00fczdeki y\u0131lda Akdeniz Meyve Sine\u011fi zararl\u0131s\u0131 i\u00e7in k\u00fc\u00e7\u00fck \u00fcreticilere yap\u0131\u015fkan tuzak deste\u011fi vermeye devam edece\u011fiz&#8221;<\/strong>&nbsp;ifadelerini kulland\u0131.<\/p>\n\n\n\n<p><strong>Se\u00e7er, G\u00fczelyaylal\u0131lar\u0131n Zafer Bayram\u0131&#8217;n\u0131 kutlad\u0131<\/strong><\/p>\n\n\n\n<p>Daha sonra G\u00fczelyaylal\u0131 yurtta\u015flarla bayramla\u015fan Se\u00e7er, son se\u00e7imlerde kendisine artan destekler i\u00e7in de te\u015fekk\u00fcr etti. Yapt\u0131\u011f\u0131 hizmetlerin g\u00f6r\u00fcn\u00fcr oldu\u011funu ve bunun oylarla kar\u015f\u0131l\u0131k buldu\u011funu s\u00f6yleyen Se\u00e7er,&nbsp;<strong>&#8220;Toroslar Belediyesi MHP&#8217;liydi. Ama biz yine yapm\u0131\u015f\u0131z. \u015eimdi hi\u00e7 olmazsa can\u0131m\u0131zdan biri Belediye Ba\u015fkan\u0131m\u0131z, g\u00f6n\u00fcl rahatl\u0131\u011f\u0131yla gelip yapar\u0131z&#8221;<\/strong>&nbsp;dedi.<\/p>\n\n\n\n<p><strong>&#8220;T\u00fcrkiye&#8217;de ba\u015far\u0131 oran\u0131 en y\u00fcksek e\u011fitim kurumu Mersin B\u00fcy\u00fck\u015fehir Belediyesi&#8217;dir&#8221;<\/strong><\/p>\n\n\n\n<p>G\u00fczelyayla&#8217;ya yap\u0131lm\u0131\u015f bir dizi deste\u011fi sayan Se\u00e7er, ar\u0131c\u0131l\u0131ktan tar\u0131ma, g\u0131da kolisinden Halk Kart&#8217;a, hayvanc\u0131l\u0131ktan un da\u011f\u0131t\u0131m\u0131yla \u00f6\u011frencilere burs ve e\u011fitim deste\u011fiyle herkese e\u015fit hizmet verildi\u011finin alt\u0131n\u0131 \u00e7izdi. 7 bin 200 \u00f6\u011frencinin B\u00fcy\u00fck\u015fehir&#8217;in e\u011fitim kurumlar\u0131ndan yararland\u0131\u011f\u0131n\u0131 kaydeden Se\u00e7er,&nbsp;<strong>&#8220;E\u011fitim kurumlar\u0131 i\u00e7erisinde, T\u00fcrkiye&#8217;de \u00f6zel sekt\u00f6r\u00fc de kat\u0131yorum, ba\u015far\u0131 oran\u0131 en y\u00fcksek e\u011fitim kurumu Mersin B\u00fcy\u00fck\u015fehir Belediyesi&#8217;dir&#8221;<\/strong>&nbsp;diyerek, ba\u015far\u0131n\u0131n kayna\u011f\u0131n\u0131n e\u015fitlik\u00e7i bak\u0131\u015f a\u00e7\u0131s\u0131 oldu\u011funu vurgulad\u0131. B\u00fcy\u00fck\u015fehir&#8217;de \u00e7al\u0131\u015fan \u00f6\u011fretmenlerin sadece s\u0131navdaki ba\u015far\u0131lar\u0131na bakt\u0131klar\u0131n\u0131 s\u00f6yleyen Se\u00e7er, Atat\u00fcrk&#8217;\u00fcn izinde, laik e\u011fitim veren e\u011fitimcilerin B\u00fcy\u00fck\u015fehir&#8217;de oldu\u011funu aktard\u0131.<\/p>\n\n\n\n<p><strong>&#8220;Herkesin kimli\u011fine sayg\u0131l\u0131y\u0131z&#8221;<\/strong><\/p>\n\n\n\n<p>Herkesin kimli\u011fine sayg\u0131l\u0131 olduklar\u0131n\u0131 vurgulayan Se\u00e7er,&nbsp;<strong>&#8220;Kim nas\u0131l ya\u015famak istiyorsa, giyinmek istiyorsa, hangi siyasi partiye oy vermek istiyorsa verir. Millet beni belediye ba\u015fkan\u0131 yaparken&nbsp;<em>&#8216;Gel belediye ba\u015fkan\u0131 ol, benim vergilerimle topluma nifak sok, birbirimize d\u00fc\u015f\u00fcr, kavga ettir&#8217;&nbsp;<\/em>diye oy vermiyor. Diyor ki&nbsp;<em>&#8216;Bak arkada\u015f buras\u0131 demokratik bir \u00fclke, se\u00e7ildin. Art\u0131k partini bir kenara b\u0131rak ge\u00e7 sana vergilerimizden gelen paray\u0131 harca, yolumuzu yap, ihtiyac\u0131m\u0131z yap&#8217;<\/em>. Biz de bunu yap\u0131yoruz, 5 y\u0131l bunu yapt\u0131k&#8221;&nbsp;<\/strong>ifadelerine yer verdi.<\/p>\n\n\n\n<p>T\u00fcrkiye&#8217;de en \u00e7ok oyunu artt\u0131ran B\u00fcy\u00fck\u015fehir Belediye Ba\u015fkan\u0131 oldu\u011funu ve y\u00fczde 60&#8217;a yak\u0131n oy ald\u0131\u011f\u0131n\u0131, mensubu oldu\u011fu CHP&#8217;nin de Cumhuriyet tarihinde ilk defa y\u00fczde 48 oyla birinci parti oldu\u011funu hat\u0131rlatan Se\u00e7er,&nbsp;<strong>&#8220;Neden oldu? Orada da milliyet\u00e7i insanlar var dedi ki&nbsp;<em>&#8216;Bizim bu propagandalara karn\u0131m\u0131z tok. Geldi \u00dc\u00e7tepe yolunu yapt\u0131, Elvanl\u0131&#8217;dan su getirdi bize, tar\u0131m deste\u011fi yapt\u0131, 50 kilometre sulama borusu deste\u011fi yapt\u0131, hayvan deste\u011fi yapt\u0131. Demedi ki Bu k\u00f6y \u0130Y\u0130 Partili, MHP&#8217;li, Ak Partili&#8217;<\/em>&nbsp;y\u00fczde 60 oy verdi. Biz hizmet i\u00e7in sizden oy istiyoruz&#8221;<\/strong>&nbsp;\u015feklinde konu\u015ftu.<\/p>\n\n\n\n<p><strong>&#8220;Biz hizmetleri yoktan var ettik&#8221;<\/strong><\/p>\n\n\n\n<p>Hizmetleri yoktan var ederek yapt\u0131klar\u0131n\u0131 s\u00f6yleyen Se\u00e7er, konu\u015fmas\u0131n\u0131 \u015fu s\u00f6zlerle s\u00fcrd\u00fcrd\u00fc:<\/p>\n\n\n\n<p><strong>&#8220;Ge\u00e7ti\u011finiz 5 y\u0131l Meclis&#8217;i takip etmediniz mi? Ba\u015fkan hepsini anlat\u0131yordu;&nbsp;<em>&#8216;Bak\u0131n bana b\u00f6yle bir tablo b\u0131rakt\u0131n\u0131z. \u015eu kadar bor\u00e7 b\u0131rakt\u0131n\u0131z, bu kadar y\u00fck b\u0131rakt\u0131n\u0131z, bana bor\u00e7lanma vermiyorsunuz. Benim i\u015fimi aksat\u0131yorsunuz, imzam\u0131 vermiyorsunuz ama ben buna ra\u011fmen bu hizmeti yapaca\u011f\u0131m&#8217;<\/em>&nbsp;dedi. Yapt\u0131 m\u0131, yapmam\u0131\u015f olsa y\u00fczde 60&#8217;a yak\u0131n oy almazd\u0131. Ben milletimin ferasetine inan\u0131yorum. Ben milletime sayg\u0131l\u0131 bir insan\u0131m. \u00c7\u0131kt\u0131 milletim&nbsp;<em>&#8216;Hay\u0131r ben hizmete oy verece\u011fim&#8217;<\/em>&nbsp;dedi ve hizmete oy verdi.&#8221;<\/strong><\/p>\n\n\n\n<p><strong>Se\u00e7er&#8217;in son dura\u011f\u0131 De\u011firmendere<\/strong><\/p>\n\n\n\n<p>Se\u00e7er son olarak da De\u011firmendere Mahallesi&#8217;ni ziyaret etti ve yurtta\u015f\u0131n bayram\u0131n\u0131 kutlad\u0131. Hizmetlerinden bahseden Se\u00e7er, talepleri dinledi ve sorular\u0131 yan\u0131tlad\u0131.<\/p>\n\n\n\n<p>Ziyaretlerde; Toroslar Belediye Ba\u015fkan\u0131 Abdurrahman Y\u0131ld\u0131z, Cumhuriyet Halk Partisi (CHP) Mersin Milletvekilleri G\u00fclcan K\u0131\u015f, Talat Din\u00e7er ile Hasan Ufuk \u00c7ak\u0131r, CHP Toroslar \u0130l\u00e7e Ba\u015fkan\u0131 Cumali Akba\u015f, Arslank\u00f6y Mahalle Muhtar\u0131 Z\u00fcleyha Ay, Yavca Mahalle Muhtar\u0131 Metin T\u00fcrkay, G\u00fczelyayla Mahalle Muhtar\u0131 Mehmet S\u00fct ve De\u011firmendere Mahalle Muhtar\u0131 Harun Karag\u00f6z de birer konu\u015fma yapt\u0131.<\/p>\n","protected":false},"excerpt":{"rendered":"<p>Mersin B\u00fcy\u00fck\u015fehir Belediye Ba\u015fkan\u0131 Vahap Se\u00e7er, hafta sonunda Toroslar \u0130l\u00e7esi&#8217;nin yaylalar\u0131n\u0131 ziyaret ederek, yurtta\u015flarla bir araya geldi. Ba\u015fkan Se\u00e7er, Toroslar Belediye Ba\u015fkan\u0131 Abdurrahman Y\u0131ld\u0131z ile birlikte Arslank\u00f6y, Yavca, G\u00fczelyayla ve De\u011firmendere mahallelerini ziyaret etti. Ba\u015fkan Vahap Se\u00e7er&#8217;e ziyaretlerinde; Toroslar Belediye Ba\u015fkan\u0131 Abdurrahman Y\u0131ld\u0131z, Cumhuriyet Halk Partisi (CHP) Mersin Milletvekilleri G\u00fclcan K\u0131\u015f, Talat Din\u00e7er ile Hasan [&hellip;]<\/p>\n","protected":false},"author":2,"featured_media":34884,"comment_status":"closed","ping_status":"closed","sticky":false,"template":"","format":"standard","meta":{"footnotes":""},"categories":[2,3],"tags":[],"class_list":["post-34883","post","type-post","status-publish","format-standard","has-post-thumbnail","hentry","category-gundem","category-manset"],"views":20,"_links":{"self":[{"href":"https:\/\/mersinkadingazetesi.com\/index.php?rest_route=\/wp\/v2\/posts\/34883"}],"collection":[{"href":"https:\/\/mersinkadingazetesi.com\/index.php?rest_route=\/wp\/v2\/posts"}],"about":[{"href":"https:\/\/mersinkadingazetesi.com\/index.php?rest_route=\/wp\/v2\/types\/post"}],"author":[{"embeddable":true,"href":"https:\/\/mersinkadingazetesi.com\/index.php?rest_route=\/wp\/v2\/users\/2"}],"replies":[{"embeddable":true,"href":"https:\/\/mersinkadingazetesi.com\/index.php?rest_route=%2Fwp%2Fv2%2Fcomments&post=34883"}],"version-history":[{"count":1,"href":"https:\/\/mersinkadingazetesi.com\/index.php?rest_route=\/wp\/v2\/posts\/34883\/revisions"}],"predecessor-version":[{"id":34885,"href":"https:\/\/mersinkadingazetesi.com\/index.php?rest_route=\/wp\/v2\/posts\/34883\/revisions\/34885"}],"wp:featuredmedia":[{"embeddable":true,"href":"https:\/\/mersinkadingazetesi.com\/index.php?rest_route=\/wp\/v2\/media\/34884"}],"wp:attachment":[{"href":"https:\/\/mersinkadingazetesi.com\/index.php?rest_route=%2Fwp%2Fv2%2Fmedia&parent=34883"}],"wp:term":[{"taxonomy":"category","embeddable":true,"href":"https:\/\/mersinkadingazetesi.com\/index.php?rest_route=%2Fwp%2Fv2%2Fcategories&post=34883"},{"taxonomy":"post_tag","embeddable":true,"href":"https:\/\/mersinkadingazetesi.com\/index.php?rest_route=%2Fwp%2Fv2%2Ftags&post=34883"}],"curies":[{"name":"wp","href":"https:\/\/api.w.org\/{rel}","templated":true}]}}