{"id":34894,"date":"2024-09-01T15:34:35","date_gmt":"2024-09-01T12:34:35","guid":{"rendered":"https:\/\/mersinkadingazetesi.com\/?p=34894"},"modified":"2024-09-01T15:34:36","modified_gmt":"2024-09-01T12:34:36","slug":"toroslarda-temizlik-sorunu-kokten-cozulecek","status":"publish","type":"post","link":"https:\/\/mersinkadingazetesi.com\/?p=34894","title":{"rendered":"&#8220;TOROSLAR&#8217;DA TEM\u0130ZL\u0130K SORUNU K\u00d6KTEN \u00c7\u00d6Z\u00dcLECEK&#8221;"},"content":{"rendered":"\n<p>Toroslar Belediye Ba\u015fkan\u0131 Abdurrahman Y\u0131ld\u0131z, g\u00f6revde olduklar\u0131 6 ayl\u0131k s\u00fcre i\u00e7inde temizlik i\u015fleri ara\u00e7 filosunu gen\u00e7le\u015ftirdiklerini, personel say\u0131s\u0131n\u0131 da art\u0131rd\u0131klar\u0131n\u0131 s\u00f6yledi. \u00c7\u00f6p konteynerlerinin bir harita \u00fczerinde, elektronik ortamda takip edecekleri bir sistem \u00fczerinde \u00e7al\u0131\u015ft\u0131klar\u0131n\u0131 belirten Y\u0131ld\u0131z, &#8220;Toroslar&#8217;da temizlik meselesini \u00e7\u00f6zece\u011fiz. Toroslar&#8217;da vatanda\u015f\u0131m\u0131z \u00e7\u00f6p\u00fcn ne zaman al\u0131naca\u011f\u0131n\u0131 bilecek, hangi saatte kamyonun geldi\u011fini, hangi saatte s\u00fcp\u00fcrge arac\u0131n\u0131n kendi soka\u011f\u0131nda olaca\u011f\u0131n\u0131 bilecek&#8221; dedi.<\/p>\n\n\n\n<p>Toroslar Belediye Ba\u015fkan\u0131 Abdurrahman Y\u0131ld\u0131z, &#8220;Mahallede Temizlik Var&#8221; kampanyas\u0131n\u0131n alt\u0131nc\u0131 haftas\u0131nda Turgut T\u00fcrkalp ve Turun\u00e7lu mahallesi sakinleriyle bir araya geldi.<\/p>\n\n\n\n<p>Ba\u015fkan Y\u0131ld\u0131z, temizlik konusunda fark\u0131ndal\u0131k yaratmay\u0131 ama\u00e7layan kampanya kapsam\u0131nda mahalle sakinleri, belediye ba\u015fkan yard\u0131mc\u0131lar\u0131, meclis \u00fcyeleri ve mahalle muhtarlar\u0131yla birlikte sokaklar\u0131 gezdi, temizlik \u00e7al\u0131\u015fmalar\u0131na kat\u0131ld\u0131.<\/p>\n\n\n\n<p>Belediyenin onlarca i\u015f\u00e7isi ve arac\u0131 da e\u015f zamanl\u0131 olarak her iki mahallede yol ve kald\u0131r\u0131m s\u00fcp\u00fcrme, \u00e7\u00f6p toplama, y\u0131kama ve ila\u00e7lama i\u015flemleri yapt\u0131.<\/p>\n\n\n\n<p><strong>&#8220;TEM\u0130ZL\u0130K ALANINDA C\u0130DD\u0130 \u00c7ALI\u015eMALARIMIZ VAR&#8221;<\/strong><\/p>\n\n\n\n<p>Toroslar Belediye Ba\u015fkan\u0131 Abdurrahman Y\u0131ld\u0131z, &#8220;Temizlik kampanyam\u0131z devam ediyor. Toroslar&#8217;\u0131 tertemiz yapmak i\u00e7in s\u00f6z vermi\u015ftik. Halk\u0131m\u0131zla birlikte, mahallelilerimizle birlikte kampanyam\u0131z\u0131 devam ettiriyoruz. 6 ayd\u0131r Toroslar&#8217;da y\u00f6netimdeyiz. Temizlik meselesini mutlaka hal yoluna koyaca\u011f\u0131m\u0131z\u0131 hem kampanya d\u00f6neminde hem de belediye ba\u015fkan\u0131 olduktan sonra muhtelif kereler konu\u015ftum. Buna ili\u015fkin ciddi \u00e7al\u0131\u015fmalar\u0131m\u0131z var. Sadece mahallelilerle birlikte, Toroslar halk\u0131yla birlikte sokaklar\u0131 s\u00fcp\u00fcrmek de\u011fil ayn\u0131 zamanda alet edevat\u0131m\u0131z\u0131 g\u00fc\u00e7lendirme, sokak s\u00fcp\u00fcrme ara\u00e7lar\u0131m\u0131z\u0131 g\u00fc\u00e7lendirme ve temizlik i\u015flerindeki personel say\u0131m\u0131z\u0131 art\u0131rarak daha uzman personelle Toroslar&#8217;\u0131n temizlik sorununu \u00e7\u00f6zece\u011fimize dair s\u00f6z vermi\u015ftik. Bununla ilgili \u00e7al\u0131\u015fmalar\u0131m\u0131z h\u0131zla devam ediyor&#8221; dedi.<\/p>\n\n\n\n<p><strong>&#8220;ARA\u00c7LARIMIZI YEN\u0130LED\u0130K. PERSONEL\u0130 TAHK\u0130M ETT\u0130K&#8221;<\/strong><\/p>\n\n\n\n<p>G\u00f6reve geldiklerinde Toroslar Belediyesinin temizlik i\u015flerinde kulland\u0131\u011f\u0131 en yeni arac\u0131n 2014 model oldu\u011funu g\u00f6rd\u00fcklerini kaydeden Y\u0131ld\u0131z, &#8220;Ara\u00e7lar neredeyse sokaklarda y\u00fcr\u00fcyemez durumdayd\u0131. S\u0131k s\u0131k bozuluyordu ve temizlik i\u015fleri s\u00fcrekli aks\u0131yordu. Biz geldik, ilk yapt\u0131\u011f\u0131m\u0131z i\u015f Toroslar Belediyesinin makine park\u0131n\u0131n gen\u00e7le\u015ftirilmesi oldu. Art\u0131k Toroslar&#8217;da temizlik ara\u00e7lar\u0131 2023 model. S\u0131f\u0131r ara\u00e7larla temizlik hizmeti yap\u0131yoruz. S\u00fcp\u00fcrge arac\u0131 say\u0131m\u0131z\u0131 art\u0131rd\u0131k, personelimizi tahkim ediyoruz ve buraya i\u015finin uzman\u0131 arkada\u015flar\u0131m\u0131z\u0131 getirerek Toroslar&#8217;da temizlik konusunda ne kadar ciddi oldu\u011fumuzu g\u00f6stermeye \u00e7al\u0131\u015ft\u0131k&#8221; ifadelerini kulland\u0131.<\/p>\n\n\n\n<p><strong>&#8220;VATANDA\u015e SOKA\u011eINDAK\u0130 \u00c7\u00d6P\u00dcN NE ZAMAN ALINACA\u011eINI B\u0130LECEK&#8221;<\/strong><\/p>\n\n\n\n<p>Bir yandan temizlik i\u015flerini daha etkin hale getirirken bir yandan da toplumsal duyarl\u0131k yaratmak i\u00e7in &#8220;Mahallede Temizlik Var&#8221; kampanyas\u0131n\u0131 y\u00fcr\u00fctt\u00fcklerini ifade eden Ba\u015fkan Y\u0131ld\u0131z s\u00f6zlerini \u015f\u00f6yle s\u00fcrd\u00fcrd\u00fc:<\/p>\n\n\n\n<p>&#8220;Esasen temiz olman\u0131n kirletmemek oldu\u011funu anlatmak i\u00e7in bu \u00e7al\u0131\u015fmay\u0131 6 haftad\u0131r yap\u0131yoruz. Toroslar&#8217;\u0131n 67 mahallesi var. Bunlar\u0131n tamam\u0131nda bu temizlik kampanyas\u0131n\u0131 yapaca\u011f\u0131z. Buradaki temel hedef halk\u0131m\u0131zla birlikte sokaklar\u0131 temizlemek ve temizlik konusunda bir hassasiyet yaratmak. Ara\u00e7lar\u0131m\u0131z\u0131 yeniledik, konteynerlerimizi yeniledik, konteyner olmayan sokaklara getirece\u011fiz. Konteynerlerimizi haritada i\u015faretleyece\u011fiz, gerekirse elektronik takip sistemi yap\u0131p Toroslar&#8217;da temizlik meselesini \u00e7\u00f6zece\u011fiz. Toroslar&#8217;da vatanda\u015f\u0131m\u0131z \u00e7\u00f6p\u00fcn ne zaman al\u0131naca\u011f\u0131n\u0131 bilecek, hangi saatte kamyonun geldi\u011fini, hangi saatte s\u00fcp\u00fcrge arac\u0131m\u0131z\u0131n kendi soka\u011f\u0131nda olaca\u011f\u0131n\u0131 bilece\u011fi bir sistem oturtmaya \u00e7al\u0131\u015f\u0131yoruz. Mahallenize, soka\u011f\u0131n\u0131za \u00e7\u00f6p arac\u0131n\u0131n ne zaman gelece\u011fini siz de bileceksiniz. Sokaklar\u0131 s\u00fcp\u00fcren arkada\u015f\u0131m\u0131z\u0131n hangi saatte sizin soka\u011f\u0131n\u0131zda olaca\u011f\u0131n\u0131 bileceksiniz.&#8221;<\/p>\n","protected":false},"excerpt":{"rendered":"<p>Toroslar Belediye Ba\u015fkan\u0131 Abdurrahman Y\u0131ld\u0131z, g\u00f6revde olduklar\u0131 6 ayl\u0131k s\u00fcre i\u00e7inde temizlik i\u015fleri ara\u00e7 filosunu gen\u00e7le\u015ftirdiklerini, personel say\u0131s\u0131n\u0131 da art\u0131rd\u0131klar\u0131n\u0131 s\u00f6yledi. \u00c7\u00f6p konteynerlerinin bir harita \u00fczerinde, elektronik ortamda takip edecekleri bir sistem \u00fczerinde \u00e7al\u0131\u015ft\u0131klar\u0131n\u0131 belirten Y\u0131ld\u0131z, &#8220;Toroslar&#8217;da temizlik meselesini \u00e7\u00f6zece\u011fiz. Toroslar&#8217;da vatanda\u015f\u0131m\u0131z \u00e7\u00f6p\u00fcn ne zaman al\u0131naca\u011f\u0131n\u0131 bilecek, hangi saatte kamyonun geldi\u011fini, hangi saatte s\u00fcp\u00fcrge arac\u0131n\u0131n [&hellip;]<\/p>\n","protected":false},"author":2,"featured_media":34895,"comment_status":"closed","ping_status":"closed","sticky":false,"template":"","format":"standard","meta":{"footnotes":""},"categories":[3,9],"tags":[],"class_list":["post-34894","post","type-post","status-publish","format-standard","has-post-thumbnail","hentry","category-manset","category-saglik"],"views":5,"_links":{"self":[{"href":"https:\/\/mersinkadingazetesi.com\/index.php?rest_route=\/wp\/v2\/posts\/34894"}],"collection":[{"href":"https:\/\/mersinkadingazetesi.com\/index.php?rest_route=\/wp\/v2\/posts"}],"about":[{"href":"https:\/\/mersinkadingazetesi.com\/index.php?rest_route=\/wp\/v2\/types\/post"}],"author":[{"embeddable":true,"href":"https:\/\/mersinkadingazetesi.com\/index.php?rest_route=\/wp\/v2\/users\/2"}],"replies":[{"embeddable":true,"href":"https:\/\/mersinkadingazetesi.com\/index.php?rest_route=%2Fwp%2Fv2%2Fcomments&post=34894"}],"version-history":[{"count":1,"href":"https:\/\/mersinkadingazetesi.com\/index.php?rest_route=\/wp\/v2\/posts\/34894\/revisions"}],"predecessor-version":[{"id":34896,"href":"https:\/\/mersinkadingazetesi.com\/index.php?rest_route=\/wp\/v2\/posts\/34894\/revisions\/34896"}],"wp:featuredmedia":[{"embeddable":true,"href":"https:\/\/mersinkadingazetesi.com\/index.php?rest_route=\/wp\/v2\/media\/34895"}],"wp:attachment":[{"href":"https:\/\/mersinkadingazetesi.com\/index.php?rest_route=%2Fwp%2Fv2%2Fmedia&parent=34894"}],"wp:term":[{"taxonomy":"category","embeddable":true,"href":"https:\/\/mersinkadingazetesi.com\/index.php?rest_route=%2Fwp%2Fv2%2Fcategories&post=34894"},{"taxonomy":"post_tag","embeddable":true,"href":"https:\/\/mersinkadingazetesi.com\/index.php?rest_route=%2Fwp%2Fv2%2Ftags&post=34894"}],"curies":[{"name":"wp","href":"https:\/\/api.w.org\/{rel}","templated":true}]}}