{"id":34922,"date":"2024-09-02T15:11:04","date_gmt":"2024-09-02T12:11:04","guid":{"rendered":"https:\/\/mersinkadingazetesi.com\/?p=34922"},"modified":"2024-09-02T15:11:05","modified_gmt":"2024-09-02T12:11:05","slug":"secer-sahil-kenti-olmak-bir-sehre-cok-daha-farkli-bir-kimlik-katiyor","status":"publish","type":"post","link":"https:\/\/mersinkadingazetesi.com\/?p=34922","title":{"rendered":"SE\u00c7ER: &#8220;SAH\u0130L KENT\u0130 OLMAK, B\u0130R \u015eEHRE \u00c7OK DAHA FARKLI B\u0130R K\u0130ML\u0130K KATIYOR&#8221;"},"content":{"rendered":"\n<p>G\u00f6rev nedeniyle Mersin&#8217;i ziyaret eden Frans\u0131z Deniz Kuvvetleri&#8217;ne ait Languedoc F\u0131rkateyni Komutan\u0131 Yarbay Loic Boyer, Mersin B\u00fcy\u00fck\u015fehir Belediye Ba\u015fkan\u0131 Vahap Se\u00e7er&#8217;e nezaket ziyaretinde bulundu.<\/p>\n\n\n\n<p><strong>Yarbay Boyer: &#8220;Tarsus&#8217;un \u00e7ok tesiri alt\u0131nda kald\u0131m&#8221;<\/strong><\/p>\n\n\n\n<p>Mersin B\u00fcy\u00fck\u015fehir Belediyesi Ba\u015fkan Dan\u0131\u015fman\u0131 \u0130brahim Evrim&#8217;in de yer ald\u0131\u011f\u0131 ziyarette Languedoc F\u0131rkateyni Komutan\u0131 Yarbay Loic Boyer, Mersin&#8217;e ilk kez geldiklerinden s\u00f6z ederek, Ba\u015fkan Se\u00e7er&#8217;e de kendilerini a\u011f\u0131rlad\u0131\u011f\u0131 i\u00e7in te\u015fekk\u00fcrlerini iletti. Ba\u015fkan Se\u00e7er de bir araya gelmelerinden dolay\u0131 duydu\u011fu mutlulu\u011fu ifade etti. Mersin&#8217;e ilk kez geldiklerini ve Tarsus&#8217;u gezdi\u011finden s\u00f6z eden Yarbay Boyer,&nbsp;<strong>&#8220;Tarihi \u00e7ok seviyorum. Onun i\u00e7in \u00f6ncelikle m\u00fczeye, St. Paul Kuyusu&#8217;na ve St. Paul Kilisesi&#8217;ne gittim ve gezdim. \u00d6yle zannediyorum ki Tarsus&#8217;un 9 bin y\u0131l\u0131 a\u015fk\u0131n bir tarihi var. \u00c7ok tesir alt\u0131nda kald\u0131m&#8221;&nbsp;<\/strong>diye konu\u015ftu.<\/p>\n\n\n\n<p>Tarsus&#8217;un \u00e7ok tarihi bir \u015fehir oldu\u011fundan bahseden Ba\u015fkan Se\u00e7er de, Tarsus tarihi hakk\u0131nda bilgiler verirken, Mersin Liman\u0131&#8217;n\u0131n da burada olmas\u0131n\u0131n sebebinin Tarsus&#8217;taki baz\u0131 tarihi geli\u015fmeler oldu\u011funa de\u011findi. Tarsus&#8217;un yakla\u015f\u0131k 10 bin y\u0131l \u00f6nce olu\u015fmas\u0131n\u0131n nedeninin de Berdan Nehri oldu\u011funa de\u011finen Se\u00e7er,&nbsp;<strong>&#8220;Berdan Nehri \u00e7ok bereketli bir nehir. Berdan Nehri&#8217;nin tarihteki J\u00fcstinyen&#8217;e kadar \u00f6nemli kollar\u0131ndan bir tanesi gezdi\u011finiz m\u00fczenin alt\u0131ndan gidiyor&#8221;&nbsp;<\/strong>dedi ve bug\u00fcnk\u00fc Liman&#8217;\u0131n olu\u015fma \u015feklini anlatt\u0131.<\/p>\n\n\n\n<p><strong>Se\u00e7er, seyir ama\u00e7lar\u0131 hakk\u0131nda bilgi ald\u0131<\/strong><\/p>\n\n\n\n<p>Seyir ama\u00e7lar\u0131 hakk\u0131nda bilgi almak isteyen Se\u00e7er&#8217;e yan\u0131t veren Boyer,&nbsp;<strong>&#8220;Yak\u0131n Do\u011fu&#8217;daki kritik durumu biliyorsunuz. O y\u00fczden 2 ayl\u0131k bir g\u00f6revle g\u00f6revlendirildik. Bu arada ikmallerimiz i\u00e7in Mersin Liman\u0131&#8217;na u\u011fruyoruz. Tabi bu arada, bizim NATO m\u00fcttefikimiz T\u00fcrk Deniz Kuvvetleri&#8217;nizle daha iyi ili\u015fkiler kurmak ve onlarla birlikte ortak tatbikatlar yapabilmek i\u00e7in de f\u0131rsattan istifade ediyoruz&#8221;&nbsp;<\/strong>dedi.<\/p>\n\n\n\n<p><strong>Se\u00e7er: &#8220;Sahil kenti olmak, bir \u015fehre \u00e7ok daha farkl\u0131 bir kimlik kat\u0131yor&#8221;<\/strong><\/p>\n\n\n\n<p>Ba\u015fkan Se\u00e7er,&nbsp;<strong>&#8220;Biz de tabi buradaki geli\u015fmelerden en \u00e7abuk etkilenen k\u0131y\u0131 kentlerinden bir tanesiyiz. \u00d6zellikle hem Do\u011fu Akdeniz&#8217;deki geli\u015fmeler hem Orta Do\u011fu&#8217;daki \u00e7at\u0131\u015fmalar ve geli\u015fmeler bizi direkt etkiliyor&#8221;&nbsp;<\/strong>dedi. Se\u00e7er,<strong>&nbsp;&#8220;Her \u015feye ra\u011fmen sahil kenti olmak bir kente \u00e7ok daha farkl\u0131 bir kimlik kat\u0131yor. Daha hareketli ve daha enerjik oluyor. Tabi bir\u00e7ok \u00fclkeyi ve sahil kentlerini geziyorsunuz, sahil kentleri daha dinamik bir toplum oluyor. \u00d6zellikle de Akdeniz sahilleri bu \u015fekilde&#8221;&nbsp;<\/strong>diye belirtti.&nbsp;&nbsp;Yarbay Boyer ise,&nbsp;<strong>&#8220;Kentte b\u00fcy\u00fck bir faaliyet var. Ben de dinamik bir \u015fehir oldu\u011funuzu g\u00f6zlemledim&#8221;&nbsp;<\/strong>dedi.<\/p>\n\n\n\n<p>Ziyarette son olarak Se\u00e7er Boyer&#8217;e Krali\u00e7e Aba b\u00fcst\u00fc hediye ederken; Boyer de Se\u00e7er&#8217;e Languedoc Gemisi&#8217;nin ambleminin yer ald\u0131\u011f\u0131 bir tabak hediye etti.<\/p>\n","protected":false},"excerpt":{"rendered":"<p>G\u00f6rev nedeniyle Mersin&#8217;i ziyaret eden Frans\u0131z Deniz Kuvvetleri&#8217;ne ait Languedoc F\u0131rkateyni Komutan\u0131 Yarbay Loic Boyer, Mersin B\u00fcy\u00fck\u015fehir Belediye Ba\u015fkan\u0131 Vahap Se\u00e7er&#8217;e nezaket ziyaretinde bulundu. Yarbay Boyer: &#8220;Tarsus&#8217;un \u00e7ok tesiri alt\u0131nda kald\u0131m&#8221; Mersin B\u00fcy\u00fck\u015fehir Belediyesi Ba\u015fkan Dan\u0131\u015fman\u0131 \u0130brahim Evrim&#8217;in de yer ald\u0131\u011f\u0131 ziyarette Languedoc F\u0131rkateyni Komutan\u0131 Yarbay Loic Boyer, Mersin&#8217;e ilk kez geldiklerinden s\u00f6z ederek, Ba\u015fkan [&hellip;]<\/p>\n","protected":false},"author":2,"featured_media":34923,"comment_status":"closed","ping_status":"closed","sticky":false,"template":"","format":"standard","meta":{"footnotes":""},"categories":[7,3],"tags":[],"class_list":["post-34922","post","type-post","status-publish","format-standard","has-post-thumbnail","hentry","category-dunya","category-manset"],"views":10,"_links":{"self":[{"href":"https:\/\/mersinkadingazetesi.com\/index.php?rest_route=\/wp\/v2\/posts\/34922"}],"collection":[{"href":"https:\/\/mersinkadingazetesi.com\/index.php?rest_route=\/wp\/v2\/posts"}],"about":[{"href":"https:\/\/mersinkadingazetesi.com\/index.php?rest_route=\/wp\/v2\/types\/post"}],"author":[{"embeddable":true,"href":"https:\/\/mersinkadingazetesi.com\/index.php?rest_route=\/wp\/v2\/users\/2"}],"replies":[{"embeddable":true,"href":"https:\/\/mersinkadingazetesi.com\/index.php?rest_route=%2Fwp%2Fv2%2Fcomments&post=34922"}],"version-history":[{"count":1,"href":"https:\/\/mersinkadingazetesi.com\/index.php?rest_route=\/wp\/v2\/posts\/34922\/revisions"}],"predecessor-version":[{"id":34924,"href":"https:\/\/mersinkadingazetesi.com\/index.php?rest_route=\/wp\/v2\/posts\/34922\/revisions\/34924"}],"wp:featuredmedia":[{"embeddable":true,"href":"https:\/\/mersinkadingazetesi.com\/index.php?rest_route=\/wp\/v2\/media\/34923"}],"wp:attachment":[{"href":"https:\/\/mersinkadingazetesi.com\/index.php?rest_route=%2Fwp%2Fv2%2Fmedia&parent=34922"}],"wp:term":[{"taxonomy":"category","embeddable":true,"href":"https:\/\/mersinkadingazetesi.com\/index.php?rest_route=%2Fwp%2Fv2%2Fcategories&post=34922"},{"taxonomy":"post_tag","embeddable":true,"href":"https:\/\/mersinkadingazetesi.com\/index.php?rest_route=%2Fwp%2Fv2%2Ftags&post=34922"}],"curies":[{"name":"wp","href":"https:\/\/api.w.org\/{rel}","templated":true}]}}