{"id":34928,"date":"2024-09-03T11:52:06","date_gmt":"2024-09-03T08:52:06","guid":{"rendered":"https:\/\/mersinkadingazetesi.com\/?p=34928"},"modified":"2024-09-03T11:52:06","modified_gmt":"2024-09-03T08:52:06","slug":"buyuksehirin-koy-bizim-senlik-bizim-ekibi-bu-hafta-tarsustaydi","status":"publish","type":"post","link":"https:\/\/mersinkadingazetesi.com\/?p=34928","title":{"rendered":"B\u00dcY\u00dcK\u015eEH\u0130R&#8217;\u0130N &#8216;K\u00d6Y B\u0130Z\u0130M \u015eENL\u0130K B\u0130Z\u0130M&#8217; EK\u0130B\u0130 BU HAFTA TARSUS&#8217;TAYDI"},"content":{"rendered":"\n<p>Mersin B\u00fcy\u00fck\u015fehir Belediyesi&#8217;nin; \u00f6zellikle merkezde k\u00fclt\u00fcr ve sanat faaliyetlerine \u00e7ok fazla eri\u015fimi olmayan, k\u0131rsal ve dezavantajl\u0131 mahallelerde ya\u015fayan vatanda\u015flar i\u00e7in geleneksel hale getirdi\u011fi&nbsp;<strong>&#8216;K\u00f6y Bizim \u015eenlik Bizim&#8217;<\/strong>&nbsp;etkinlikleri t\u00fcm co\u015fkusuyla s\u00fcr\u00fcyor. K\u00fclt\u00fcr ve Sosyal \u0130\u015fler Dairesi koordinesinde ne\u015fe ve e\u011flenceyi her hafta farkl\u0131 bir il\u00e7ede vatanda\u015f\u0131n aya\u011f\u0131na g\u00f6t\u00fcren B\u00fcy\u00fck\u015fehir ekiplerinin bu haftaki dura\u011f\u0131nda Tarsus il\u00e7esine ba\u011fl\u0131 \u00c7amalan ve Yenice Mahallesi yer ald\u0131.<\/p>\n\n\n\n<p>Geleneksel \u00e7ocuk oyunlar\u0131ndan kukla \u015fovlara, y\u00fcz boyamadan tiyatro g\u00f6sterilerine kadar birbirinden renkli etkinliklere, \u00e7ocuklar\u0131n yan\u0131 s\u0131ra yeti\u015fkinler de yo\u011fun ilgi g\u00f6sterdi. Etkinlikte, \u00e7ocuklara tatl\u0131 ikraml\u0131klarla birlikte oyuncaklar da da\u011f\u0131t\u0131ld\u0131.<\/p>\n\n\n\n<p>Etkinlik bitiminde&nbsp;<strong>&#8216;Yayla \u015eenli\u011fi&#8217;&nbsp;<\/strong>kapsam\u0131nda B\u00fcy\u00fck\u015fehir&#8217;in Halk Oyunlar\u0131 ekibi, y\u00f6resel dans \u015fovlar\u0131n\u0131 bu kez Tarsuslular i\u00e7in sergiledi. Halk Oyunlar\u0131 ekibinin ard\u0131ndan, B\u00fcy\u00fck\u015fehir Belediyesi T\u00fcrk M\u00fczi\u011fi Grubu sahne ald\u0131. Mahalle sakinlerinin s\u0131k s\u0131k alk\u0131\u015f ve ritim tutarak e\u015flik etti\u011fi konserde, herkes doyas\u0131ya e\u011flenmenin tad\u0131n\u0131 \u00e7\u0131kard\u0131.<\/p>\n\n\n\n<p><strong>Uyan: &#8220;\u00c7ocuklar mutluysa hepimiz mutluyuz&#8221;<\/strong><\/p>\n\n\n\n<p>Mersin B\u00fcy\u00fck\u015fehir Belediyesi Ba\u015fkan Vekili ve Tarsus Belediye Ba\u015fkan Yard\u0131mc\u0131s\u0131 Ali Uyan, B\u00fcy\u00fck\u015fehir Belediyesi&#8217;nin 13 il\u00e7ede e\u015fit ve adaletli bir hizmet anlay\u0131\u015f\u0131 ile \u00e7al\u0131\u015ft\u0131\u011f\u0131n\u0131 ifade ederek, Ba\u015fkan Vahap Se\u00e7er&#8217;in Anamur&#8217;dan \u00c7aml\u0131yayla&#8217;ya kadar ayr\u0131m g\u00f6zetmeksizin hizmet yapt\u0131\u011f\u0131n\u0131 dile getirdi. Uyan,&nbsp;<strong>&#8220;Ba\u015fkan\u0131m\u0131z sosyal belediyecilikte, halk\u00e7\u0131 belediyecilikte T\u00fcrkiye&#8217;ye \u00f6rnek olmu\u015f bir belediye ba\u015fkan\u0131. Ho\u015fg\u00f6r\u00fcl\u00fc, y\u00fcre\u011fi insan sevgisiyle dolu bir belediye ba\u015fkan\u0131m\u0131z var. 2 belediyemiz de \u00e7ok g\u00fczel \u00e7al\u0131\u015f\u0131yor. Bug\u00fcn de g\u00fczel bir etkinlik oldu. \u00c7ocuklar sevindi ve mutlu oldu. Aileler de mutlu oldu. \u00c7ocuklar mutluysa hepimiz mutluyuz&#8221;<\/strong>&nbsp;s\u00f6zlerine yer verdi.<\/p>\n\n\n\n<p><strong>Muhtar \u00c7at\u0131kka\u015f: &#8220;B\u00fcy\u00fck\u015fehir sayesinde \u00e7ocuklar\u0131m\u0131z e\u011flendi, biz de \u00e7ok mutlu olduk&#8221;<\/strong><\/p>\n\n\n\n<p>\u00c7amalan Mahalle Muhtar\u0131 Mustafa \u00c7at\u0131kka\u015f, etkinli\u011fi d\u00fczenleyen B\u00fcy\u00fck\u015fehir Belediyesi&#8217;ne te\u015fekk\u00fcr ederek,&nbsp;<strong>&#8220;Bu etkinlik geleneksel hale gelince halk\u0131m\u0131z bana bu yaz bunun ne zaman olaca\u011f\u0131n\u0131 soruyordu. B\u00fcy\u00fck\u015fehir ekipleri geldiler ve \u00e7ocuklar\u0131m\u0131z\u0131 e\u011flendirdiler. Biz de \u00e7ok mutlu olduk&#8221;<\/strong>&nbsp;ifadelerini kulland\u0131.<\/p>\n\n\n\n<p><strong>Rengarenk ge\u00e7en etkinlikten hem \u00e7ocuklar hem de yeti\u015fkinler memnun ayr\u0131ld\u0131<\/strong><\/p>\n\n\n\n<p>Vatanda\u015flardan P\u0131nar Nurdo\u011fan etkinli\u011fi \u00e7ok be\u011fendi\u011fini s\u00f6yleyerek,&nbsp;<strong>&#8220;E\u011flence i\u00e7in geldik. Gayet g\u00fczeldi. Bu t\u00fcr etkinlikler bir k\u00f6y i\u00e7in bulunmaz bir \u015fey bence. Etkinlikte \u00e7ocuklar\u0131m\u0131z \u00e7ok e\u011flendi, biz onlardan daha \u00e7ok e\u011flendik&#8221;<\/strong>&nbsp;dedi.<\/p>\n\n\n\n<p>Bir ba\u015fka mahalle sakini Emine Dilli, etkinliklerin hangi g\u00fcn nerede yap\u0131laca\u011f\u0131n\u0131 devaml\u0131 takip etti\u011fini s\u00f6yleyerek,&nbsp;<strong>&#8220;Ben bir yaylac\u0131 olarak ge\u00e7en sene de bu \u015fenli\u011fe kat\u0131lm\u0131\u015ft\u0131m. Etkinli\u011fin k\u00fclt\u00fcrel bir y\u00f6n\u00fc de var. \u00c7ocuklar\u0131m\u0131z ve bizler i\u00e7in g\u00fczel bir s\u00fcre\u00e7&#8221;<\/strong>&nbsp;diye konu\u015ftu. \u00c7ocuklardan Zeki Aksu,&nbsp;<strong>&#8220;B\u00f6yle etkinliklerin olmas\u0131 ve insanlar\u0131n e\u011flenmesi iyi bir \u015fey. Etkinlikler \u00e7ok iyiydi. G\u00fczel oldu. Arkada\u015flar\u0131mla \u00e7ok iyi vakit ge\u00e7irdim&#8221;&nbsp;<\/strong>diyerek duygular\u0131n\u0131 belirtti.<\/p>\n\n\n\n<p><strong>\u015eenlik, vatanda\u015flara iyi geldi<\/strong><\/p>\n\n\n\n<p>Vatanda\u015flardan Emine Ko\u00e7ak, k\u0131z\u0131 ve e\u015fi ile birlikte etkinli\u011fe geldiklerini belirterek,&nbsp;<strong>&#8220;Yenice Mahallesi&#8217;nin b\u00f6yle bir etkinli\u011fe ihtiyac\u0131 vard\u0131. Etkinli\u011fin \u00e7ok iyi geldi\u011fini d\u00fc\u015f\u00fcn\u00fcyorum. Ba\u015fkanlar\u0131m\u0131za \u00e7ok te\u015fekk\u00fcr ediyoruz&#8221;&nbsp;<\/strong>ifadelerini kulland\u0131.<\/p>\n\n\n\n<p>Bedriye Gen\u00e7, etkinli\u011fe ailesi ile birlikte kat\u0131l\u0131m sa\u011flad\u0131\u011f\u0131ndan s\u00f6z ederek,&nbsp;<strong>&#8220;Etkinlik de konser de \u00e7ok g\u00fczeldi. B\u00f6yle bir \u015feye ihtiyac\u0131m\u0131z vard\u0131. M\u00fczi\u011fimizi, t\u00fcrk\u00fcm\u00fcz\u00fc dinlemeye geldik ve gayet de g\u00fczel ge\u00e7ti&#8221;&nbsp;<\/strong>diye duygular\u0131n\u0131 ifade etti. Vatanda\u015flardan Fadile Otan, Ba\u015fkan Se\u00e7er&#8217;e te\u015fekk\u00fcrlerini iletirken,&nbsp;<strong>&#8220;Bug\u00fcn Yenice halk\u0131 i\u00e7in \u00e7ok g\u00fczel oldu. Her sene olursa \u00e7ok mutlu oluruz. Herkes \u00e7ok mutlu ve y\u00fcz\u00fcnde g\u00fcl\u00fcc\u00fckler var&#8221;&nbsp;<\/strong>diye konu\u015ftu.<\/p>\n\n\n\n<p>Vatanda\u015flardan Haydar Y\u0131lmaz da etkinli\u011fin ve konserin \u00e7ok g\u00fczel ge\u00e7ti\u011finden s\u00f6z ederek,&nbsp;<strong>&#8220;Bug\u00fcn etkinli\u011fe arkada\u015flar\u0131mla geldim ve \u00e7ok g\u00fczel ge\u00e7ti. Bu t\u00fcr etkinliklere daha s\u0131k ihtiyac\u0131m\u0131z oldu\u011funu Yenice halk\u0131 ad\u0131na belirtmek istiyorum&#8221;&nbsp;<\/strong>dedi.<\/p>\n\n\n\n<p><strong>\u00c7ocuklar da etkinliklerle doyas\u0131ya e\u011flendi<\/strong><\/p>\n\n\n\n<p>\u00c7ocuklardan 10 ya\u015f\u0131ndaki Derin Selda Kuru, etkinli\u011fe annesi ve kuzeni ile birlikte geldi\u011fini ifade ederek,&nbsp;<strong>&#8220;Bug\u00fcn \u00e7ok e\u011flendim. Zaten buraya gelmeden \u00f6nce \u00e7ok heyecanl\u0131yd\u0131m. Y\u00fcz\u00fcm\u00fc boyatt\u0131m, balon ald\u0131m, dans ettik. Bence \u00e7ok e\u011flenceli ve g\u00fczeldi&#8221;&nbsp;<\/strong>dedi.<\/p>\n\n\n\n<p>\u00c7ocuklardan 12 ya\u015f\u0131ndaki Hasan Ko\u00e7,&nbsp;<strong>&#8220;Bence \u00e7ok e\u011flenceli bir \u015fenlikti. Oyunlar oynad\u0131k, e\u011flendik. Vahap Amca bug\u00fcn bizi \u00e7ok mutlu ettin. Sana \u00e7ok te\u015fekk\u00fcr ediyorum&#8221;&nbsp;<\/strong>ifadelerini kulland\u0131.&nbsp;<\/p>\n\n\n\n<p>\u00c7ocuklardan \u015eehrenaz Fidan ise,&nbsp;<strong>&#8220;\u00c7ok g\u00fczel bir g\u00fcn ge\u00e7irdim. Birlikte ip \u00e7ektik, oyun oynad\u0131k.&nbsp;&nbsp;Biz oyun oynarken ailelerimiz de bizi izledi. Onlar da g\u00fczel zaman ge\u00e7irdi&#8221;&nbsp;<\/strong>diye konu\u015ftu. \u00c7ocuklardan Emre \u00c7atal ise,&nbsp;<strong>&#8220;\u00c7ok g\u00fczel oldu. Arkada\u015flar\u0131m\u0131zla \u00e7ok g\u00fczel vakit ge\u00e7irdim. Vahap Amcama \u00e7ok te\u015fekk\u00fcr ederim. Hediyelerimizi de ald\u0131k&#8221;<\/strong>&nbsp;dedi.<\/p>\n","protected":false},"excerpt":{"rendered":"<p>Mersin B\u00fcy\u00fck\u015fehir Belediyesi&#8217;nin; \u00f6zellikle merkezde k\u00fclt\u00fcr ve sanat faaliyetlerine \u00e7ok fazla eri\u015fimi olmayan, k\u0131rsal ve dezavantajl\u0131 mahallelerde ya\u015fayan vatanda\u015flar i\u00e7in geleneksel hale getirdi\u011fi&nbsp;&#8216;K\u00f6y Bizim \u015eenlik Bizim&#8217;&nbsp;etkinlikleri t\u00fcm co\u015fkusuyla s\u00fcr\u00fcyor. K\u00fclt\u00fcr ve Sosyal \u0130\u015fler Dairesi koordinesinde ne\u015fe ve e\u011flenceyi her hafta farkl\u0131 bir il\u00e7ede vatanda\u015f\u0131n aya\u011f\u0131na g\u00f6t\u00fcren B\u00fcy\u00fck\u015fehir ekiplerinin bu haftaki dura\u011f\u0131nda Tarsus il\u00e7esine ba\u011fl\u0131 \u00c7amalan [&hellip;]<\/p>\n","protected":false},"author":2,"featured_media":34929,"comment_status":"closed","ping_status":"closed","sticky":false,"template":"","format":"standard","meta":{"footnotes":""},"categories":[3],"tags":[],"class_list":["post-34928","post","type-post","status-publish","format-standard","has-post-thumbnail","hentry","category-manset"],"views":7,"_links":{"self":[{"href":"https:\/\/mersinkadingazetesi.com\/index.php?rest_route=\/wp\/v2\/posts\/34928"}],"collection":[{"href":"https:\/\/mersinkadingazetesi.com\/index.php?rest_route=\/wp\/v2\/posts"}],"about":[{"href":"https:\/\/mersinkadingazetesi.com\/index.php?rest_route=\/wp\/v2\/types\/post"}],"author":[{"embeddable":true,"href":"https:\/\/mersinkadingazetesi.com\/index.php?rest_route=\/wp\/v2\/users\/2"}],"replies":[{"embeddable":true,"href":"https:\/\/mersinkadingazetesi.com\/index.php?rest_route=%2Fwp%2Fv2%2Fcomments&post=34928"}],"version-history":[{"count":1,"href":"https:\/\/mersinkadingazetesi.com\/index.php?rest_route=\/wp\/v2\/posts\/34928\/revisions"}],"predecessor-version":[{"id":34930,"href":"https:\/\/mersinkadingazetesi.com\/index.php?rest_route=\/wp\/v2\/posts\/34928\/revisions\/34930"}],"wp:featuredmedia":[{"embeddable":true,"href":"https:\/\/mersinkadingazetesi.com\/index.php?rest_route=\/wp\/v2\/media\/34929"}],"wp:attachment":[{"href":"https:\/\/mersinkadingazetesi.com\/index.php?rest_route=%2Fwp%2Fv2%2Fmedia&parent=34928"}],"wp:term":[{"taxonomy":"category","embeddable":true,"href":"https:\/\/mersinkadingazetesi.com\/index.php?rest_route=%2Fwp%2Fv2%2Fcategories&post=34928"},{"taxonomy":"post_tag","embeddable":true,"href":"https:\/\/mersinkadingazetesi.com\/index.php?rest_route=%2Fwp%2Fv2%2Ftags&post=34928"}],"curies":[{"name":"wp","href":"https:\/\/api.w.org\/{rel}","templated":true}]}}