{"id":34931,"date":"2024-09-03T11:53:54","date_gmt":"2024-09-03T08:53:54","guid":{"rendered":"https:\/\/mersinkadingazetesi.com\/?p=34931"},"modified":"2024-09-03T11:53:54","modified_gmt":"2024-09-03T08:53:54","slug":"toroslar-belediye-meclisi-baskan-yildiza-arsa-devri-konusunda-yetki-verdi","status":"publish","type":"post","link":"https:\/\/mersinkadingazetesi.com\/?p=34931","title":{"rendered":"TOROSLAR BELED\u0130YE MECL\u0130S\u0130, BA\u015eKAN YILDIZ&#8217;A ARSA DEVR\u0130 KONUSUNDA YETK\u0130 VERD\u0130"},"content":{"rendered":"\n<p>Toroslar Belediye Ba\u015fkan\u0131 Abdurrahman Y\u0131ld\u0131z, belediyeyi hareket edebilir, hizmet edebilir, bor\u00e7lar\u0131n\u0131 \u00f6deyebilir bir hale getirmeyi hedeflediklerini s\u00f6yledi. Belediyeye ait ta\u015f\u0131nmazlar\u0131n \u00f6nceki y\u0131llarda har vurulup harman savruldu\u011funu ifade eden Y\u0131ld\u0131z, &#8220;Elimizdeki m\u00fclkleri rasyonel kullanaca\u011f\u0131z&#8221; dedi.<\/p>\n\n\n\n<p>Toroslar Belediye Meclisi eyl\u00fcl ay\u0131 ola\u011fan toplant\u0131s\u0131 Belediye Ba\u015fkan\u0131 Abdurrahman Y\u0131ld\u0131z y\u00f6netiminde yap\u0131ld\u0131.<\/p>\n\n\n\n<p>Toplant\u0131n\u0131n a\u00e7\u0131l\u0131\u015f\u0131nda konu\u015fan Ba\u015fkan Y\u0131ld\u0131z, &#8220;6 haftad\u0131r sokak temizli\u011fi, mahalle temizli\u011fi kampanyas\u0131 yap\u0131yoruz. Belediyenin g\u00f6revi zaten temizlik yapmak, bu kampanyaya ne gerek var diyenler olabilir. Bu kampanyada amac\u0131m\u0131z \u015fu: Mahallelerde, vatanda\u015flar\u0131m\u0131z aras\u0131nda bir fark\u0131ndal\u0131k yaratmak. Sokaklar\u0131n temiz olabilmesi i\u00e7in buralar\u0131n evvela kirletilmemesi gerekir. Bu hassasiyeti yaratmak i\u00e7in bir \u00e7al\u0131\u015fma y\u00fcr\u00fct\u00fcyoruz. Kampanyada \u015funu g\u00f6r\u00fcyorum. Vatanda\u015f\u0131m\u0131z bizi orada g\u00f6rd\u00fc\u011f\u00fcnde, belediye meclisi \u00fcyelerimizi, \u00e7al\u0131\u015fanlar\u0131m\u0131z\u0131 g\u00f6rd\u00fc\u011f\u00fcnde kendisi de i\u015fin i\u00e7ine giriyor ve kendi temizledi\u011fi yeri kirletmek konusunda daha hassas davran\u0131yor. Konteyner eksiklerimizi tespit ettik. \u00c7\u00f6plerin d\u00f6k\u00fclmesinde eksiklerimiz vard\u0131 onlar\u0131 tespit ettik. \u0130nsanlar\u0131 dinledik ve arkada\u015flar\u0131m\u0131z bunlar\u0131 not ettiler. 2025 y\u0131l\u0131nda bu \u015fehirde problemli sokak, problemli mahalle kalmayacak. Temizlik meselesini k\u00f6kten \u00e7\u00f6zece\u011fiz. 2025 b\u00fct\u00e7esinde temel belediyecilik hizmetlerine daha fazla pay ay\u0131raca\u011f\u0131z. Sorunlar\u0131 \u00e7\u00f6zerken yeni sorunlar olmas\u0131n diye de temizlik konusunda bir fark\u0131ndal\u0131k olu\u015fturmak istiyoruz&#8221; dedi.<\/p>\n\n\n\n<p><strong>&#8220;KRE\u015eLERE KAPAS\u0130TEN\u0130N \u00dcZER\u0130NDE TALEP VAR&#8221;<\/strong><\/p>\n\n\n\n<p>Toroslar Belediyesinin a\u00e7t\u0131\u011f\u0131 kre\u015fe kapasitenin \u00fczerinde talep oldu\u011funu ifade eden Ba\u015fkan Y\u0131ld\u0131z, vatanda\u015flardan gelen talebin yapt\u0131klar\u0131 i\u015fin do\u011frulu\u011funu g\u00f6sterdi\u011fini vurgulad\u0131.<\/p>\n\n\n\n<p>Y\u0131ld\u0131z, yaz sezonu boyunca belediyenin a\u00e7t\u0131\u011f\u0131 y\u00fczme kurslar\u0131ndan bine yak\u0131n \u00e7ocu\u011fun faydaland\u0131\u011f\u0131n\u0131 da vurgulayarak, y\u00fczme havuzunu gelecek yaz sezonunda yeti\u015fkinlere de a\u00e7may\u0131 planlad\u0131klar\u0131n\u0131 anlatt\u0131.<\/p>\n\n\n\n<p><strong>&#8220;TOROSLAR&#8217;DA YA\u015eAYAN GEN\u00c7LER DE KAL\u0130TEL\u0130 E\u011e\u0130T\u0130M ALACAK&#8221;<\/strong><\/p>\n\n\n\n<p>Toroslar Belediye Meclisi toplant\u0131s\u0131nda, Sa\u011fl\u0131k Mahallesindeki Toroslar Akademi binas\u0131n\u0131n, E\u011fitim \u00d6\u011fretimi Destekleme Kurs Merkezi olarak kullan\u0131lmak \u015fart\u0131yla Mersin B\u00fcy\u00fck\u015fehir Belediyesine tahsis edilmesi teklifi g\u00f6r\u00fc\u015f\u00fcld\u00fc.<\/p>\n\n\n\n<p>Ba\u015fkan Y\u0131ld\u0131z, &#8220;Mersin B\u00fcy\u00fck\u015fehir Belediyesinin dershanesi Mersin&#8217;deki en g\u00fc\u00e7l\u00fc dershanelerden birisi. Bu alandaki \u00e7al\u0131\u015fmam\u0131z\u0131 m\u00fc\u015fterek hale getirelim dedik. \u00c7\u00fcnk\u00fc kendi imkanlar\u0131m\u0131zla bizim dershaneyi y\u00fcr\u00fctemeyece\u011fimizi g\u00f6rd\u00fck. Oraya ciddi yat\u0131r\u0131mlar yap\u0131lm\u0131\u015f, ciddi paralar harcanm\u0131\u015f ama ald\u0131\u011f\u0131m\u0131z sonu\u00e7 iyi de\u011fil. Meselemiz, Toroslar il\u00e7esinde ya\u015fayan gen\u00e7lerin nitelikli e\u011fitim almas\u0131. Toroslar&#8217;\u0131 betimleyen \u015fey yoksulluk ve yoksunluk. Toroslar&#8217;da ya\u015fayan gen\u00e7lerimizin en az ba\u015fka mahallelerde ya\u015fayanlar kadar kaliteli e\u011fitim alma, kaliteli okullarda okuma hakk\u0131n\u0131n oldu\u011funu d\u00fc\u015f\u00fcn\u00fcyorum. Toroslar il\u00e7esindeki gen\u00e7lerimiz kaliteli e\u011fitim als\u0131nlar, kaliteli okullar kazans\u0131nlar. Bunun d\u0131\u015f\u0131nda amac\u0131m\u0131z yok.&nbsp; Yer tahsisi yap\u0131ld\u0131\u011f\u0131nda bu merkezdeki \u00f6\u011frencilerin y\u00fczde 100&#8217;\u00fc Toroslar&#8217;da ya\u015fayan arkada\u015flar\u0131m\u0131z, \u00f6\u011frencilerimiz olacak&#8221; dedi.<\/p>\n\n\n\n<p>Teklif, meclis \u00fcyelerinin oy \u00e7oklu\u011fuyla kabul edildi.<\/p>\n\n\n\n<p><strong>&#8220;RANTI TOROSLAR HALKI \u0130\u00c7\u0130N KULLANACA\u011eIZ&#8221;<\/strong><\/p>\n\n\n\n<p>Meclis toplant\u0131s\u0131nda \u00c7avu\u015flu, Yal\u0131nayak ve Arpa\u00e7sakarlar mahallelerinde bulunan, m\u00fclkiyeti belediyeye ait 3 ayr\u0131 ta\u015f\u0131nmazla ilgili sat\u0131\u015f, kamu kurumlar\u0131na bor\u00e7 kar\u015f\u0131l\u0131\u011f\u0131 devir ve kat kar\u015f\u0131l\u0131\u011f\u0131 in\u015faat s\u00f6zle\u015fmesi yapma yetkisinin Ba\u015fkan Y\u0131ld\u0131z&#8217;a verilmesi de oy \u00e7oklu\u011fuyla kabul edildi.<\/p>\n\n\n\n<p>Ba\u015fkan Y\u0131ld\u0131z, teklif \u00fczerine yapt\u0131\u011f\u0131 konu\u015fmada \u015funlar\u0131 s\u00f6yledi:&#8221;Toroslar Belediyesini hareket edebilir, hizmet edebilir, bor\u00e7lar\u0131n\u0131 \u00f6deyebilir bir hale getirmeyi hedefliyoruz. Bizim merkezden gelen pay\u0131m\u0131z i\u015f\u00e7i ve memur maa\u015flar\u0131na gidiyor. \u00d6yle ki ihalesi bitmi\u015f, s\u00fcresi dolmu\u015f, \u00f6demesi yap\u0131lmas\u0131 gereken bor\u00e7lar var. Toplad\u0131\u011f\u0131m\u0131zda \u015fu an bizim 350 milyon lira borcumuz var devlet bor\u00e7lar\u0131 hari\u00e7. Biz de elimizdeki m\u00fclkleri eski y\u00f6netimde oldu\u011fu gibi har vurup harman savurmayal\u0131m, rasyonel kullanal\u0131m diyoruz. K\u00fclt\u00fcr merkezinin g\u00fcneyindeki arazimizin de\u011feri 100 milyon lira civar\u0131nda. Bunu satsak borcumuzun birini kapat\u0131r\u0131z, biri kal\u0131r. Sorun devam edecek. Ama o arsa \u00fczerine bir imalat yapt\u0131rabilirsek kat kar\u015f\u0131l\u0131\u011f\u0131nda. Bir al\u0131\u015fveri\u015f merkezi ve ofis kent gibi bir \u015fey kurdurabilirsek m\u00fclk\u00fcm\u00fcz\u00fcn de\u011feri 400 milyon lira olacak. 300 milyon lira Toroslar halk\u0131n\u0131n cebini mi delmi\u015f? Niye biz 400 milyon lira olmas\u0131 muhtemel bir yeri neden 100 milyona verelim? Buray\u0131 alacak arkada\u015f babas\u0131n\u0131n hayr\u0131na almayacak, o da bir \u015fey yapacak. K\u00e2r elde edecek. Biz de diyoruz ki e\u011fer bir k\u00e2r olu\u015facaksa bunu yapan arkada\u015flar bu k\u00e2r\u0131 Toroslar halk\u0131yla payla\u015fs\u0131n. Belediyecilik rant i\u015fi. Ama bu rant\u0131 kimin lehine kullanacaks\u0131n\u0131z. Bu k\u00e2r \u00fc\u00e7 be\u015f m\u00fcteahhit i\u00e7in mi kullanacaks\u0131n\u0131z, Toroslar halk\u0131 i\u00e7in mi kullanacaks\u0131n\u0131z? Benim kriterim bu. Benim k\u0131rm\u0131z\u0131 \u00e7izgim, siya \u00e7izgim, mavi boyam bundan ibarettir. Benim iddiam odur ki oralarda imalat yarat\u0131labilir. Yarat\u0131lan imalat\u0131n de\u011feri o arsan\u0131n de\u011ferini d\u00f6rt be\u015f kat\u0131na \u00e7\u0131karabilir. Ve bu i\u015fe bug\u00fcn kar\u015f\u0131 \u00e7\u0131kan arkada\u015flar\u0131m\u0131z da bunun sorumlulu\u011funu ta\u015f\u0131r diye d\u00fc\u015f\u00fcn\u00fcyorum ben.&nbsp; Ke\u015fke belediyemiz zengin olsayd\u0131 da kendisi yapsayd\u0131. Ama matematiksel olarak sonu\u00e7 de\u011fi\u015fmez. Kendimiz yapsak da kat kar\u015f\u0131l\u0131\u011f\u0131 yapsak da elde edece\u011fimiz k\u00e2r oran\u0131 ayn\u0131d\u0131r.&#8221;<\/p>\n","protected":false},"excerpt":{"rendered":"<p>Toroslar Belediye Ba\u015fkan\u0131 Abdurrahman Y\u0131ld\u0131z, belediyeyi hareket edebilir, hizmet edebilir, bor\u00e7lar\u0131n\u0131 \u00f6deyebilir bir hale getirmeyi hedeflediklerini s\u00f6yledi. Belediyeye ait ta\u015f\u0131nmazlar\u0131n \u00f6nceki y\u0131llarda har vurulup harman savruldu\u011funu ifade eden Y\u0131ld\u0131z, &#8220;Elimizdeki m\u00fclkleri rasyonel kullanaca\u011f\u0131z&#8221; dedi. Toroslar Belediye Meclisi eyl\u00fcl ay\u0131 ola\u011fan toplant\u0131s\u0131 Belediye Ba\u015fkan\u0131 Abdurrahman Y\u0131ld\u0131z y\u00f6netiminde yap\u0131ld\u0131. Toplant\u0131n\u0131n a\u00e7\u0131l\u0131\u015f\u0131nda konu\u015fan Ba\u015fkan Y\u0131ld\u0131z, &#8220;6 haftad\u0131r sokak [&hellip;]<\/p>\n","protected":false},"author":2,"featured_media":34932,"comment_status":"closed","ping_status":"closed","sticky":false,"template":"","format":"standard","meta":{"footnotes":""},"categories":[2,3,5],"tags":[],"class_list":["post-34931","post","type-post","status-publish","format-standard","has-post-thumbnail","hentry","category-gundem","category-manset","category-mersin"],"views":5,"_links":{"self":[{"href":"https:\/\/mersinkadingazetesi.com\/index.php?rest_route=\/wp\/v2\/posts\/34931"}],"collection":[{"href":"https:\/\/mersinkadingazetesi.com\/index.php?rest_route=\/wp\/v2\/posts"}],"about":[{"href":"https:\/\/mersinkadingazetesi.com\/index.php?rest_route=\/wp\/v2\/types\/post"}],"author":[{"embeddable":true,"href":"https:\/\/mersinkadingazetesi.com\/index.php?rest_route=\/wp\/v2\/users\/2"}],"replies":[{"embeddable":true,"href":"https:\/\/mersinkadingazetesi.com\/index.php?rest_route=%2Fwp%2Fv2%2Fcomments&post=34931"}],"version-history":[{"count":1,"href":"https:\/\/mersinkadingazetesi.com\/index.php?rest_route=\/wp\/v2\/posts\/34931\/revisions"}],"predecessor-version":[{"id":34933,"href":"https:\/\/mersinkadingazetesi.com\/index.php?rest_route=\/wp\/v2\/posts\/34931\/revisions\/34933"}],"wp:featuredmedia":[{"embeddable":true,"href":"https:\/\/mersinkadingazetesi.com\/index.php?rest_route=\/wp\/v2\/media\/34932"}],"wp:attachment":[{"href":"https:\/\/mersinkadingazetesi.com\/index.php?rest_route=%2Fwp%2Fv2%2Fmedia&parent=34931"}],"wp:term":[{"taxonomy":"category","embeddable":true,"href":"https:\/\/mersinkadingazetesi.com\/index.php?rest_route=%2Fwp%2Fv2%2Fcategories&post=34931"},{"taxonomy":"post_tag","embeddable":true,"href":"https:\/\/mersinkadingazetesi.com\/index.php?rest_route=%2Fwp%2Fv2%2Ftags&post=34931"}],"curies":[{"name":"wp","href":"https:\/\/api.w.org\/{rel}","templated":true}]}}