{"id":34963,"date":"2024-09-04T11:34:29","date_gmt":"2024-09-04T08:34:29","guid":{"rendered":"https:\/\/mersinkadingazetesi.com\/?p=34963"},"modified":"2024-09-04T11:34:30","modified_gmt":"2024-09-04T08:34:30","slug":"chp-mersin-milletvekili-gulcan-kis-akp-iktidarinin-ekonomi-politikalari-nedeniyle-esnaf-kepenk-indiriyor-sirketler-batiyor","status":"publish","type":"post","link":"https:\/\/mersinkadingazetesi.com\/?p=34963","title":{"rendered":"CHP Mersin Milletvekili G\u00fclcan K\u0131\u015f: &#8220;AKP \u0130ktidar\u0131n\u0131n Ekonomi Politikalar\u0131 Nedeniyle Esnaf Kepenk \u0130ndiriyor, \u015eirketler Bat\u0131yor&#8221;"},"content":{"rendered":"\n<p>CHP Mersin Milletvekili G\u00fclcan K\u0131\u015f, T\u00fcrkiye&#8217;de ya\u015fanan ekonomik krizin esnaf ve \u015firketler \u00fczerindeki olumsuz etkilerine dikkat \u00e7ekti. K\u0131\u015f, Temmuz ay\u0131nda 2 bin 889 \u015firketin kapanmas\u0131 ve y\u0131l\u0131n ilk yedi ay\u0131nda 51 bin 55 esnaf\u0131n kepenk kapatmak zorunda kalmas\u0131n\u0131n, AKP iktidar\u0131n\u0131n yanl\u0131\u015f ekonomi politikalar\u0131n\u0131n bir sonucu oldu\u011funu ifade etti.<\/p>\n\n\n\n<p>G\u00fclcan K\u0131\u015f, T\u00fcrkiye Odalar ve Borsalar Birli\u011fi&#8217;nin (TOBB) verilerine dayanarak, Temmuz ay\u0131nda 2 bin 889 \u015firketin kapand\u0131\u011f\u0131n\u0131 ve bu say\u0131n\u0131n bir \u00f6nceki aya g\u00f6re %42,9, ge\u00e7en y\u0131l\u0131n ayn\u0131 ay\u0131na g\u00f6re ise %39,8 oran\u0131nda artt\u0131\u011f\u0131n\u0131 vurgulad\u0131. 2024&#8217;\u00fcn Ocak-Temmuz d\u00f6neminde kapanan \u015firket say\u0131s\u0131n\u0131n %28,3 art\u0131\u015fla 14 bin 828&#8217;e ula\u015ft\u0131\u011f\u0131n\u0131 belirtti. Ayr\u0131ca, T\u00fcrkiye Esnaf ve Sanatkarlar\u0131 Konfederasyonu (TESK) verilerine g\u00f6re, y\u0131l\u0131n ilk yedi ay\u0131nda 51 bin 55 esnaf\u0131n kepenk kapatt\u0131\u011f\u0131n\u0131 ifade eden K\u0131\u015f, Mersin \u00f6zelinde ise 2024&#8217;\u00fcn ilk 7 ay\u0131nda 1348 esnaf\u0131n kepenk kapatt\u0131\u011f\u0131n\u0131 belirtti.<\/p>\n\n\n\n<p>CHP&#8217;li K\u0131\u015f, konkordato ilanlar\u0131n\u0131n b\u00fcy\u00fck bir art\u0131\u015f g\u00f6sterdi\u011fine dikkat \u00e7ekerek, Ocak-Temmuz d\u00f6neminde 788 firman\u0131n konkordato ilan etmek zorunda kald\u0131\u011f\u0131n\u0131 belirtti. Ayn\u0131 d\u00f6nemde kar\u015f\u0131l\u0131ks\u0131z \u00e7ek say\u0131s\u0131n\u0131n %80 art\u0131\u015fla 146 bine ula\u015ft\u0131\u011f\u0131n\u0131 ve bu \u00e7eklerin toplam tutar\u0131n\u0131n 90 milyar TL&#8217;ye \u00e7\u0131kt\u0131\u011f\u0131n\u0131 ifade eden K\u0131\u015f, &#8220;Kar\u015f\u0131l\u0131ks\u0131z \u00e7eklerdeki bu patlama, piyasadaki g\u00fcvenin ne kadar zay\u0131flad\u0131\u011f\u0131n\u0131 ve i\u015fletmelerin nas\u0131l bir finansal s\u0131k\u0131nt\u0131 i\u00e7inde oldu\u011funu g\u00f6steriyor&#8221; dedi.<\/p>\n\n\n\n<p>CHP Mersin Milletvekili G\u00fclcan K\u0131\u015f, se\u00e7im b\u00f6lgesi Mersin i\u00e7in ise &#8220;Protestolu senet say\u0131s\u0131 %589 art\u0131\u015fla 545 milyon TL&#8217;ye, kar\u015f\u0131l\u0131ks\u0131z \u00e7ek adedi ise %86 artarak 2.588&#8217;e, tutar\u0131 %224&#8217;l\u00fck art\u0131\u015fla 1 milyar 429 milyon TL&#8217;ye ula\u015ft\u0131.&#8221; Dedi.<\/p>\n\n\n\n<p>G\u00fclcan K\u0131\u015f, &#8220;Mersin \u00fcretim, ihracat ve yaratt\u0131\u011f\u0131 katma de\u011ferle t\u00fcm sorunlara ra\u011fmen ekonomik \u00e7arklar\u0131n d\u00f6nd\u00fc\u011f\u00fc bir merkez. \u00dcreten bir kent olmaya devam edece\u011fiz,&#8221; diyerek, Mersin i\u015f d\u00fcnyas\u0131n\u0131n zorluklara ra\u011fmen \u00fcretmeye devam etti\u011fini vurgulad\u0131.<\/p>\n","protected":false},"excerpt":{"rendered":"<p>CHP Mersin Milletvekili G\u00fclcan K\u0131\u015f, T\u00fcrkiye&#8217;de ya\u015fanan ekonomik krizin esnaf ve \u015firketler \u00fczerindeki olumsuz etkilerine dikkat \u00e7ekti. K\u0131\u015f, Temmuz ay\u0131nda 2 bin 889 \u015firketin kapanmas\u0131 ve y\u0131l\u0131n ilk yedi ay\u0131nda 51 bin 55 esnaf\u0131n kepenk kapatmak zorunda kalmas\u0131n\u0131n, AKP iktidar\u0131n\u0131n yanl\u0131\u015f ekonomi politikalar\u0131n\u0131n bir sonucu oldu\u011funu ifade etti. G\u00fclcan K\u0131\u015f, T\u00fcrkiye Odalar ve Borsalar Birli\u011fi&#8217;nin [&hellip;]<\/p>\n","protected":false},"author":2,"featured_media":34964,"comment_status":"closed","ping_status":"closed","sticky":false,"template":"","format":"standard","meta":{"footnotes":""},"categories":[8,34,3,6],"tags":[],"class_list":["post-34963","post","type-post","status-publish","format-standard","has-post-thumbnail","hentry","category-ekonomi","category-flas-haber","category-manset","category-siyaset-2"],"views":6,"_links":{"self":[{"href":"https:\/\/mersinkadingazetesi.com\/index.php?rest_route=\/wp\/v2\/posts\/34963"}],"collection":[{"href":"https:\/\/mersinkadingazetesi.com\/index.php?rest_route=\/wp\/v2\/posts"}],"about":[{"href":"https:\/\/mersinkadingazetesi.com\/index.php?rest_route=\/wp\/v2\/types\/post"}],"author":[{"embeddable":true,"href":"https:\/\/mersinkadingazetesi.com\/index.php?rest_route=\/wp\/v2\/users\/2"}],"replies":[{"embeddable":true,"href":"https:\/\/mersinkadingazetesi.com\/index.php?rest_route=%2Fwp%2Fv2%2Fcomments&post=34963"}],"version-history":[{"count":1,"href":"https:\/\/mersinkadingazetesi.com\/index.php?rest_route=\/wp\/v2\/posts\/34963\/revisions"}],"predecessor-version":[{"id":34965,"href":"https:\/\/mersinkadingazetesi.com\/index.php?rest_route=\/wp\/v2\/posts\/34963\/revisions\/34965"}],"wp:featuredmedia":[{"embeddable":true,"href":"https:\/\/mersinkadingazetesi.com\/index.php?rest_route=\/wp\/v2\/media\/34964"}],"wp:attachment":[{"href":"https:\/\/mersinkadingazetesi.com\/index.php?rest_route=%2Fwp%2Fv2%2Fmedia&parent=34963"}],"wp:term":[{"taxonomy":"category","embeddable":true,"href":"https:\/\/mersinkadingazetesi.com\/index.php?rest_route=%2Fwp%2Fv2%2Fcategories&post=34963"},{"taxonomy":"post_tag","embeddable":true,"href":"https:\/\/mersinkadingazetesi.com\/index.php?rest_route=%2Fwp%2Fv2%2Ftags&post=34963"}],"curies":[{"name":"wp","href":"https:\/\/api.w.org\/{rel}","templated":true}]}}