{"id":34972,"date":"2024-09-04T12:16:03","date_gmt":"2024-09-04T09:16:03","guid":{"rendered":"https:\/\/mersinkadingazetesi.com\/?p=34972"},"modified":"2024-09-04T12:16:04","modified_gmt":"2024-09-04T09:16:04","slug":"baskan-abdullah-ozyigit-kent-lokantasi-icin-calismalarimiza-basladik","status":"publish","type":"post","link":"https:\/\/mersinkadingazetesi.com\/?p=34972","title":{"rendered":"Ba\u015fkan Abdullah \u00d6zyi\u011fit, \u201cKent Lokantas\u0131 i\u00e7in \u00e7al\u0131\u015fmalar\u0131m\u0131za ba\u015flad\u0131k\u201d"},"content":{"rendered":"\n<p>Mersin Yeni\u015fehir Belediyesi taraf\u0131ndan G\u00fcven Park\u2019ta yap\u0131lan yenileme \u00e7al\u0131\u015fmalar\u0131 tamamland\u0131. Parkta incelemelerde bulunan Yeni\u015fehir Belediye Ba\u015fkan\u0131 Abdullah \u00d6zyi\u011fit, park\u0131n i\u00e7erisinde emeklilere y\u00f6nelik Mola Evi kurduklar\u0131n\u0131 ve \u00e7ay\u0131n 2 TL\u2019den sat\u0131laca\u011f\u0131n\u0131 s\u00f6yledi. Di\u011fer \u00fcr\u00fcnlerin de uygun fiyatlarla sat\u0131\u015fa sunulaca\u011f\u0131n\u0131 ifade eden Ba\u015fkan \u00d6zyi\u011fit, Kent Lokantas\u0131 kurmak i\u00e7in \u00e7al\u0131\u015fmalar\u0131n\u0131n ba\u015flad\u0131\u011f\u0131n\u0131 aktard\u0131.<\/p>\n\n\n\n<p>G\u00fcvenevler Mahallesi\u2019nde 2 bin metrekarelik alandan olu\u015fan G\u00fcven Park, Yeni\u015fehir Belediyesi taraf\u0131ndan kapsaml\u0131 bir yenileme s\u00fcrecine tabi tutuldu. \u00c7al\u0131\u015fmalar kapsam\u0131nda park\u0131n yer d\u00f6\u015femeleri, spor aletleri ve di\u011fer t\u00fcm donat\u0131lar\u0131 yenilendi. Yeniden d\u00fczenlenen park, modern donat\u0131lar\u0131yla vatanda\u015flar\u0131n hizmetine sunulacak. Yeni\u015fehir Belediyesi, park i\u00e7erisinde emeklilerin sosyal aktivitelerde bulunabilece\u011fi, dinlenip vakit ge\u00e7irebilece\u011fi Mola Evi de kurdu.<\/p>\n\n\n\n<p>\u201cPark\u0131m\u0131z\u0131n \u00e7ok yak\u0131n\u0131nda Kent Lokantas\u0131 \u00e7al\u0131\u015fmam\u0131z ba\u015fl\u0131yor.\u201d<\/p>\n\n\n\n<p>Yeni\u015fehir Belediye Ba\u015fkan\u0131 Abdullah \u00d6zyi\u011fit, G\u00fcvenevler Mahalle Muhtar\u0131 Rahime Sar\u0131 ile birlikte parkta incelemelerde bulundu. Ba\u015fkan \u00d6zyi\u011fit, \u201cG\u00fcven Park\u0131\u2019m\u0131z\u0131 yeniledik, \u00e7ok k\u0131sa s\u00fcrede hizmete a\u00e7aca\u011f\u0131z. Park\u0131n i\u00e7erisinde daha \u00e7ok emeklilerimize y\u00f6nelik olacak Mola Evi kurduk. Burada \u00e7ay 2 TL olacak. Emeklilerimizin i\u00e7erisinde bulundu\u011fu ekonomik ko\u015fullar\u0131 g\u00f6z \u00f6n\u00fcnde bulundurarak, b\u00f6yle bir karar ald\u0131k ve uygulayaca\u011f\u0131z. Di\u011fer \u00fcr\u00fcnler de \u00e7ok uygun fiyatlarla olacak. Park\u0131m\u0131z\u0131n \u00e7ok yak\u0131n\u0131nda Kent Lokantas\u0131 \u00e7al\u0131\u015fmam\u0131z ba\u015fl\u0131yor. Bu hizmeti daha eri\u015filebilir k\u0131lmak ad\u0131na lokantam\u0131z\u0131 il\u00e7emizin en yo\u011fun b\u00f6lgesinde a\u00e7aca\u011f\u0131z.\u201d dedi.<\/p>\n\n\n\n<p>Emekliler ve \u00e7ocuklar ad\u0131na Ba\u015fkan \u00d6zyi\u011fit\u2019e te\u015fekk\u00fcr eden G\u00fcvenevler Mahalle Muhtar\u0131 Rahime Sar\u0131 ise \u015funlar\u0131 s\u00f6yledi:&nbsp; \u201cBizim i\u00e7in bu park \u00e7ok k\u0131ymetliydi. \u00c7ocuklar\u0131m\u0131z yo\u011fun bir \u015fekilde burada oyun oynuyorlar, buras\u0131 merkezi bir yer. Emeklilerimiz de b\u00f6yle bir hizmeti hak ediyorlard\u0131. \u00c7ocuklar\u0131m\u0131z ve emeklilerimiz ad\u0131na Ba\u015fkan\u0131m\u0131z Abdullah \u00d6zyi\u011fit\u2019e te\u015fekk\u00fcr ediyorum.<\/p>\n","protected":false},"excerpt":{"rendered":"<p>Mersin Yeni\u015fehir Belediyesi taraf\u0131ndan G\u00fcven Park\u2019ta yap\u0131lan yenileme \u00e7al\u0131\u015fmalar\u0131 tamamland\u0131. Parkta incelemelerde bulunan Yeni\u015fehir Belediye Ba\u015fkan\u0131 Abdullah \u00d6zyi\u011fit, park\u0131n i\u00e7erisinde emeklilere y\u00f6nelik Mola Evi kurduklar\u0131n\u0131 ve \u00e7ay\u0131n 2 TL\u2019den sat\u0131laca\u011f\u0131n\u0131 s\u00f6yledi. Di\u011fer \u00fcr\u00fcnlerin de uygun fiyatlarla sat\u0131\u015fa sunulaca\u011f\u0131n\u0131 ifade eden Ba\u015fkan \u00d6zyi\u011fit, Kent Lokantas\u0131 kurmak i\u00e7in \u00e7al\u0131\u015fmalar\u0131n\u0131n ba\u015flad\u0131\u011f\u0131n\u0131 aktard\u0131. G\u00fcvenevler Mahallesi\u2019nde 2 bin metrekarelik alandan [&hellip;]<\/p>\n","protected":false},"author":2,"featured_media":34973,"comment_status":"closed","ping_status":"closed","sticky":false,"template":"","format":"standard","meta":{"footnotes":""},"categories":[3],"tags":[],"class_list":["post-34972","post","type-post","status-publish","format-standard","has-post-thumbnail","hentry","category-manset"],"views":8,"_links":{"self":[{"href":"https:\/\/mersinkadingazetesi.com\/index.php?rest_route=\/wp\/v2\/posts\/34972"}],"collection":[{"href":"https:\/\/mersinkadingazetesi.com\/index.php?rest_route=\/wp\/v2\/posts"}],"about":[{"href":"https:\/\/mersinkadingazetesi.com\/index.php?rest_route=\/wp\/v2\/types\/post"}],"author":[{"embeddable":true,"href":"https:\/\/mersinkadingazetesi.com\/index.php?rest_route=\/wp\/v2\/users\/2"}],"replies":[{"embeddable":true,"href":"https:\/\/mersinkadingazetesi.com\/index.php?rest_route=%2Fwp%2Fv2%2Fcomments&post=34972"}],"version-history":[{"count":1,"href":"https:\/\/mersinkadingazetesi.com\/index.php?rest_route=\/wp\/v2\/posts\/34972\/revisions"}],"predecessor-version":[{"id":34974,"href":"https:\/\/mersinkadingazetesi.com\/index.php?rest_route=\/wp\/v2\/posts\/34972\/revisions\/34974"}],"wp:featuredmedia":[{"embeddable":true,"href":"https:\/\/mersinkadingazetesi.com\/index.php?rest_route=\/wp\/v2\/media\/34973"}],"wp:attachment":[{"href":"https:\/\/mersinkadingazetesi.com\/index.php?rest_route=%2Fwp%2Fv2%2Fmedia&parent=34972"}],"wp:term":[{"taxonomy":"category","embeddable":true,"href":"https:\/\/mersinkadingazetesi.com\/index.php?rest_route=%2Fwp%2Fv2%2Fcategories&post=34972"},{"taxonomy":"post_tag","embeddable":true,"href":"https:\/\/mersinkadingazetesi.com\/index.php?rest_route=%2Fwp%2Fv2%2Ftags&post=34972"}],"curies":[{"name":"wp","href":"https:\/\/api.w.org\/{rel}","templated":true}]}}