{"id":34976,"date":"2024-09-05T11:43:34","date_gmt":"2024-09-05T08:43:34","guid":{"rendered":"https:\/\/mersinkadingazetesi.com\/?p=34976"},"modified":"2024-09-05T11:43:34","modified_gmt":"2024-09-05T08:43:34","slug":"milletvekili-bozan-mersin-limanindaki-asbest-zehri-nasil-tasiniyor-ve-nereye-dokuluyor","status":"publish","type":"post","link":"https:\/\/mersinkadingazetesi.com\/?p=34976","title":{"rendered":"Milletvekili Bozan: Mersin Liman\u0131ndaki asbest zehri nas\u0131l ta\u015f\u0131n\u0131yor ve nereye d\u00f6k\u00fcl\u00fcyor?"},"content":{"rendered":"\n<p>DEM Parti Mersin Milletvekili Ali Bozan, Mersin Liman\u0131n\u0131n geni\u015fleme projesinde deniz alt\u0131nda&nbsp; tespit edilen beyaz asbestin kent kamuoyunda ciddi tepkilere neden oldu\u011funu belirterek, bu zehirli at\u0131\u011f\u0131n nas\u0131l ve nereye ta\u015f\u0131nd\u0131\u011f\u0131na dair Meclis&#8217;e soru \u00f6nergesi verdi.&nbsp;<\/p>\n\n\n\n<p>Mersin Liman\u0131n\u0131n geni\u015fleme projesinde derinle\u015ftirme \u00e7al\u0131\u015fmalar\u0131nda deniz dibinde canl\u0131 ve \u00e7evre sa\u011fl\u0131\u011f\u0131n\u0131 ciddi tehdit eden beyaz asbestin nas\u0131l ta\u015f\u0131nd\u0131\u011f\u0131 ve nereye ta\u015f\u0131nd\u0131\u011f\u0131 kamuoyu taraf\u0131ndan endi\u015feyle merak ediliyor. Halklar\u0131n E\u015fitlik ve Demokrasi Partisi (DEM Parti) Mersin Milletvekili Ali Bozan, kentte tart\u0131\u015f\u0131lan s\u00f6z konusu g\u00fcndemi Meclis g\u00fcndemine ta\u015f\u0131d\u0131.&nbsp;<\/p>\n\n\n\n<p>Milletvekili Ali Bozan, \u00c7evre, \u015eehircilik ve \u0130klim De\u011fi\u015fikli\u011fi Bakan\u0131 Murat Kurum&#8217;a yan\u0131tlamas\u0131 \u00fczerine verdi\u011fi soru \u00f6nergesinin a\u00e7\u0131klama k\u0131sm\u0131nda \u015fu ifadelere yer verdi:<\/p>\n\n\n\n<p>&#8220;Geni\u015fleme projesi kapsam\u0131nda yap\u0131lan derinle\u015ftirme \u00e7al\u0131\u015fmalar\u0131nda deniz dibinde beyaz asbest tespit edildi\u011fi iddia edilmektedir. Zehirli olan bu asbest maddesinin deniz canl\u0131lar\u0131 ve insanlar a\u00e7\u0131s\u0131ndan hayati tehlike ya\u015fatt\u0131\u011f\u0131 bilinmektedir. \u00c7evre Derneklerinin yapt\u0131klar\u0131 a\u00e7\u0131klama ve kent bas\u0131n\u0131na yans\u0131yan konu, &#8216;\u00c7ED raporunda dip \u00e7amuru analizlerinde beyaz asbest tespit edilmi\u015f ve tehlikeli oldu\u011fu belirtilmi\u015f&#8217; \u015feklinde olmu\u015ftur. Bu vahim iddian\u0131n ara\u015ft\u0131r\u0131lmas\u0131 ve s\u00f6z konusu \u00e7al\u0131\u015fma alan\u0131nda bertaraf\u0131n nas\u0131l yap\u0131ld\u0131\u011f\u0131 Mersinliler taraf\u0131ndan acilen a\u00e7\u0131klanmas\u0131 gereken bir konu olarak g\u00fcndemde yerini alm\u0131\u015ft\u0131r&#8221;.&nbsp;<\/p>\n\n\n\n<p>\u00d6nergenin devam\u0131nda ise Milletvekili Bozan, \u015fu sorulara sordu:<\/p>\n\n\n\n<p>&#8220;1- Mersin Liman\u0131n\u0131n geni\u015fleme projesinde denetimler ne s\u0131kl\u0131kla yap\u0131lmaktad\u0131r?<\/p>\n\n\n\n<p>2- \u00c7ED Raporunda dip \u00e7amuru analizlerinde beyaz asbest tespit edilmi\u015f midir? Tespitin ard\u0131ndan Bakanl\u0131\u011f\u0131n\u0131zca ne t\u00fcr giri\u015fimlerde bulunulmu\u015ftur?&nbsp;<\/p>\n\n\n\n<p>3- Proje \u00e7al\u0131\u015fmas\u0131 kapsam\u0131nda bu zehirli at\u0131klar\u0131n bertaraf\u0131 b\u00fcy\u00fck \u00f6nem arz etmektedir. Bu kapsamda at\u0131\u011f\u0131n olas\u0131 zararlar\u0131n\u0131 \u00f6nlemek a\u00e7\u0131s\u0131ndan bertaraf\u0131 nas\u0131l yap\u0131lmaktad\u0131r ve nereye d\u00f6k\u00fclmektedir?<\/p>\n\n\n\n<p>4- Deniz dibine kar\u0131\u015ft\u0131r\u0131lan zehirli asbestin \u00e7evreye, deniz canl\u0131lar\u0131na ve insanlara zarar\u0131 bilinmesine ra\u011fmen bu projenin s\u00fcrd\u00fcr\u00fclmesindeki gayeniz nedir?&#8221;<\/p>\n","protected":false},"excerpt":{"rendered":"<p>DEM Parti Mersin Milletvekili Ali Bozan, Mersin Liman\u0131n\u0131n geni\u015fleme projesinde deniz alt\u0131nda&nbsp; tespit edilen beyaz asbestin kent kamuoyunda ciddi tepkilere neden oldu\u011funu belirterek, bu zehirli at\u0131\u011f\u0131n nas\u0131l ve nereye ta\u015f\u0131nd\u0131\u011f\u0131na dair Meclis&#8217;e soru \u00f6nergesi verdi.&nbsp; Mersin Liman\u0131n\u0131n geni\u015fleme projesinde derinle\u015ftirme \u00e7al\u0131\u015fmalar\u0131nda deniz dibinde canl\u0131 ve \u00e7evre sa\u011fl\u0131\u011f\u0131n\u0131 ciddi tehdit eden beyaz asbestin nas\u0131l ta\u015f\u0131nd\u0131\u011f\u0131 ve [&hellip;]<\/p>\n","protected":false},"author":2,"featured_media":34977,"comment_status":"closed","ping_status":"closed","sticky":false,"template":"","format":"standard","meta":{"footnotes":""},"categories":[34,3,5],"tags":[],"class_list":["post-34976","post","type-post","status-publish","format-standard","has-post-thumbnail","hentry","category-flas-haber","category-manset","category-mersin"],"views":9,"_links":{"self":[{"href":"https:\/\/mersinkadingazetesi.com\/index.php?rest_route=\/wp\/v2\/posts\/34976"}],"collection":[{"href":"https:\/\/mersinkadingazetesi.com\/index.php?rest_route=\/wp\/v2\/posts"}],"about":[{"href":"https:\/\/mersinkadingazetesi.com\/index.php?rest_route=\/wp\/v2\/types\/post"}],"author":[{"embeddable":true,"href":"https:\/\/mersinkadingazetesi.com\/index.php?rest_route=\/wp\/v2\/users\/2"}],"replies":[{"embeddable":true,"href":"https:\/\/mersinkadingazetesi.com\/index.php?rest_route=%2Fwp%2Fv2%2Fcomments&post=34976"}],"version-history":[{"count":1,"href":"https:\/\/mersinkadingazetesi.com\/index.php?rest_route=\/wp\/v2\/posts\/34976\/revisions"}],"predecessor-version":[{"id":34978,"href":"https:\/\/mersinkadingazetesi.com\/index.php?rest_route=\/wp\/v2\/posts\/34976\/revisions\/34978"}],"wp:featuredmedia":[{"embeddable":true,"href":"https:\/\/mersinkadingazetesi.com\/index.php?rest_route=\/wp\/v2\/media\/34977"}],"wp:attachment":[{"href":"https:\/\/mersinkadingazetesi.com\/index.php?rest_route=%2Fwp%2Fv2%2Fmedia&parent=34976"}],"wp:term":[{"taxonomy":"category","embeddable":true,"href":"https:\/\/mersinkadingazetesi.com\/index.php?rest_route=%2Fwp%2Fv2%2Fcategories&post=34976"},{"taxonomy":"post_tag","embeddable":true,"href":"https:\/\/mersinkadingazetesi.com\/index.php?rest_route=%2Fwp%2Fv2%2Ftags&post=34976"}],"curies":[{"name":"wp","href":"https:\/\/api.w.org\/{rel}","templated":true}]}}