{"id":34979,"date":"2024-09-05T11:44:27","date_gmt":"2024-09-05T08:44:27","guid":{"rendered":"https:\/\/mersinkadingazetesi.com\/?p=34979"},"modified":"2024-09-05T11:44:27","modified_gmt":"2024-09-05T08:44:27","slug":"secer-zabita-teskilatinin-198-kurulus-yildonumunu-ve-zabita-haftasini-kutladi","status":"publish","type":"post","link":"https:\/\/mersinkadingazetesi.com\/?p=34979","title":{"rendered":"SE\u00c7ER, ZABITA TE\u015eK\u0130LATININ 198. KURULU\u015e YILD\u00d6N\u00dcM\u00dc&#8217;N\u00dc VE ZABITA HAFTASI&#8217;NI KUTLADI"},"content":{"rendered":"\n<p>Mersin B\u00fcy\u00fck\u015fehir Belediyesi Zab\u0131ta Dairesi Ba\u015fkan\u0131 Fuat Tu\u011fluo\u011flu ile Zab\u0131ta Dairesi Ba\u015fkanl\u0131\u011f\u0131&#8217;nda g\u00f6rev yapan \u015fube m\u00fcd\u00fcrleri, Zab\u0131ta Te\u015fkilat\u0131&#8217;n\u0131n 198. kurulu\u015f y\u0131ld\u00f6n\u00fcm\u00fc ve Zab\u0131ta Haftas\u0131 dolay\u0131s\u0131yla Mersin B\u00fcy\u00fck\u015fehir Belediye Ba\u015fkan\u0131 Vahap Se\u00e7er&#8217;i ziyaret etti. Ba\u015fkan Se\u00e7er ziyarette; 198. Kurulu\u015f y\u0131ld\u00f6n\u00fcmlerini ve Zab\u0131ta Haftas\u0131&#8217;n\u0131 kutlayarak, zab\u0131ta te\u015fkilat\u0131n\u0131n kendisinin halk nezdinde g\u00f6r\u00fcnen y\u00fcz\u00fc oldu\u011funu kaydetti.<\/p>\n\n\n\n<p><strong>Se\u00e7er: &#8220;B\u00fct\u00e7ede hi\u00e7bir k\u0131s\u0131tlama yapmadan her zaman idare olarak yan\u0131n\u0131zda durduk&#8221;<\/strong><\/p>\n\n\n\n<p>Ziyarette konu\u015fan Mersin B\u00fcy\u00fck\u015fehir Belediye Ba\u015fkan\u0131 Vahap Se\u00e7er, Zab\u0131ta Te\u015fkilat\u0131&#8217;n\u0131n kurulu\u015f y\u0131ld\u00f6n\u00fcmlerini kutlayarak, hizmetlerin ba\u015far\u0131yla devam etmesi temennisinde bulundu. 6 y\u0131l \u00f6nce g\u00f6reve geldiklerinde teslim ald\u0131klar\u0131 zab\u0131ta birimi ile \u015fimdiki birim aras\u0131nda farklar bulundu\u011funu kaydeden Se\u00e7er,&nbsp;<strong>&#8220;Hakikaten hi\u00e7bir \u015feyi esirgemeden;&nbsp;<em>&#8216;Daha iyi nas\u0131l olabilir, Zab\u0131ta Te\u015fkilat\u0131&#8217;nda nas\u0131l daha iyi bir \u015fekilde personel yap\u0131s\u0131na ula\u015f\u0131r\u0131z, b\u00fct\u00fcn \u015fartlara haiz, liyakatli, birikimli bir \u015fekilde bu i\u015fe uygun yap\u0131ya nas\u0131l evriliriz?&#8217;<\/em>&nbsp;diyerek; giyiminden ku\u015fam\u0131na, kulland\u0131\u011f\u0131 ara\u00e7tan, alet edevat\u0131na kadar b\u00fct\u00e7ede hi\u00e7bir k\u0131s\u0131tlama yapmadan her zaman idare olarak yan\u0131n\u0131zda durduk&#8221;&nbsp;<\/strong>dedi ve emeklerinden dolay\u0131 da zab\u0131ta te\u015fkilat\u0131na te\u015fekk\u00fcrlerini sundu.<\/p>\n\n\n\n<p>G\u00f6rev s\u00fcrelerinde ikinci 5 y\u0131llar\u0131na ba\u015flad\u0131klar\u0131n\u0131 ifade eden Se\u00e7er, olas\u0131 personel ihtiya\u00e7lar\u0131n\u0131 kar\u015f\u0131lamak i\u00e7in de Zab\u0131ta Te\u015fkilat\u0131 kadrolar\u0131na Bakanl\u0131k&#8217;tan 60 ki\u015filik bir talepte bulunduklar\u0131n\u0131 dile getirerek,&nbsp;<strong>&#8220;Umut ediyorum Bakanl\u0131k bunu en k\u0131sa s\u00fcrede de\u011ferlendirir ve onaylar. Biz de eksik kalan noktalara yeni zab\u0131ta al\u0131mlar\u0131n\u0131 ger\u00e7ekle\u015ftiririz. Alet-ekipman olarak da eksiklerimiz varsa o eksiklerimizi de tamamlar\u0131z&#8221;&nbsp;<\/strong>diye konu\u015ftu.<\/p>\n\n\n\n<p><strong>&#8220;Zab\u0131ta; bizzat benim halk indinde g\u00f6r\u00fcnen y\u00fcz\u00fcm&#8221;<\/strong><\/p>\n\n\n\n<p>Zab\u0131ta Te\u015fkilat\u0131&#8217;n\u0131n \u00f6nemine vurgu yapan Se\u00e7er,&nbsp;<strong>&#8220;Zab\u0131ta; belediyemin, hatta bizzat benim halk indinde g\u00f6r\u00fcnen y\u00fcz\u00fcm. Buradaki k\u0131l\u0131k-k\u0131yafet, davran\u0131\u015f, oturu\u015f, kalk\u0131\u015f, vatanda\u015fla ileti\u015fim son derece \u00f6nemli. \u00c7a\u011fd\u0131\u015f\u0131 kalm\u0131\u015f anlay\u0131\u015flarla, y\u00f6ntemlerle, davran\u0131\u015f bi\u00e7imleriyle zab\u0131ta te\u015fkilat\u0131 olmaz. B\u00f6yle bir durumda biz buna kar\u015f\u0131 \u00e7\u0131kar\u0131z. Mersin&#8217;in huzuruna, dirli\u011fine, d\u00fczenine ve selametine katk\u0131 sunma zorunlulu\u011fumuz var. Bunu da belli yasalar \u00e7er\u00e7evesinde yap\u0131yoruz&#8221;&nbsp;<\/strong>ifadelerine yer verdi.<\/p>\n\n\n\n<p><strong>&#8220;Denetimin oldu\u011fu yerde insanlar kendini daha g\u00fcvende hisseder&#8221;<\/strong><\/p>\n\n\n\n<p>Se\u00e7er, vatanda\u015flar\u0131n \u015fikayetlerine kulak verme zorunluluklar\u0131 oldu\u011funu belirterek, \u00f6zellikle B\u00fcy\u00fck\u015fehir&#8217;in g\u00f6rev alan\u0131na giren \u015fikayetler konusunda daha fazla dikkatli olmalar\u0131 gerekti\u011fini kaydederek,&nbsp;<strong>&#8220;\u00d6rne\u011fin K\u00fclt\u00fcr Park&#8217;ta hala bisiklet yollar\u0131nda motorlu ta\u015f\u0131tlar s\u00fcratli ge\u00e7iyor ve halka tehlike olu\u015fturuyorsa mutlaka Emniyet Te\u015fkilat\u0131&#8217;n\u0131n trafik birimleri kadar sizler de bundan sorumlusunuz. \u00c7\u00fcnk\u00fc oras\u0131 Mersin B\u00fcy\u00fck\u015fehir Belediyesi&#8217;nin uhdesinde. Oraya s\u00fcratle d\u00fczen getirmemiz laz\u0131m, daha s\u0131k\u0131 tedbirler almam\u0131z laz\u0131m. Denetimin oldu\u011fu yerde insanlar kendini daha g\u00fcvende hisseder&#8221;&nbsp;<\/strong>diyerek, bu konuya \u00f6nem g\u00f6stermelerini s\u00f6yledi.<\/p>\n\n\n\n<p><strong>&#8220;5 y\u0131l s\u00fcresinde nas\u0131l Zab\u0131ta Te\u015fkilat\u0131m\u0131za ayr\u0131 bir \u00f6nem verdiysem, \u00f6n\u00fcm\u00fczdeki 5 y\u0131lda da ayn\u0131 \u00f6nemi devam ettirece\u011fiz&#8221;<\/strong><\/p>\n\n\n\n<p>Kald\u0131r\u0131m i\u015fgalleri konusuna da de\u011finen Se\u00e7er,&nbsp;<strong>&#8220;Vatanda\u015flar\u0131n bize yo\u011fun \u015fik\u00e2yeti var. Vatanda\u015f\u0131m hakl\u0131. Belirli m\u00fcsamaha, ho\u015fg\u00f6r\u00fc olabilir. Belirli bir ge\u00e7i\u015f s\u00fcresi olabilir ama art\u0131k Mersin&#8217;de \u00f6zellikle B\u00fcy\u00fck\u015fehir&#8217;in kontrol\u00fcnde olan ana ve i\u015flek caddelerde b\u00f6yle bir g\u00f6r\u00fcnt\u00fcn\u00fcn ve \u015fikayetin olmas\u0131n\u0131 istemiyoruz. Biz; temiz, modern bir Mersin yaratmaya \u00e7al\u0131\u015f\u0131rken bu tip g\u00f6r\u00fcnt\u00fcleri de a\u00e7\u0131k\u00e7as\u0131 Ba\u015fkan olarak bu saatten sonra kabul etmemiz m\u00fcmk\u00fcn de\u011fil&#8221;&nbsp;<\/strong>dedi ve vatanda\u015flar\u0131n da yasalar \u00e7er\u00e7evesinde kurallara riayet etmeleri gerekti\u011fini vurgulad\u0131.<\/p>\n\n\n\n<p>Ekiplerin \u00f6zellikle \u00e7evre ve insan sa\u011fl\u0131\u011f\u0131 konular\u0131nda asla bir taviz vermemeleri gerekti\u011fini s\u00f6zlerine ekleyen Se\u00e7er,&nbsp;<strong>&#8220;Denetiminizi s\u0131k\u0131 ve ciddi yapman\u0131z\u0131 sizden talep ediyoruz. G\u00f6revlerinizi harfiyen yerine getirirseniz bundan do\u011fal olarak da \u015fehrim kazanacak ve vatanda\u015f memnuniyeti olacak. Bu g\u00f6revleri de yerine getirirken b\u00fct\u00fcn altyap\u0131y\u0131, imkanlar\u0131, lojistik deste\u011fi, katk\u0131y\u0131 da vermek ba\u015fta B\u00fcy\u00fck\u015fehir Belediye Ba\u015fkan\u0131 olarak benim g\u00f6revim. 5 y\u0131l s\u00fcresinde nas\u0131l Zab\u0131ta Te\u015fkilat\u0131m\u0131za ayr\u0131 bir \u00f6nem verdiysem, \u00f6n\u00fcm\u00fczdeki 5 y\u0131lda da ayn\u0131 \u00f6nemi devam ettirece\u011fiz&#8221;&nbsp;<\/strong>dedi ve ba\u015far\u0131 dileklerinde bulundu.<\/p>\n\n\n\n<p><strong>Tu\u011fluo\u011flu: &#8220;Memnuniyet anketlerine g\u00f6re genel itibariyle y\u00fczde 80&#8217;lerdeyiz&#8221;<\/strong><\/p>\n\n\n\n<p>Mersin B\u00fcy\u00fck\u015fehir Belediyesi Zab\u0131ta Dairesi Ba\u015fkan\u0131 Fuat Tu\u011fluo\u011flu; zab\u0131tan\u0131n halk\u0131n d\u00fczenini, esenli\u011fini sa\u011flayan, sa\u011fl\u0131\u011f\u0131 korumak i\u00e7in gerekli tedbirleri alan, y\u00f6netmelik ve kanunlar\u0131n verdi\u011fi yetkiyle g\u00f6revleri yerine getiren belediye kolluk kuvveti oldu\u011funu ifade ederek,<strong>&nbsp;&#8220;En ideale ula\u015fmak i\u00e7in \u00e7al\u0131\u015fmalar\u0131m\u0131za devam ediyoruz. Bu 6 y\u0131l i\u00e7erisinde ihtiyac\u0131m\u0131z olanlar\u0131 kar\u015f\u0131lad\u0131k. Teknik olarak, te\u00e7hizat olarak da ne ihtiyac\u0131m\u0131z varsa;&nbsp;<em>&#8216;En iyisi olsun&#8217;<\/em>&nbsp;dediniz ve malzeme al\u0131m\u0131nda da en iyisini al\u0131yoruz. \u00d6denek y\u00f6n\u00fcnde hi\u00e7bir k\u0131s\u0131tlamam\u0131z yok&#8221;&nbsp;<\/strong>dedi. Tu\u011fluo\u011flu, son se\u00e7imlerde y\u00fczde 60 gibi bir oranla se\u00e7ilmi\u015f bir Belediye Ba\u015fkan\u0131 ile \u00e7al\u0131\u015fman\u0131n kendileri i\u00e7in gurur verici oldu\u011funu belirterek,<strong>&nbsp;&#8220;Te\u015fkilat\u0131m\u0131z \u015fu an \u00e7ok iyi seviyede. \u0130lk gelen \u015fikayetlere bakt\u0131\u011f\u0131m zaman \u015fu an gittik\u00e7e azalma var. Teksin&#8217;den \u00e7ok faydalan\u0131yoruz. Memnuniyet anketlerine g\u00f6re genel itibariyle y\u00fczde 80&#8217;lerdeyiz. Otogarlarda, hallerde y\u00fczde 90&#8217;larday\u0131z. Daha iyisi olmas\u0131 i\u00e7in elimizden geleni yapaca\u011f\u0131z. Her zaman desteklerinizi g\u00f6r\u00fcyoruz. \u00c7ok te\u015fekk\u00fcr ediyoruz&#8221;&nbsp;<\/strong>diye konu\u015ftu.<\/p>\n\n\n\n<p>Ziyarette Zab\u0131ta Te\u015fkilat\u0131 taraf\u0131ndan Ba\u015fkan Se\u00e7er&#8217;e \u00e7i\u00e7ek takdimi yap\u0131ld\u0131.<\/p>\n","protected":false},"excerpt":{"rendered":"<p>Mersin B\u00fcy\u00fck\u015fehir Belediyesi Zab\u0131ta Dairesi Ba\u015fkan\u0131 Fuat Tu\u011fluo\u011flu ile Zab\u0131ta Dairesi Ba\u015fkanl\u0131\u011f\u0131&#8217;nda g\u00f6rev yapan \u015fube m\u00fcd\u00fcrleri, Zab\u0131ta Te\u015fkilat\u0131&#8217;n\u0131n 198. kurulu\u015f y\u0131ld\u00f6n\u00fcm\u00fc ve Zab\u0131ta Haftas\u0131 dolay\u0131s\u0131yla Mersin B\u00fcy\u00fck\u015fehir Belediye Ba\u015fkan\u0131 Vahap Se\u00e7er&#8217;i ziyaret etti. Ba\u015fkan Se\u00e7er ziyarette; 198. Kurulu\u015f y\u0131ld\u00f6n\u00fcmlerini ve Zab\u0131ta Haftas\u0131&#8217;n\u0131 kutlayarak, zab\u0131ta te\u015fkilat\u0131n\u0131n kendisinin halk nezdinde g\u00f6r\u00fcnen y\u00fcz\u00fc oldu\u011funu kaydetti. Se\u00e7er: &#8220;B\u00fct\u00e7ede hi\u00e7bir [&hellip;]<\/p>\n","protected":false},"author":2,"featured_media":34980,"comment_status":"closed","ping_status":"closed","sticky":false,"template":"","format":"standard","meta":{"footnotes":""},"categories":[3],"tags":[],"class_list":["post-34979","post","type-post","status-publish","format-standard","has-post-thumbnail","hentry","category-manset"],"views":9,"_links":{"self":[{"href":"https:\/\/mersinkadingazetesi.com\/index.php?rest_route=\/wp\/v2\/posts\/34979"}],"collection":[{"href":"https:\/\/mersinkadingazetesi.com\/index.php?rest_route=\/wp\/v2\/posts"}],"about":[{"href":"https:\/\/mersinkadingazetesi.com\/index.php?rest_route=\/wp\/v2\/types\/post"}],"author":[{"embeddable":true,"href":"https:\/\/mersinkadingazetesi.com\/index.php?rest_route=\/wp\/v2\/users\/2"}],"replies":[{"embeddable":true,"href":"https:\/\/mersinkadingazetesi.com\/index.php?rest_route=%2Fwp%2Fv2%2Fcomments&post=34979"}],"version-history":[{"count":1,"href":"https:\/\/mersinkadingazetesi.com\/index.php?rest_route=\/wp\/v2\/posts\/34979\/revisions"}],"predecessor-version":[{"id":34981,"href":"https:\/\/mersinkadingazetesi.com\/index.php?rest_route=\/wp\/v2\/posts\/34979\/revisions\/34981"}],"wp:featuredmedia":[{"embeddable":true,"href":"https:\/\/mersinkadingazetesi.com\/index.php?rest_route=\/wp\/v2\/media\/34980"}],"wp:attachment":[{"href":"https:\/\/mersinkadingazetesi.com\/index.php?rest_route=%2Fwp%2Fv2%2Fmedia&parent=34979"}],"wp:term":[{"taxonomy":"category","embeddable":true,"href":"https:\/\/mersinkadingazetesi.com\/index.php?rest_route=%2Fwp%2Fv2%2Fcategories&post=34979"},{"taxonomy":"post_tag","embeddable":true,"href":"https:\/\/mersinkadingazetesi.com\/index.php?rest_route=%2Fwp%2Fv2%2Ftags&post=34979"}],"curies":[{"name":"wp","href":"https:\/\/api.w.org\/{rel}","templated":true}]}}