{"id":34982,"date":"2024-09-05T11:46:40","date_gmt":"2024-09-05T08:46:40","guid":{"rendered":"https:\/\/mersinkadingazetesi.com\/?p=34982"},"modified":"2024-09-05T11:46:40","modified_gmt":"2024-09-05T08:46:40","slug":"hayvanseverler-tatil-koyu-gibi-bir-barinma-merkezi","status":"publish","type":"post","link":"https:\/\/mersinkadingazetesi.com\/?p=34982","title":{"rendered":"HAYVANSEVERLER: &#8220;TAT\u0130L K\u00d6Y\u00dc G\u0130B\u0130 B\u0130R BARINMA MERKEZ\u0130&#8221;"},"content":{"rendered":"\n<p>Mersin B\u00fcy\u00fck\u015fehir Belediyesi Tar\u0131msal Hizmetler Dairesi Ba\u015fkanl\u0131\u011f\u0131 b\u00fcnyesinde patili dostlar i\u00e7in hizmet veren Ka\u015fl\u0131 Ge\u00e7ici Hayvan Bak\u0131mevi ve Rehabilitasyon Merkezi, Mersin&#8217;de faaliyet g\u00f6steren sivil toplum kurulu\u015fu temsilcilerini a\u011f\u0131rlad\u0131.<\/p>\n\n\n\n<p>Kad\u0131n ve Aile Hizmetleri Dairesi Ba\u015fkanl\u0131\u011f\u0131&#8217;n\u0131n kad\u0131n dernekleri ile her pazartesi ger\u00e7ekle\u015ftirdi\u011fi toplant\u0131larda yap\u0131lan talep \u00fczerine ger\u00e7ekle\u015fen ziyarette a\u011f\u0131rl\u0131kl\u0131 olarak kad\u0131n dernekleri yer ald\u0131. KA.DER, Cumhuriyet Kad\u0131nlar\u0131 Derne\u011fi, Mezitli Kent Konseyi, Akdeniz Rotary Kul\u00fcb\u00fc ve Akdeniz Sanat Kolektifi temsilerinin yer ald\u0131\u011f\u0131 ziyarette, bireysel kat\u0131l\u0131mlar da vard\u0131.<\/p>\n\n\n\n<p>Bak\u0131mevi&#8217;nde g\u00f6revli veteriner hekim ve bak\u0131m personeli e\u015fli\u011finde kedi ve k\u00f6pek padoklar\u0131n\u0131 gezen kat\u0131l\u0131mc\u0131lar, genel i\u015fleyi\u015f ve bak\u0131m hizmetleri hakk\u0131nda detayl\u0131 bilgi ald\u0131. Patili dostlarla da ilgilenen, seven kat\u0131l\u0131mc\u0131lar Mersin&#8217;de ya\u015fayan hayvanseverlerin Bak\u0131mevi&#8217;ni mutlaka g\u00f6rmesi gerekti\u011fini belirtti. Kedi ve k\u00f6peklerin olduk\u00e7a iyi \u015fartlarda bak\u0131ld\u0131\u011f\u0131n\u0131 g\u00f6rd\u00fcklerini ifade eden kat\u0131l\u0131mc\u0131lar, g\u00f6revli personelin, t\u00fcm kedi ve k\u00f6peklerle aras\u0131ndaki ba\u011f\u0131n g\u00fc\u00e7l\u00fc oldu\u011funu da vurgulad\u0131.&nbsp;<\/p>\n\n\n\n<p><strong>Ka\u015fl\u0131 Bak\u0131mevi&#8217;ne hayvanseverlerden tam not<\/strong><\/p>\n\n\n\n<p>Mersin B\u00fcy\u00fck\u015fehir Belediyesi Kad\u0131n ve Aile Hizmetleri Dairesi Ba\u015fkanl\u0131\u011f\u0131 G\u00f6n\u00fcll\u00fcler \u015eube M\u00fcd\u00fcr\u00fc Hava G\u00fcnge\u00e7, 1 y\u0131l\u0131 a\u015fk\u0131n s\u00fcredir kad\u0131n dernekleriyle bir araya geldiklerini, ba\u015fta kad\u0131n ve \u00e7ocuk olmak \u00fczere bir\u00e7ok konuda fikir al\u0131\u015fveri\u015finde bulunduklar\u0131n\u0131 belirterek,&nbsp;<strong>&#8220;Kad\u0131n derneklerimizden gelen talep \u00fczerine Ka\u015fl\u0131 Ge\u00e7ici Hayvan Bak\u0131mevi ve Rehabilitasyon Merkezimizdeki can dostlar\u0131m\u0131z\u0131 ziyarete geldik. Onlar\u0131n bak\u0131mlar\u0131, beslenmeleri, sahiplendirilmeleri gibi konularda bilgiler edindik. Ben bir hayvansever olarak ve hayvan besleyen birisi olarak buray\u0131 g\u00f6rd\u00fcm, ben bile bu kadar g\u00fczel bakam\u0131yorum diyebilirim&#8221;<\/strong>&nbsp;dedi.<\/p>\n\n\n\n<p><strong>Benli: &#8220;B\u00fct\u00fcn derneklere, kurulu\u015flara, halk\u0131m\u0131za kap\u0131m\u0131z her zaman a\u00e7\u0131k&#8221;<\/strong><\/p>\n\n\n\n<p>Ka\u015fl\u0131 Ge\u00e7ici Hayvan Bak\u0131mevi ve Rehabilitasyon Merkezi&#8217;nde Sorumlu Veteriner Hekim \u00d6mer Benli, kad\u0131n derneklerinin Ka\u015fl\u0131 Bak\u0131mevi ziyareti s\u0131ras\u0131nda kendilerine e\u015flik edip t\u00fcm merak edilen sorular\u0131 yan\u0131tlad\u0131klar\u0131n\u0131 anlatarak,&nbsp;<strong>&#8220;Ba\u015fkan\u0131m\u0131z\u0131n anlatt\u0131\u011f\u0131 gibi bu sahiplendirme projesi ile ilgili bilgiler verdik. Hepsinin ho\u015funa gitti. B\u00fct\u00fcn sorular\u0131 cevaplad\u0131k, mutlu bir \u015fekilde ayr\u0131ld\u0131lar. Herhangi bir s\u0131k\u0131nt\u0131 g\u00f6rmediler. Bug\u00fcn kad\u0131n derneklerini a\u011f\u0131rlad\u0131\u011f\u0131m\u0131z gibi b\u00fct\u00fcn derneklere, kurulu\u015flara, halk\u0131m\u0131za kap\u0131m\u0131z her zaman a\u00e7\u0131k, gelip ziyaret edebilirler. Tamamen \u015feffaf bir \u015fekilde hizmet veriyoruz&#8221;<\/strong>&nbsp;diye konu\u015ftu.<\/p>\n\n\n\n<p><strong>\u00d6zyamano\u011flu: &#8220;Herkes muhakkak gelip Ka\u015fl\u0131 Bak\u0131mevi&#8217;ni g\u00f6rmeli&#8221;<\/strong><\/p>\n\n\n\n<p>Akdeniz Rotary Kul\u00fcb\u00fc&#8217;nden Halise \u00d6zyamano\u011flu,&nbsp;&nbsp;<strong>&#8220;\u00d6ncelikle ben gelmi\u015f olmaktan dolay\u0131 \u00e7ok mutluyum. \u015eu an g\u00f6rd\u00fc\u011f\u00fcm harika bir \u015fey, \u00e7ok g\u00fczel. Hatta daha da geni\u015fleyecekmi\u015f, bunu duydu\u011fuma da \u00e7ok sevindim. \u00c7ok sa\u011fl\u0131kl\u0131, \u00e7ok g\u00fczel buldum&#8221;<\/strong>&nbsp;dedi. K\u0131sa s\u00fcre \u00f6nce ba\u015flayan&nbsp;<strong><em>Ya\u015fam\u0131 Sahiplen Destek B\u00fcy\u00fck\u015fehir<\/em><\/strong>&#8216;den kampanyas\u0131n\u0131n da \u00f6nemli oldu\u011funu s\u00f6yleyen Yamano\u011flu, bu kapsamda Bak\u0131mevi&#8217;nin daha \u00e7ok ziyaret edilmesi gerekti\u011fini s\u00f6zlerine ekleyerek,&nbsp;<strong>&#8220;Bu proje \u00e7ok faydal\u0131. Hem destek hem de sahiplenme anlam\u0131nda buran\u0131n \u00e7ok tan\u0131t\u0131lmas\u0131 laz\u0131m. \u0130nsanlara \u015funu s\u00f6yl\u00fcyorum; muhakkak gelin, g\u00f6r\u00fcn. \u00c7ok g\u00fczel, harika. Te\u015fekk\u00fcrler Vahap Se\u00e7er, te\u015fekk\u00fcrler B\u00fcy\u00fck\u015fehir belediyesi&#8221;<\/strong>&nbsp;diye konu\u015ftu.<\/p>\n\n\n\n<p><strong>&#8220;Tatil k\u00f6y\u00fc gibi bir bar\u0131nma merkezi&#8221;<\/strong><\/p>\n\n\n\n<p>Geziye kat\u0131lanlardan Ebru Petek Budur, Ka\u015fl\u0131 Ge\u00e7ici Hayvan Bak\u0131mevi&#8217;ne iki kez geldi\u011fini ifade ederek, &#8220;<strong>Tatil k\u00f6y\u00fc gibi bir bar\u0131nma merkezi. Bu geli\u015fimde k\u00f6peklerin \u00f6zellikle g\u00f6zlerine bakmay\u0131 \u00e7ok istedim. Bu kadar say\u0131da k\u00f6pe\u011fin i\u00e7erisinde \u00e7ok az mutsuz g\u00f6z g\u00f6rd\u00fcm. Hepsi mutlu bak\u0131yorlard\u0131. \u00c7ok g\u00fczel bir bar\u0131nma merkezi. Burada T\u00fcrkiye genelinde \u00f6rnek al\u0131nmas\u0131 gereken bir d\u00fczen ve i\u015fleyi\u015f var. Burada \u00e7al\u0131\u015fan ekibin de k\u00f6peklerle olan ileti\u015fimleri, hepsinin ismini ve hik\u00e2yelerini bilmeleri, bunu bize anlat\u0131rken onlar\u0131n y\u00fcz\u00fcndeki ifade diyaloglar\u0131; burada bir aile ortam\u0131 kurmu\u015flar. \u00c7ok mutlu oldum. Gurur duydu\u011fum bir yer. Onun i\u00e7in B\u00fcy\u00fck\u015fehir Belediyemize te\u015fekk\u00fcr ediyoruz. \u00d6rnek al\u0131nmas\u0131n\u0131 diliyorum&#8221;<\/strong>&nbsp;dedi.<\/p>\n\n\n\n<p>Daha \u00f6nce bir sokak k\u00f6pe\u011fini 2019 y\u0131l\u0131nda Bak\u0131mevi&#8217;ne getirdiklerini s\u00f6zlerine ekleyen Budur,&nbsp;<strong>&#8220;Biz buraya ilk geldi\u011fimizde habersiz geldik. O geldi\u011fimizde de ayn\u0131 bug\u00fcn gibi bir ortam vard\u0131. O zaman da her yeri dola\u015ft\u0131k, her yere bakt\u0131k. Do\u011fum yapm\u0131\u015f, anne yavrular\u0131n oldu\u011fu b\u00f6l\u00fcm, hastalar\u0131n oldu\u011fu b\u00f6l\u00fcm, k\u0131s\u0131rla\u015ft\u0131r\u0131lanlar, ya\u015fl\u0131 hayvanlar, bebekler, yavrular; hepsi \u00e7ok g\u00fczel bir sistematik \u015fekilde ayr\u0131lm\u0131\u015f. Bak\u0131mevimize ba\u015fka \u015fehirlerden hayvanseverleri ve di\u011fer belediyeleri bekliyoruz.&nbsp;&nbsp;Buradaki i\u015fleyi\u015fi, d\u00fczeni g\u00f6rmeleri istiyorum&#8221;<\/strong>&nbsp;ifadelerine yer verdi.<\/p>\n\n\n\n<p><strong>\u00c7etin: &#8220;Be\u015f y\u0131ld\u0131zl\u0131 otel gibi buldum&#8221;<\/strong><\/p>\n\n\n\n<p>Mezitli Kent Konseyi KETEM Ba\u015fkan\u0131 Fatma Sibel \u00c7etin, Ka\u015fl\u0131 Ge\u00e7ici Hayvan Bak\u0131mevi&#8217;ni daha \u00f6nce de ziyaret etti\u011fini ifade ederek,&nbsp;<strong>&#8220;Be\u015f y\u0131ld\u0131zl\u0131 otel gibi buldum. Vahap Ba\u015fkan\u0131ma tekrar te\u015fekk\u00fcr ediyoruz. Hayvanlar\u0131n bu \u015fekilde korunmas\u0131n\u0131 \u00e7ok g\u00fczel buldum&#8221;<\/strong>&nbsp;ifadelerine yer verdi.&nbsp;<\/p>\n","protected":false},"excerpt":{"rendered":"<p>Mersin B\u00fcy\u00fck\u015fehir Belediyesi Tar\u0131msal Hizmetler Dairesi Ba\u015fkanl\u0131\u011f\u0131 b\u00fcnyesinde patili dostlar i\u00e7in hizmet veren Ka\u015fl\u0131 Ge\u00e7ici Hayvan Bak\u0131mevi ve Rehabilitasyon Merkezi, Mersin&#8217;de faaliyet g\u00f6steren sivil toplum kurulu\u015fu temsilcilerini a\u011f\u0131rlad\u0131. Kad\u0131n ve Aile Hizmetleri Dairesi Ba\u015fkanl\u0131\u011f\u0131&#8217;n\u0131n kad\u0131n dernekleri ile her pazartesi ger\u00e7ekle\u015ftirdi\u011fi toplant\u0131larda yap\u0131lan talep \u00fczerine ger\u00e7ekle\u015fen ziyarette a\u011f\u0131rl\u0131kl\u0131 olarak kad\u0131n dernekleri yer ald\u0131. KA.DER, Cumhuriyet Kad\u0131nlar\u0131 [&hellip;]<\/p>\n","protected":false},"author":2,"featured_media":34983,"comment_status":"closed","ping_status":"closed","sticky":false,"template":"","format":"standard","meta":{"footnotes":""},"categories":[2,3,5],"tags":[],"class_list":["post-34982","post","type-post","status-publish","format-standard","has-post-thumbnail","hentry","category-gundem","category-manset","category-mersin"],"views":11,"_links":{"self":[{"href":"https:\/\/mersinkadingazetesi.com\/index.php?rest_route=\/wp\/v2\/posts\/34982"}],"collection":[{"href":"https:\/\/mersinkadingazetesi.com\/index.php?rest_route=\/wp\/v2\/posts"}],"about":[{"href":"https:\/\/mersinkadingazetesi.com\/index.php?rest_route=\/wp\/v2\/types\/post"}],"author":[{"embeddable":true,"href":"https:\/\/mersinkadingazetesi.com\/index.php?rest_route=\/wp\/v2\/users\/2"}],"replies":[{"embeddable":true,"href":"https:\/\/mersinkadingazetesi.com\/index.php?rest_route=%2Fwp%2Fv2%2Fcomments&post=34982"}],"version-history":[{"count":1,"href":"https:\/\/mersinkadingazetesi.com\/index.php?rest_route=\/wp\/v2\/posts\/34982\/revisions"}],"predecessor-version":[{"id":34984,"href":"https:\/\/mersinkadingazetesi.com\/index.php?rest_route=\/wp\/v2\/posts\/34982\/revisions\/34984"}],"wp:featuredmedia":[{"embeddable":true,"href":"https:\/\/mersinkadingazetesi.com\/index.php?rest_route=\/wp\/v2\/media\/34983"}],"wp:attachment":[{"href":"https:\/\/mersinkadingazetesi.com\/index.php?rest_route=%2Fwp%2Fv2%2Fmedia&parent=34982"}],"wp:term":[{"taxonomy":"category","embeddable":true,"href":"https:\/\/mersinkadingazetesi.com\/index.php?rest_route=%2Fwp%2Fv2%2Fcategories&post=34982"},{"taxonomy":"post_tag","embeddable":true,"href":"https:\/\/mersinkadingazetesi.com\/index.php?rest_route=%2Fwp%2Fv2%2Ftags&post=34982"}],"curies":[{"name":"wp","href":"https:\/\/api.w.org\/{rel}","templated":true}]}}