{"id":34991,"date":"2024-09-05T11:51:18","date_gmt":"2024-09-05T08:51:18","guid":{"rendered":"https:\/\/mersinkadingazetesi.com\/?p=34991"},"modified":"2024-09-05T11:51:19","modified_gmt":"2024-09-05T08:51:19","slug":"okula-yeni-baslayan-ogrencilere-merci-destegi","status":"publish","type":"post","link":"https:\/\/mersinkadingazetesi.com\/?p=34991","title":{"rendered":"OKULA YEN\u0130 BA\u015eLAYAN \u00d6\u011eRENC\u0130LERE MERC\u0130 DESTE\u011e\u0130"},"content":{"rendered":"\n<p>Mersin B\u00fcy\u00fck\u015fehir Belediyesi&#8217;nin MERC\u0130 \u00d6\u011frenci Dan\u0131\u015fmanl\u0131k Merkezi&#8217;nde psikolojik dan\u0131\u015fmanl\u0131k, e\u011fitimsel ve mesleki rehberlik ile oyun terapisi hizmetleri sunulmaya devam ediliyor. 4 y\u0131l \u00f6nce hayata ge\u00e7irilen ve binlerce \u00f6\u011frenciye hizmet veren merkezde g\u00f6rev yapan psikolog ve rehberlik uzmanlar\u0131 hem e\u011fitim \u00f6\u011fretim d\u00f6nemlerinde hem s\u0131nav d\u00f6nemlerinde ve hem de sonras\u0131nda \u00f6\u011frencilere ve velilere destek sunuyor.<\/p>\n\n\n\n<p>Sosyal Hizmetleri Dairesi Ba\u015fkanl\u0131\u011f\u0131 b\u00fcnyesinde hizmet veren MERC\u0130 \u00d6\u011frenci Dan\u0131\u015fmanl\u0131k Merkezi&#8217;nde Psikolog \u00d6zlem \u00d6zkan, 2024-2025 e\u011fitim-\u00f6\u011fretim d\u00f6neminin ba\u015flamas\u0131yla 1. s\u0131n\u0131fa ba\u015flayan \u00e7ocuklar\u0131n okula uyum s\u00fcrecine ili\u015fkin tavsiyelerde bulundu.<\/p>\n\n\n\n<p><strong>\u00d6zkan: &#8220;\u00c7ocu\u011fumuzun okula ve \u00f6\u011fretmene g\u00fcven duymas\u0131n\u0131 bekliyoruz&#8221;<\/strong><\/p>\n\n\n\n<p>Okul \u00f6ncesi ve kre\u015f deneyimi olmayan \u00e7ocuklar\u0131n kayg\u0131 duymalar\u0131n\u0131n normal oldu\u011funu, okula al\u0131\u015fma s\u00fcre\u00e7lerinin de\u011fi\u015fkenlik g\u00f6sterebilece\u011fini ifade eden \u00d6zkan,&nbsp;<strong>&#8220;\u00c7ocu\u011fumuzun okula ve \u00f6\u011fretmene g\u00fcven duymas\u0131 ve ebeveyninden a\u015famal\u0131 olarak ayr\u0131lmas\u0131n\u0131 bekliyoruz. \u0130lk g\u00fcnden itibaren ayr\u0131lma s\u00fcresini yava\u015f yava\u015f kademeli olarak sa\u011flamal\u0131y\u0131z. Velilerimiz okulun bah\u00e7esinde bekleyebilirler. \u00c7ocu\u011fu \u00f6\u011fretmenine teslim ederken \u00f6\u011fretmenin rol\u00fc ve kendisiyle kuraca\u011f\u0131 ili\u015fki ad\u0131na ona g\u00fcven verici a\u00e7\u0131klamalarda bulunmak \u00f6nemli olacakt\u0131r. Okula ka\u00e7ta gidece\u011fi ve \u00e7\u0131kaca\u011f\u0131, okuldan onu kimin alaca\u011f\u0131, okulda kimden yard\u0131m isteyebilece\u011fi, okulda neler yapacaklar\u0131 konusunda da sade ve anla\u015f\u0131l\u0131r bir dille bilgilendirme yapmak \u00f6nemli olacakt\u0131r&#8221;&nbsp;<\/strong>dedi.<\/p>\n\n\n\n<p>Okula uyum s\u00fcrecinde ebeveynlerin de \u00e7ocuklar kadar kayg\u0131l\u0131 olabilece\u011fini s\u00f6yleyen \u00d6zkan,&nbsp;&nbsp;<strong>&#8220;Oryantasyon s\u00fcreci dedi\u011fimiz \u015fey asl\u0131nda \u00fc\u00e7 a\u015famal\u0131 bir s\u00fcre\u00e7. \u00c7ocu\u011fun, ailenin ve okul \u00fc\u00e7geninin oryantasyonu. Ebeveynlerden ilk olarak istedi\u011fimiz \u015fey okulla ilgili bilgi edinmeleri. Okulun rutinleri neler, bu s\u00fcre\u00e7te kendileriyle kim muhatap, psikolog nas\u0131l \u00e7al\u0131\u015f\u0131yor gibi oryantasyon s\u00fcrecine dair kafalar\u0131ndaki b\u00fct\u00fcn sorulara cevap bulabilirlerse kendileri de s\u00fcrece hakim olacaklar\u0131 i\u00e7in \u00e7ocuklar\u0131n\u0131n kayg\u0131s\u0131n\u0131 olabildi\u011fince azaltacaklard\u0131r&#8221;<\/strong>&nbsp;diye konu\u015ftu.&nbsp;&nbsp;\u00d6zkan, \u00e7ocuklar\u0131n ailelerinin jest ve mimiklerini \u00e7ok iyi okudu\u011funu, \u00e7ocuklar\u0131n\u0131 okula b\u0131rak\u0131rken kayg\u0131l\u0131 bir ifadeye sahip olmamalar\u0131n\u0131, kendilerinden emin ve sakin bir \u015fekilde hareket etmelerini gerekti\u011fini s\u00f6yledi.<\/p>\n\n\n\n<p><strong>&#8220;En \u00f6nemli \u015fey mutlaka \u00e7ocu\u011fun okula devaml\u0131l\u0131\u011f\u0131n\u0131 sa\u011flamak&#8221;<\/strong><\/p>\n\n\n\n<p>\u00d6zkan, ebeveynlerin \u00e7ocuklar\u0131na kar\u015f\u0131 \u015fefkatli ve anlay\u0131\u015fl\u0131 bir tutum sergilemesi gerekti\u011fini belirterek,&nbsp;<strong>&#8220;\u00c7ocu\u011fun duygusuna e\u015flik etmek \u00e7ok k\u0131ymetli.&nbsp;&nbsp;Onu anlad\u0131\u011f\u0131n\u0131z\u0131 g\u00f6stermek ve \u015fefkatli bir tutum sergilemek \u00e7ok \u00f6nemli. Bu s\u00fcre\u00e7te yap\u0131lmas\u0131 gereken en \u00f6nemli \u015fey mutlaka ve mutlaka \u00e7ocu\u011fun okula devaml\u0131l\u0131\u011f\u0131n\u0131 sa\u011flamak.&nbsp;<em>&#8216;Bekleyelim, ge\u00e7er&#8217;<\/em>&nbsp;\u015feklinde bir yakla\u015f\u0131m tarz\u0131 benimsersek ya da k\u0131sa s\u00fcreli de olsa \u00e7ocu\u011fu okula g\u00f6ndermezsek oryantasyon s\u00fcrecini uzatm\u0131\u015f olaca\u011f\u0131z. E\u011fer uyum s\u00fcreci bir aydan daha uzun s\u00fcrerse ve \u00e7ocuk ayr\u0131lma kayg\u0131s\u0131n\u0131 \u00e7ok yo\u011fun bir \u015fekilde ya\u015f\u0131yorsa o noktada bir uzman deste\u011fi \u00f6nemli olacakt\u0131r&#8221;<\/strong>&nbsp;ifadelerine yer verdi.<\/p>\n\n\n\n<p><strong>Okula uyum s\u00fcreci ya\u015fayan \u00e7ocuklar MERC\u0130&#8217;de destek alabilir<\/strong><\/p>\n\n\n\n<p>Uyum s\u00fcreci uzayan \u00e7ocuklara MERC\u0130&#8217;de destek verdiklerini kaydeden \u00d6zkan,&nbsp;<strong>&#8220;\u00c7ocu\u011fun duygusunu anlamaya \u00e7al\u0131\u015f\u0131yoruz. Okula gitmeyi istememe sebebi nedir? Ya\u015fad\u0131\u011f\u0131 anneden ayr\u0131lma kayg\u0131s\u0131 m\u0131 yoksa okulda onu cayd\u0131r\u0131c\u0131 bir \u015feyler mi var? \u00d6\u011fretmeniyle mi bir sorun ya\u015f\u0131yor? Arkada\u015flar\u0131yla ya\u015fad\u0131\u011f\u0131 bir problem mi var yoksa kendi yetersizli\u011fi ile alakal\u0131 bir s\u00fcre\u00e7 mi? Asl\u0131nda biz bunlar\u0131 saptamaya \u00e7al\u0131\u015f\u0131yoruz ve o noktada gerekli y\u00f6nlendirmelerde bulunuyoruz. Ne kadar ihtiya\u00e7 varsa o kadar \u00e7a\u011f\u0131r\u0131yoruz. Bizden dan\u0131\u015fmanl\u0131k almak isteyen t\u00fcm \u00f6\u011frencilere her zaman MERC\u0130 olarak kap\u0131lar\u0131m\u0131z a\u00e7\u0131k&#8221;&nbsp;<\/strong>dedi.<\/p>\n","protected":false},"excerpt":{"rendered":"<p>Mersin B\u00fcy\u00fck\u015fehir Belediyesi&#8217;nin MERC\u0130 \u00d6\u011frenci Dan\u0131\u015fmanl\u0131k Merkezi&#8217;nde psikolojik dan\u0131\u015fmanl\u0131k, e\u011fitimsel ve mesleki rehberlik ile oyun terapisi hizmetleri sunulmaya devam ediliyor. 4 y\u0131l \u00f6nce hayata ge\u00e7irilen ve binlerce \u00f6\u011frenciye hizmet veren merkezde g\u00f6rev yapan psikolog ve rehberlik uzmanlar\u0131 hem e\u011fitim \u00f6\u011fretim d\u00f6nemlerinde hem s\u0131nav d\u00f6nemlerinde ve hem de sonras\u0131nda \u00f6\u011frencilere ve velilere destek sunuyor. Sosyal Hizmetleri [&hellip;]<\/p>\n","protected":false},"author":2,"featured_media":34992,"comment_status":"closed","ping_status":"closed","sticky":false,"template":"","format":"standard","meta":{"footnotes":""},"categories":[3],"tags":[],"class_list":["post-34991","post","type-post","status-publish","format-standard","has-post-thumbnail","hentry","category-manset"],"views":2,"_links":{"self":[{"href":"https:\/\/mersinkadingazetesi.com\/index.php?rest_route=\/wp\/v2\/posts\/34991"}],"collection":[{"href":"https:\/\/mersinkadingazetesi.com\/index.php?rest_route=\/wp\/v2\/posts"}],"about":[{"href":"https:\/\/mersinkadingazetesi.com\/index.php?rest_route=\/wp\/v2\/types\/post"}],"author":[{"embeddable":true,"href":"https:\/\/mersinkadingazetesi.com\/index.php?rest_route=\/wp\/v2\/users\/2"}],"replies":[{"embeddable":true,"href":"https:\/\/mersinkadingazetesi.com\/index.php?rest_route=%2Fwp%2Fv2%2Fcomments&post=34991"}],"version-history":[{"count":1,"href":"https:\/\/mersinkadingazetesi.com\/index.php?rest_route=\/wp\/v2\/posts\/34991\/revisions"}],"predecessor-version":[{"id":34993,"href":"https:\/\/mersinkadingazetesi.com\/index.php?rest_route=\/wp\/v2\/posts\/34991\/revisions\/34993"}],"wp:featuredmedia":[{"embeddable":true,"href":"https:\/\/mersinkadingazetesi.com\/index.php?rest_route=\/wp\/v2\/media\/34992"}],"wp:attachment":[{"href":"https:\/\/mersinkadingazetesi.com\/index.php?rest_route=%2Fwp%2Fv2%2Fmedia&parent=34991"}],"wp:term":[{"taxonomy":"category","embeddable":true,"href":"https:\/\/mersinkadingazetesi.com\/index.php?rest_route=%2Fwp%2Fv2%2Fcategories&post=34991"},{"taxonomy":"post_tag","embeddable":true,"href":"https:\/\/mersinkadingazetesi.com\/index.php?rest_route=%2Fwp%2Fv2%2Ftags&post=34991"}],"curies":[{"name":"wp","href":"https:\/\/api.w.org\/{rel}","templated":true}]}}