{"id":34994,"date":"2024-09-05T11:53:00","date_gmt":"2024-09-05T08:53:00","guid":{"rendered":"https:\/\/mersinkadingazetesi.com\/?p=34994"},"modified":"2024-09-05T11:53:01","modified_gmt":"2024-09-05T08:53:01","slug":"baskan-tuncer-zabita-personeli-ile-bir-araya-geldi","status":"publish","type":"post","link":"https:\/\/mersinkadingazetesi.com\/?p=34994","title":{"rendered":"BA\u015eKAN TUNCER, ZABITA PERSONEL\u0130 \u0130LE B\u0130R ARAYA GELD\u0130"},"content":{"rendered":"\n<p>Mezitli Belediye Ba\u015fkan\u0131 Ahmet Serkan Tuncer, Zab\u0131ta Haftas\u0131 ve Zab\u0131ta Te\u015fkilat\u0131&#8217;n\u0131n 198. Kurulu\u015f y\u0131l d\u00f6n\u00fcm\u00fc dolay\u0131s\u0131yla ile Zab\u0131ta M\u00fcd\u00fcrl\u00fc\u011f\u00fc personeliyle bir araya geldi.<\/p>\n\n\n\n<p>1-7 Eyl\u00fcl tarihleri aras\u0131nda kutlanan Zab\u0131ta Haftas\u0131 kapsam\u0131nda, Mezitli Belediyesi Down Cafe&#8217;de d\u00fczenlenen etkinlikte zab\u0131ta personeliyle bulu\u015fan Ba\u015fkan Tuncer tek tek selamla\u015farak, Zab\u0131ta Haftas\u0131&#8217;n\u0131 kutlad\u0131.<\/p>\n\n\n\n<p><strong>&#8220;\u015eEHR\u0130M\u0130Z\u0130N VE HALKIMIZIN G\u00dcVENL\u0130\u011e\u0130 \u0130\u00c7\u0130N YAPTI\u011eINIZ T\u00dcM \u00c7ALI\u015eMALAR \u0130\u00c7\u0130N TE\u015eEKK\u00dcRLER&#8221;<\/strong><\/p>\n\n\n\n<p>Zab\u0131talar\u0131n, halk\u0131n her kesimine hitap eden \u00f6nemli bir birim oldu\u011funu vurgulayan Ba\u015fkan Tuncer, \u015funlar\u0131 s\u00f6yledi: &#8220;De\u011ferli zab\u0131ta memurlar\u0131m\u0131z, Zab\u0131ta Haftas\u0131&#8217;n\u0131 kutlaman\u0131n gururunu ya\u015f\u0131yoruz.Zab\u0131ta ekiplerimiz Mezitlimizin huzurunu, d\u00fczenini ve g\u00fcvenli\u011fini sa\u011flamak ad\u0131na gece g\u00fcnd\u00fcz demeden fedakarca \u00e7al\u0131\u015fmakta ve vatanda\u015flar\u0131m\u0131z\u0131n refah\u0131 i\u00e7in b\u00fcy\u00fck bir sorumluluk \u00fcstlenmektedir.\u015eehrimizin tertipli, d\u00fczenli ve ya\u015fanabilir olmas\u0131nda en b\u00fcy\u00fck paylardan biri de zab\u0131talar\u0131m\u0131za aittir. Mezitli&#8217;nin d\u00f6rt bir yan\u0131nda, her g\u00fcn kar\u015f\u0131la\u015ft\u0131klar\u0131 zorluklar\u0131 azimle a\u015fmakta ve halk\u0131m\u0131z\u0131n huzuru i\u00e7in \u00f6zverili bir \u015fekilde g\u00f6revini y\u00fcr\u00fctmektedir.Zab\u0131ta Te\u015fkilat\u0131n\u0131n kuru\u015funun 198&#8217;inci y\u0131l\u0131 ve Zab\u0131ta Haftas\u0131n\u0131 kutluyor, g\u00f6revlerinizde kazas\u0131z, belas\u0131z, sa\u011fl\u0131kla ve huzurla ge\u00e7ecek bir y\u0131l diliyorum. \u015eehrimizin ve halk\u0131m\u0131z\u0131n g\u00fcvenli\u011fi i\u00e7in yapt\u0131\u011f\u0131n\u0131z t\u00fcm \u00e7al\u0131\u015fmalar i\u00e7in sizlere bir kez daha te\u015fekk\u00fcr ediyorum. &#8220;dedi.<\/p>\n","protected":false},"excerpt":{"rendered":"<p>Mezitli Belediye Ba\u015fkan\u0131 Ahmet Serkan Tuncer, Zab\u0131ta Haftas\u0131 ve Zab\u0131ta Te\u015fkilat\u0131&#8217;n\u0131n 198. Kurulu\u015f y\u0131l d\u00f6n\u00fcm\u00fc dolay\u0131s\u0131yla ile Zab\u0131ta M\u00fcd\u00fcrl\u00fc\u011f\u00fc personeliyle bir araya geldi. 1-7 Eyl\u00fcl tarihleri aras\u0131nda kutlanan Zab\u0131ta Haftas\u0131 kapsam\u0131nda, Mezitli Belediyesi Down Cafe&#8217;de d\u00fczenlenen etkinlikte zab\u0131ta personeliyle bulu\u015fan Ba\u015fkan Tuncer tek tek selamla\u015farak, Zab\u0131ta Haftas\u0131&#8217;n\u0131 kutlad\u0131. &#8220;\u015eEHR\u0130M\u0130Z\u0130N VE HALKIMIZIN G\u00dcVENL\u0130\u011e\u0130 \u0130\u00c7\u0130N YAPTI\u011eINIZ T\u00dcM [&hellip;]<\/p>\n","protected":false},"author":2,"featured_media":34995,"comment_status":"closed","ping_status":"closed","sticky":false,"template":"","format":"standard","meta":{"footnotes":""},"categories":[1,2,3,5],"tags":[],"class_list":["post-34994","post","type-post","status-publish","format-standard","has-post-thumbnail","hentry","category-genel","category-gundem","category-manset","category-mersin"],"views":4,"_links":{"self":[{"href":"https:\/\/mersinkadingazetesi.com\/index.php?rest_route=\/wp\/v2\/posts\/34994"}],"collection":[{"href":"https:\/\/mersinkadingazetesi.com\/index.php?rest_route=\/wp\/v2\/posts"}],"about":[{"href":"https:\/\/mersinkadingazetesi.com\/index.php?rest_route=\/wp\/v2\/types\/post"}],"author":[{"embeddable":true,"href":"https:\/\/mersinkadingazetesi.com\/index.php?rest_route=\/wp\/v2\/users\/2"}],"replies":[{"embeddable":true,"href":"https:\/\/mersinkadingazetesi.com\/index.php?rest_route=%2Fwp%2Fv2%2Fcomments&post=34994"}],"version-history":[{"count":1,"href":"https:\/\/mersinkadingazetesi.com\/index.php?rest_route=\/wp\/v2\/posts\/34994\/revisions"}],"predecessor-version":[{"id":34996,"href":"https:\/\/mersinkadingazetesi.com\/index.php?rest_route=\/wp\/v2\/posts\/34994\/revisions\/34996"}],"wp:featuredmedia":[{"embeddable":true,"href":"https:\/\/mersinkadingazetesi.com\/index.php?rest_route=\/wp\/v2\/media\/34995"}],"wp:attachment":[{"href":"https:\/\/mersinkadingazetesi.com\/index.php?rest_route=%2Fwp%2Fv2%2Fmedia&parent=34994"}],"wp:term":[{"taxonomy":"category","embeddable":true,"href":"https:\/\/mersinkadingazetesi.com\/index.php?rest_route=%2Fwp%2Fv2%2Fcategories&post=34994"},{"taxonomy":"post_tag","embeddable":true,"href":"https:\/\/mersinkadingazetesi.com\/index.php?rest_route=%2Fwp%2Fv2%2Ftags&post=34994"}],"curies":[{"name":"wp","href":"https:\/\/api.w.org\/{rel}","templated":true}]}}