{"id":34997,"date":"2024-09-05T11:54:39","date_gmt":"2024-09-05T08:54:39","guid":{"rendered":"https:\/\/mersinkadingazetesi.com\/?p=34997"},"modified":"2024-09-05T11:54:39","modified_gmt":"2024-09-05T08:54:39","slug":"cakir-yonetim-kurulu-uyeleriyle-birlikte-istanbul-kuresel-e-ihracat-zirvesine-katildi","status":"publish","type":"post","link":"https:\/\/mersinkadingazetesi.com\/?p=34997","title":{"rendered":"\u00c7ak\u0131r, Y\u00f6netim Kurulu \u00dcyeleriyle birlikte \u0130stanbul K\u00fcresel E-\u0130hracat Zirvesi\u2019ne kat\u0131ld\u0131"},"content":{"rendered":"\n<p>Mersin Ticaret ve Sanayi Odas\u0131 (<a href=\"https:\/\/www.facebook.com\/hashtag\/mtso?__eep__=6&amp;__cft__[0]=AZX2wwcOyCza_CAwNI8TkyZplaCouX_DRsOAf3vbN2Ry1EOsNov7ulP6_WQnc1SDbUfFan7axwYgprFWTxiqGwQYyjAblXXd76V_6g41dJYjOdtBftQG6mohBfO664r9OPiTfedpWwm7aV39rt5dntzT4TDy65qZPdVW8lEqPDCn7Cf7Iod9GcxwkMOzQz4TstIWiRhkevcPEv6GodFPtIgi&amp;__tn__=*NK-R\" target=\"_blank\" rel=\"noreferrer noopener\">#MTSO<\/a>) Y\u00f6netim Kurulu Ba\u015fkan\u0131 Hakan Sefa \u00c7ak\u0131r, Y\u00f6netim Kurulu \u00dcyeleriyle birlikte Ticaret Bakanl\u0131\u011f\u0131 himayesinde, Elektronik Ticaret \u0130\u015fletmecileri Derne\u011fi (<a href=\"https:\/\/www.facebook.com\/hashtag\/etid?__eep__=6&amp;__cft__[0]=AZX2wwcOyCza_CAwNI8TkyZplaCouX_DRsOAf3vbN2Ry1EOsNov7ulP6_WQnc1SDbUfFan7axwYgprFWTxiqGwQYyjAblXXd76V_6g41dJYjOdtBftQG6mohBfO664r9OPiTfedpWwm7aV39rt5dntzT4TDy65qZPdVW8lEqPDCn7Cf7Iod9GcxwkMOzQz4TstIWiRhkevcPEv6GodFPtIgi&amp;__tn__=*NK-R\" target=\"_blank\" rel=\"noreferrer noopener\">#ET\u0130D<\/a>) taraf\u0131ndan organize edilen ve T\u00fcrkiye \u0130hracat\u00e7\u0131lar Meclisi (<a href=\"https:\/\/www.facebook.com\/hashtag\/tim?__eep__=6&amp;__cft__[0]=AZX2wwcOyCza_CAwNI8TkyZplaCouX_DRsOAf3vbN2Ry1EOsNov7ulP6_WQnc1SDbUfFan7axwYgprFWTxiqGwQYyjAblXXd76V_6g41dJYjOdtBftQG6mohBfO664r9OPiTfedpWwm7aV39rt5dntzT4TDy65qZPdVW8lEqPDCn7Cf7Iod9GcxwkMOzQz4TstIWiRhkevcPEv6GodFPtIgi&amp;__tn__=*NK-R\" target=\"_blank\" rel=\"noreferrer noopener\">#T\u0130M<\/a>) i\u015f birli\u011fiyle desteklenen \u0130stanbul K\u00fcresel E-\u0130hracat Zirvesi\u2019ne kat\u0131ld\u0131. Organizasyonda k\u00fcresel pazar liderleri, e-ticaret sat\u0131c\u0131lar\u0131, perakendeciler, distrib\u00fct\u00f6rler, entergat\u00f6rlerle e-ihracat konsorsiyumlar\u0131 bulu\u015ftu.<\/p>\n\n\n\n<p><a><\/a>Hali\u00e7 Kongre Merkezi&#8217;nde d\u00fczenlenen etkinlikte genel nitelikli al\u0131m heyeti de d\u00fczenlendi. Bu kapsamda, Amazon, Ajio, Allegro, About You Se, Apparel Group, Digikala, eMag, Fashion Days, FlipKart, Fruugo, Joom, Jumia, JD Central, Kaufland, Myntra, Namshi, Noon, Nykaa Fashion Ltd, Otto, Ozon, Reliance, Shein, Shopee Sokoni Online (Africasokoni), Temu, Tmall, Walmart, Wayfair gibi 25&#8217;in \u00fcst\u00fcnde b\u00f6lgesel ve k\u00fcresel nitelikteki pazaryerinden yakla\u015f\u0131k 100 ki\u015filik bir al\u0131m heyeti, ihracat\u00e7\u0131 firmalarla ikili i\u015f g\u00f6r\u00fc\u015fmeleri yapt\u0131.<\/p>\n\n\n\n<p>Zirveye kat\u0131lan Ticaret Bakan\u0131 \u00d6mer Bolat, 2022&#8217;de yakla\u015f\u0131k 2,17 milyar dolar olan e-ihracat\u0131n, 2023&#8217;te y\u00fczde 131 artarak 5 milyar dolar\u0131 a\u015ft\u0131\u011f\u0131n\u0131 belirterek, &#8220;2024&#8217;\u00fcn sonuna kadar toplamda 8 milyar dolar e-ihracata ula\u015fmay\u0131 hedefliyoruz&#8221; dedi. Firmalara yard\u0131mc\u0131 olabilmek ad\u0131na E-Kolay \u0130hracat Platformu\u2019nu kuracaklar\u0131n\u0131 bildiren Bolat, bu platformla firmalara e-ihracat ve dijital pazarlama konusunda eksiklerini tamamlayabilecekleri kapsaml\u0131 bir bilgi kayna\u011f\u0131 sunmay\u0131 hedeflediklerini s\u00f6yledi.<\/p>\n\n\n\n<p>Daha \u00e7ok Mersin firmas\u0131n\u0131 e-ihracatla tan\u0131\u015ft\u0131rmak istediklerini kaydeden MTSO Y\u00f6netim Kurulu Ba\u015fkan\u0131 Hakan Sefa \u00c7ak\u0131r ise b\u00f6ylesi zirvelerin b\u00fcy\u00fck \u00f6nem ta\u015f\u0131d\u0131\u011f\u0131na dikkat \u00e7ekerek, firmalar\u0131n ticaretin d\u00f6n\u00fc\u015f\u00fcm\u00fcn\u00fc yak\u0131ndan takip edip e-ihracat stratejilerini olu\u015fturmas\u0131n\u0131n bir zorunluluk haline geldi\u011fini ifade etti. Ticaret Bakanl\u0131\u011f\u0131\u2019n\u0131n e-ihracata y\u00f6nelik mevzuat\u0131n\u0131 haz\u0131rlad\u0131\u011f\u0131n\u0131, bu konuda \u00e7e\u015fitli destekler verildi\u011fini kaydeden \u00c7ak\u0131r, daha \u00e7ok firmay\u0131 bu desteklerden yararlanmaya davet etti.<\/p>\n","protected":false},"excerpt":{"rendered":"<p>Mersin Ticaret ve Sanayi Odas\u0131 (#MTSO) Y\u00f6netim Kurulu Ba\u015fkan\u0131 Hakan Sefa \u00c7ak\u0131r, Y\u00f6netim Kurulu \u00dcyeleriyle birlikte Ticaret Bakanl\u0131\u011f\u0131 himayesinde, Elektronik Ticaret \u0130\u015fletmecileri Derne\u011fi (#ET\u0130D) taraf\u0131ndan organize edilen ve T\u00fcrkiye \u0130hracat\u00e7\u0131lar Meclisi (#T\u0130M) i\u015f birli\u011fiyle desteklenen \u0130stanbul K\u00fcresel E-\u0130hracat Zirvesi\u2019ne kat\u0131ld\u0131. Organizasyonda k\u00fcresel pazar liderleri, e-ticaret sat\u0131c\u0131lar\u0131, perakendeciler, distrib\u00fct\u00f6rler, entergat\u00f6rlerle e-ihracat konsorsiyumlar\u0131 bulu\u015ftu. Hali\u00e7 Kongre Merkezi&#8217;nde [&hellip;]<\/p>\n","protected":false},"author":2,"featured_media":34998,"comment_status":"closed","ping_status":"closed","sticky":false,"template":"","format":"standard","meta":{"footnotes":""},"categories":[34,3],"tags":[],"class_list":["post-34997","post","type-post","status-publish","format-standard","has-post-thumbnail","hentry","category-flas-haber","category-manset"],"views":4,"_links":{"self":[{"href":"https:\/\/mersinkadingazetesi.com\/index.php?rest_route=\/wp\/v2\/posts\/34997"}],"collection":[{"href":"https:\/\/mersinkadingazetesi.com\/index.php?rest_route=\/wp\/v2\/posts"}],"about":[{"href":"https:\/\/mersinkadingazetesi.com\/index.php?rest_route=\/wp\/v2\/types\/post"}],"author":[{"embeddable":true,"href":"https:\/\/mersinkadingazetesi.com\/index.php?rest_route=\/wp\/v2\/users\/2"}],"replies":[{"embeddable":true,"href":"https:\/\/mersinkadingazetesi.com\/index.php?rest_route=%2Fwp%2Fv2%2Fcomments&post=34997"}],"version-history":[{"count":1,"href":"https:\/\/mersinkadingazetesi.com\/index.php?rest_route=\/wp\/v2\/posts\/34997\/revisions"}],"predecessor-version":[{"id":34999,"href":"https:\/\/mersinkadingazetesi.com\/index.php?rest_route=\/wp\/v2\/posts\/34997\/revisions\/34999"}],"wp:featuredmedia":[{"embeddable":true,"href":"https:\/\/mersinkadingazetesi.com\/index.php?rest_route=\/wp\/v2\/media\/34998"}],"wp:attachment":[{"href":"https:\/\/mersinkadingazetesi.com\/index.php?rest_route=%2Fwp%2Fv2%2Fmedia&parent=34997"}],"wp:term":[{"taxonomy":"category","embeddable":true,"href":"https:\/\/mersinkadingazetesi.com\/index.php?rest_route=%2Fwp%2Fv2%2Fcategories&post=34997"},{"taxonomy":"post_tag","embeddable":true,"href":"https:\/\/mersinkadingazetesi.com\/index.php?rest_route=%2Fwp%2Fv2%2Ftags&post=34997"}],"curies":[{"name":"wp","href":"https:\/\/api.w.org\/{rel}","templated":true}]}}