{"id":35007,"date":"2024-09-08T08:49:53","date_gmt":"2024-09-08T05:49:53","guid":{"rendered":"https:\/\/mersinkadingazetesi.com\/?p=35007"},"modified":"2024-09-08T08:49:54","modified_gmt":"2024-09-08T05:49:54","slug":"meclis-borc-yuku-nedeniyle-2-tasinmazin-satisi-icin-es-baskan-sariyildiza-yetki-verdi","status":"publish","type":"post","link":"https:\/\/mersinkadingazetesi.com\/?p=35007","title":{"rendered":"MECL\u0130S, BOR\u00c7 Y\u00dcK\u00dc NEDEN\u0130YLE 2 TA\u015eINMAZIN SATI\u015eI \u0130\u00c7\u0130N E\u015e BA\u015eKAN SARIYILDIZ\u2019A YETK\u0130 VERD\u0130"},"content":{"rendered":"\n<p>Akdeniz Belediye Meclisi, belediyenin ge\u00e7mi\u015f d\u00f6nemden kalan bor\u00e7 ve faiz y\u00fck\u00fcn\u00fcn hafifletilmesi ve hizmet ve projelerin aksamadan s\u00fcrmesi amac\u0131yla belediyeye ait 2 gayrimenkul\u00fcn olas\u0131 sat\u0131\u015f\u0131 i\u00e7in E\u015f Ba\u015fkan Ho\u015fyar Sar\u0131y\u0131ld\u0131z\u2019a oy\u00e7oklu\u011fu ile yetki verdi.<\/p>\n\n\n\n<p>Akdeniz Belediye Meclisi, Eyl\u00fcl ay\u0131 ikinci birle\u015fimi, E\u015f Ba\u015fkanlar Nuriye Arslan ve Ho\u015fyar Sar\u0131y\u0131ld\u0131z Ba\u015fkanl\u0131\u011f\u0131nda ger\u00e7ekle\u015fti. Meclis\u2019te, belediyenin a\u011f\u0131r bor\u00e7 ve faiz y\u00fck\u00fc nedeniyle kaynak yaratmak ve a\u011f\u0131r bor\u00e7 y\u00fck\u00fcn\u00fc hafifletip olas\u0131 haciz giri\u015fimlerini \u00f6nlemek amac\u0131yla belediyeye ait 2 ta\u015f\u0131nmaz\u0131n sat\u0131\u015f\u0131 i\u00e7in DEM ve CHP\u2019li meclis \u00fcyelerinin \u00e7o\u011funlu\u011fuyla E\u015f Ba\u015fkan Sar\u0131y\u0131ld\u0131z\u2019a yetki verildi.<\/p>\n\n\n\n<p>\u00dcniversite kazanan \u00f6\u011frencilere ve \u0130\u00e7el Sanat Kul\u00fcb\u00fc\u2019ne destek verilecek<\/p>\n\n\n\n<p>Meclis\u2019te ayr\u0131ca \u00fcniversitelerin 2 ve 4 y\u0131ll\u0131k b\u00f6l\u00fcmlerini kazanan Akdenizli \u00f6\u011frencilere maddi destek verilmesi de oybirli\u011fi ile kabul edildi. Toplant\u0131da \u0130\u00e7el Sanat Kul\u00fcb\u00fc\u2019n\u00fcn Eyl\u00fcl ve Ekim aylar\u0131nda d\u00fczenleyece\u011fi Arkeoloji G\u00fcnleri ile Mitoloji G\u00fcnlerine 10\u2019ar bin TL maddi destek verilmesi de AK Parti grubunun itirazlar\u0131na ra\u011fmen oy\u00e7oklu\u011fu ile kabul edildi. Toplant\u0131da, Destek Hizmetleri ile \u00c7evre Koruma ve Kontrol M\u00fcd\u00fcrl\u00fcklerinin ge\u00e7mi\u015f y\u0131llarda yapt\u0131\u011f\u0131 ihalelerin sona ermesi nedeniyle, yeni d\u00f6nemde hizmetlerin h\u0131zl\u0131 ve nitelikli yap\u0131labilmesi amac\u0131yla ger\u00e7ekle\u015ftirece\u011fi ta\u015f\u0131t kiralama ihalelerine y\u00f6nelik komisyon karar\u0131 da Meclis\u2019ten oybirli\u011fi ile ge\u00e7ti.<\/p>\n\n\n\n<p>E\u015f Ba\u015fkan Arslan; \u201cSat\u0131\u015fa biz de kar\u015f\u0131y\u0131z fakat gelinen durum \u00e7ok vahim\u201d<\/p>\n\n\n\n<p>SGK, Maliye ve di\u011fer kurum ve kurulu\u015flara olan bor\u00e7 y\u00fck\u00fcn\u00fcn hafifletilmesi amac\u0131yla belediyeye ait 2 gayrimenkul\u00fcn sat\u0131\u015f\u0131na ili\u015fkin meclis \u00fcyelerinin \u00f6neri ve ele\u015ftirilerine yan\u0131t veren E\u015f Ba\u015fkan Nuriye Arslan; \u201cBiz, bir \u00f6nceki (y\u00f6netim) d\u00f6nemde de Meclis\u2019te oldu\u011fumuz i\u00e7in bir\u00e7ok konuya h\u00e2kimiz. \u00c7ok derinlere inmek istemiyoruz\u2026 Burada neler ya\u015fand\u0131\u011f\u0131n\u0131 hepimiz g\u00f6rd\u00fck, ya\u015fad\u0131k. Elbette ki belediyelerin ta\u015f\u0131nmazlar\u0131 sat\u0131lmamal\u0131. Buna en \u00e7ok kar\u015f\u0131 \u00e7\u0131kan, ge\u00e7en 5 y\u0131lda biz HDP grubu olduk. Ama ne yaz\u0131k ki gelinen durum \u00e7ok vahim&#8230; Evet, s\u00f6z konusu yer, de\u011ferli bir yerdir. Oran\u0131n ta\u015f\u0131nmas\u0131 ve sat\u0131\u015f\u0131 i\u00e7in ge\u00e7en d\u00f6nemde de haz\u0131rl\u0131k yap\u0131ld\u0131. E\u011fer, bu borcu kar\u015f\u0131layabilecek bir kaynak bulabileceksek tabi ta\u015f\u0131nmazlar\u0131n sat\u0131\u015f\u0131n\u0131 yapmay\u0131z. \u015eu anda sadece yetki al\u0131n\u0131yor Meclis\u2019ten. Halk\u0131m\u0131z\u0131n \u00e7\u0131kar\u0131n\u0131, yarar\u0131n\u0131 esas alarak yol alaca\u011f\u0131m\u0131zdan hi\u00e7 kimsenin \u015f\u00fcphesi, kayg\u0131s\u0131 olmas\u0131n. Son derece \u015feffaf oldu\u011fumuzu ilk g\u00fcnden beri belirtiyoruz. Yap\u0131lacak her hizmet Akdeniz halk\u0131na yap\u0131lacakt\u0131r. Y\u00fckl\u00fc bir bor\u00e7 olmas\u0131ndan kaynakl\u0131 ne yaz\u0131k ki b\u00f6yle bir yol izlenmek zorunda kal\u0131nd\u0131. SGK borcu ile ilgili; evet, birka\u00e7 ta\u015f\u0131nmaz o d\u00f6nem Meclis\u2019te, itiraz\u0131m\u0131za ra\u011fmen ge\u00e7irildi ama SGK oray\u0131 kabul etmedi, geri \u00e7evirdi. Bu bor\u00e7lar\u0131n bir \u015fekilde \u00f6denmesi gerekiyor. Ge\u00e7mi\u015f d\u00f6nemi \u00e7ok ka\u015f\u0131maya, eski bor\u00e7larla belediyemizin \u00f6n\u00fcn\u00fc t\u0131kamaya gerek yok. Bor\u00e7, belediyenin borcudur. Bu bor\u00e7tan kaynakl\u0131 da hizmetlerde s\u0131k\u0131nt\u0131 ya\u015fan\u0131yor. Bu konuyu halk\u0131m\u0131zla, kamuoyu ile payla\u015fmak istiyoruz. B\u00f6ylesi bir bor\u00e7 y\u00fck\u00fc nedeniyle bu durum mecburidir\u201d ifadelerini kulland\u0131.<\/p>\n\n\n\n<p>E\u015f Ba\u015fkan Sar\u0131y\u0131ld\u0131z; \u201cBiz isterdik ki kasada 850 milyon TL bor\u00e7 de\u011fil alaca\u011f\u0131m\u0131z olsun\u201d<\/p>\n\n\n\n<p>Belediyeye ait 2 gayrimenkul\u00fcn sat\u0131\u015f\u0131 i\u00e7in kendisine verilen yetkiye y\u00f6nelik ele\u015ftirilere yan\u0131t veren E\u015f Ba\u015fkan Ho\u015fyar Sar\u0131y\u0131ld\u0131z ise; \u201cBir\u00e7ok kez tekrar ettik ama yine s\u00f6yleyelim&#8230; Amac\u0131m\u0131z, meclis \u00fcyesi arkada\u015flar\u0131m\u0131z\u0131n iradesini hi\u00e7e sayan, \u2018oy\u00e7oklu\u011fu bizdedir, ast\u0131\u011f\u0131m\u0131z ast\u0131k, kesti\u011fimiz kestik\u2019 anlay\u0131\u015f\u0131yla hareket etmek de\u011fil. Tam tersi, birbirimizi ikna ve ortak akl\u0131 geli\u015ftirme \u00e7abas\u0131d\u0131r. Burada; b\u00fct\u00fcn gruplar\u0131n fikirleri al\u0131nd\u0131, \u00e7\u00f6z\u00fcm \u00f6nerileri de\u011ferlendirildi. Bizler de bu konuyu ilk Meclis toplant\u0131s\u0131nda g\u00fcndem getirmedik zaten. Bug\u00fcn Meclisimizin 5\u2019inci toplant\u0131s\u0131 yap\u0131l\u0131yor, aradan aylar ge\u00e7ti.<\/p>\n\n\n\n<p>Bu s\u00fcre zarf\u0131nda sanmay\u0131n ki elimiz bo\u015f oturduk. Bu bor\u00e7lar\u0131n \u00f6denmesi i\u00e7in yollar arad\u0131k, alacakl\u0131lar\u0131n tatmini i\u00e7in ba\u015fvurular yapt\u0131k. SGK ve ilgili kurumlar dahil, m\u00fcteahhit firmalar ve esnaf dahil, herkesle ileti\u015fim halindeydik. Ama g\u00f6rd\u00fck ki hangi ta\u015f\u0131 kald\u0131rsak alt\u0131ndan y\u00fckl\u00fc miktarda bor\u00e7 \u00e7\u0131kt\u0131. Bu konuda polemik yapmak istemiyoruz ama bizim se\u00e7imlerden sonra fatura giri\u015fi yap\u0131lan milyonlarca liral\u0131k bor\u00e7lar var. D\u00fc\u015f\u00fcn\u00fcn; 1\u2019inci aya ili\u015fkin fatura, se\u00e7imler bittikten sonra, se\u00e7imlerle mazbata tarihi aras\u0131nda (fatura) giri\u015fi yap\u0131lm\u0131\u015f. Haliyle, biz bunlar\u0131 olmayan bir suni g\u00fcndem \u00fczerine konu\u015fmuyoruz.<\/p>\n\n\n\n<p>Suni polemikler i\u00e7in u\u011fra\u015fm\u0131yoruz. Bizim de b\u00f6yle bir g\u00fcndemimiz olmas\u0131n niyetindeyiz. Fakat meclis \u00fcyelerimiz, \u2018Yeni y\u00f6netim, Akdeniz Belediyesi\u2019nin ta\u015f\u0131nmazlar\u0131n\u0131 satmaya hevesliymi\u015f gibi\u2019 bir anlay\u0131\u015f i\u00e7erisine girerse, biz de buna itiraz ederiz. Ta\u015f\u0131nmazlar\u0131n sat\u0131\u015f\u0131 hepimizi \u00fcz\u00fcyor. Fakat gelinen noktada 857 milyon liral\u0131k bir bor\u00e7la y\u00fczle\u015fmek hepimiz i\u00e7in \u00fcz\u00fcc\u00fc bir durum. Biz isterdik kasam\u0131zda 850 milyon TL\u2019lik alacak kalemimiz olsun.\u201d<\/p>\n\n\n\n<p>\u201cHemen yar\u0131n sat\u0131\u015f olmayacak, sadece yetki al\u0131nd\u0131\u201d<\/p>\n\n\n\n<p>Belediyenin ba\u015fka ta\u015f\u0131nmazlar\u0131 da oldu\u011funu belirten Sar\u0131y\u0131ld\u0131z, \u015f\u00f6yle konu\u015ftu; \u201cSanki belediyenin elinde ba\u015fka hi\u00e7bir ta\u015f\u0131nmaz kalm\u0131yormu\u015f, t\u00fcm ta\u015f\u0131nmazlar sat\u0131l\u0131yormu\u015f gibi bir alg\u0131 yaratmak do\u011fru de\u011fil. Sadece 2 ta\u015f\u0131nmaz\u0131n sat\u0131\u015f\u0131 g\u00fcndeme gelmi\u015ftir, bunlar\u0131n da sadece yetkisi al\u0131n\u0131yor. Hemen yar\u0131n bunlar sat\u0131lmayacak. Bu s\u00fcre zarf\u0131nda meclis \u00fcyelerimizin, de\u011ferli Akdeniz halk\u0131n\u0131n ve Mersin kamuoyunun bize sunaca\u011f\u0131 \u00e7\u00f6z\u00fcm \u00f6nerileri olursa elbette de\u011ferlendirece\u011fiz. Biz de isteriz ki bu ta\u015f\u0131nmazlar, bizden sonra gelecek \u00e7ocuklar\u0131m\u0131z ve gen\u00e7lerimiz yarar\u0131na farkl\u0131 \u015fekilde de\u011ferlendirilsin.<\/p>\n\n\n\n<p>Ama bunun ba\u015fka yolu y\u00f6ntemi de yoksa bunun da \u0131srar\u0131 Akdeniz halk\u0131n\u0131n hizmet almas\u0131n\u0131n \u00f6n\u00fcnde bir engele d\u00f6n\u00fc\u015fmemeli\u201d diye konu\u015ftu. Meclis \u00fcyelerinin konuya ili\u015fkin \u00f6neri ve ele\u015ftirilerini a\u00e7\u0131klamas\u0131ndan sonra yap\u0131lan oylamada, 2 ta\u015f\u0131nmaz\u0131n sat\u0131\u015f\u0131 ile ilgili olarak E\u015f Ba\u015fkan Ho\u015fyar Sar\u0131y\u0131ld\u0131z\u2019a yetki verilmesini i\u00e7eren komisyon karar\u0131 \u00fcyelerin oy \u00e7oklu\u011fu ile kabul edildi.<\/p>\n\n\n\n<p>Arslan; \u201cBirbirimiz hakk\u0131nda yapt\u0131\u011f\u0131m\u0131z yorumlarda do\u011fruluk pay\u0131 olsun\u201d<\/p>\n\n\n\n<p>\u0130\u015ften \u00e7\u0131karma ve lohusa bir \u00e7al\u0131\u015fana mobbing iddialar\u0131na da yan\u0131t veren E\u015f Ba\u015fkan Nuriye Arslan, bu iddialar\u0131n sosyal medyada s\u00fcrekli g\u00fcndeme getirilerek y\u00f6netimin y\u0131prat\u0131lmaya, kamuoyunda bir alg\u0131 olu\u015fturulmaya \u00e7al\u0131\u015f\u0131ld\u0131\u011f\u0131n\u0131 s\u00f6yledi. Arslan, s\u00f6zlerini \u015f\u00f6yle s\u00fcrd\u00fcrd\u00fc; \u201cBu, bizim yapabilece\u011fimiz bir \u015fey de\u011fil. Zaten yasal olarak da bir kad\u0131n, do\u011fumdan \u00f6nce 8 hafta, do\u011fumdan sonra 8 hafta izin kullanma hakk\u0131na sahiptir. Bunu, bizim reddetmemiz ya da kar\u015f\u0131 durmam\u0131z m\u00fcmk\u00fcn de\u011fil. Hele ki s\u00f6z konusu, anne olmak \u00fczere olan bir kad\u0131n ise\u2026 Asla bizde b\u00f6yle bir \u015fey geli\u015fmeyece\u011fini herkesin bilmesi gerekir.<\/p>\n\n\n\n<p>Birbirimizin siyasetini benimsemeyebiliriz ama birbirimiz hakk\u0131nda yapt\u0131\u011f\u0131m\u0131z yorumlar\u0131n biraz do\u011fruluk pay\u0131 olsun derim. Son g\u00fcnlerde yine sosyal medya \u00fczerinden, do\u011fruluktan nasibini almam\u0131\u015f yorumlar payla\u015f\u0131l\u0131yor. Bizler; kad\u0131n haklar\u0131 ile ilgili m\u00fccadele verirken, yeni anne olan bir kad\u0131n personelimize izin vermemek de neyin nesiymi\u015f? Asla b\u00f6yle bir \u015fey yok! Ge\u00e7en y\u00f6netimde, 8 Mart D\u00fcnya Kad\u0131nlar G\u00fcn\u00fc kutlamas\u0131na kat\u0131lan 3 kad\u0131n arkada\u015f\u0131n i\u015ften at\u0131ld\u0131\u011f\u0131n\u0131 biz biliyoruz. Bir\u00e7ok insan, i\u015ften \u00e7\u0131karma tehdidi ve mobbingle istifaya zorlama y\u00fcz\u00fcnden bize ba\u015fvurdu. \u2018Bizim yapt\u0131\u011f\u0131m\u0131z payla\u015f\u0131mlar\u0131 payla\u015f\u0131p be\u011feneceksiniz\u2019 \u015feklinde bask\u0131lar yap\u0131ld\u0131 \u00e7al\u0131\u015fanlara. Bu konulara \u00e7ok girmek istemiyoruz\u2026 Be\u015f y\u0131l\u0131n sonunda da halk\u0131m\u0131z, onlara lay\u0131k olsak da olamasak da bize notumuzu verecektir. Belediyemiz emek\u00e7isi arkada\u015flar\u0131m\u0131za samimi yakla\u015f\u0131mlar\u0131m\u0131zdan kimsenin \u015f\u00fcphesi olmas\u0131n. Namusuyla, \u015ferefiyle ekme\u011fini kazanmaya \u00e7al\u0131\u015fan hi\u00e7bir insan\u0131m\u0131z\u0131n ekme\u011fiyle oynamay\u0131z. Fakat mesai saati i\u00e7erisinde siyaset yapacak, ortal\u0131\u011f\u0131 kar\u0131\u015ft\u0131racak olanlara da m\u00fcsaade edemeyiz.\u201d<\/p>\n\n\n\n<p>Akdeniz Belediye Meclisinin bir sonraki toplant\u0131s\u0131 7 Ekim 2024 Pazartesi g\u00fcn\u00fc saat 14:00\u2019te yap\u0131lacak.<\/p>\n","protected":false},"excerpt":{"rendered":"<p>Akdeniz Belediye Meclisi, belediyenin ge\u00e7mi\u015f d\u00f6nemden kalan bor\u00e7 ve faiz y\u00fck\u00fcn\u00fcn hafifletilmesi ve hizmet ve projelerin aksamadan s\u00fcrmesi amac\u0131yla belediyeye ait 2 gayrimenkul\u00fcn olas\u0131 sat\u0131\u015f\u0131 i\u00e7in E\u015f Ba\u015fkan Ho\u015fyar Sar\u0131y\u0131ld\u0131z\u2019a oy\u00e7oklu\u011fu ile yetki verdi. Akdeniz Belediye Meclisi, Eyl\u00fcl ay\u0131 ikinci birle\u015fimi, E\u015f Ba\u015fkanlar Nuriye Arslan ve Ho\u015fyar Sar\u0131y\u0131ld\u0131z Ba\u015fkanl\u0131\u011f\u0131nda ger\u00e7ekle\u015fti. Meclis\u2019te, belediyenin a\u011f\u0131r bor\u00e7 ve [&hellip;]<\/p>\n","protected":false},"author":2,"featured_media":35008,"comment_status":"closed","ping_status":"closed","sticky":false,"template":"","format":"standard","meta":{"footnotes":""},"categories":[34,2,3,5],"tags":[],"class_list":["post-35007","post","type-post","status-publish","format-standard","has-post-thumbnail","hentry","category-flas-haber","category-gundem","category-manset","category-mersin"],"views":7,"_links":{"self":[{"href":"https:\/\/mersinkadingazetesi.com\/index.php?rest_route=\/wp\/v2\/posts\/35007"}],"collection":[{"href":"https:\/\/mersinkadingazetesi.com\/index.php?rest_route=\/wp\/v2\/posts"}],"about":[{"href":"https:\/\/mersinkadingazetesi.com\/index.php?rest_route=\/wp\/v2\/types\/post"}],"author":[{"embeddable":true,"href":"https:\/\/mersinkadingazetesi.com\/index.php?rest_route=\/wp\/v2\/users\/2"}],"replies":[{"embeddable":true,"href":"https:\/\/mersinkadingazetesi.com\/index.php?rest_route=%2Fwp%2Fv2%2Fcomments&post=35007"}],"version-history":[{"count":1,"href":"https:\/\/mersinkadingazetesi.com\/index.php?rest_route=\/wp\/v2\/posts\/35007\/revisions"}],"predecessor-version":[{"id":35009,"href":"https:\/\/mersinkadingazetesi.com\/index.php?rest_route=\/wp\/v2\/posts\/35007\/revisions\/35009"}],"wp:featuredmedia":[{"embeddable":true,"href":"https:\/\/mersinkadingazetesi.com\/index.php?rest_route=\/wp\/v2\/media\/35008"}],"wp:attachment":[{"href":"https:\/\/mersinkadingazetesi.com\/index.php?rest_route=%2Fwp%2Fv2%2Fmedia&parent=35007"}],"wp:term":[{"taxonomy":"category","embeddable":true,"href":"https:\/\/mersinkadingazetesi.com\/index.php?rest_route=%2Fwp%2Fv2%2Fcategories&post=35007"},{"taxonomy":"post_tag","embeddable":true,"href":"https:\/\/mersinkadingazetesi.com\/index.php?rest_route=%2Fwp%2Fv2%2Ftags&post=35007"}],"curies":[{"name":"wp","href":"https:\/\/api.w.org\/{rel}","templated":true}]}}