{"id":35010,"date":"2024-09-08T08:51:22","date_gmt":"2024-09-08T05:51:22","guid":{"rendered":"https:\/\/mersinkadingazetesi.com\/?p=35010"},"modified":"2024-09-08T08:51:24","modified_gmt":"2024-09-08T05:51:24","slug":"secer-yerel-secimlerdeki-basariyi-degerlendirdi-tekrar-bir-umut-yesermesi-oldu","status":"publish","type":"post","link":"https:\/\/mersinkadingazetesi.com\/?p=35010","title":{"rendered":"SE\u00c7ER YEREL SE\u00c7\u0130MLERDEK\u0130 BA\u015eARIYI DE\u011eERLEND\u0130RD\u0130: &#8220;TEKRAR B\u0130R UMUT YE\u015eERMES\u0130 OLDU&#8221;"},"content":{"rendered":"\n<p>Mersin B\u00fcy\u00fck\u015fehir Belediye Ba\u015fkan\u0131 Vahap Se\u00e7er, Cumhuriyet Halk Partisi&#8217;nin (CHP)&nbsp;<strong>&#8220;\u0130kinci Y\u00fczy\u0131l De\u011fi\u015fim Kurultay\u0131&#8221;<\/strong>&nbsp;ad\u0131 alt\u0131nda yap\u0131lan&nbsp;<strong>&#8217;20. Ola\u011fan\u00fcst\u00fc T\u00fcz\u00fck Kurultay\u0131&#8217;<\/strong>na kat\u0131ld\u0131.<\/p>\n\n\n\n<p>CHP&#8217;nin, sembolik a\u00e7\u0131l\u0131\u015f\u0131n\u0131 Sivas Kongresi&#8217;nin 105. y\u0131ld\u00f6n\u00fcm\u00fc nedeniyle 4 Eyl\u00fcl&#8217;de Sivas&#8217;ta yapt\u0131\u011f\u0131 T\u00fcz\u00fck Kurultay\u0131&#8217;n\u0131n resmi a\u00e7\u0131l\u0131\u015f\u0131 Ankara ATO Congresium&#8217;da yap\u0131ld\u0131.<\/p>\n\n\n\n<p><strong>Ba\u015fkan Se\u00e7er: &#8220;Umut ediyorum bizi ikinci y\u00fczy\u0131lda iktidara ta\u015f\u0131yacak g\u00fc\u00e7l\u00fc ve demokratik bir t\u00fcz\u00fck ortaya \u00e7\u0131ks\u0131n&#8221;<\/strong><\/p>\n\n\n\n<p>Ba\u015fkan Se\u00e7er, Genel Ba\u015fkan \u00d6zg\u00fcr \u00d6zel&#8217;in a\u00e7\u0131l\u0131\u015f konu\u015fmas\u0131n\u0131n ard\u0131ndan bas\u0131n mensuplar\u0131na yapt\u0131\u011f\u0131 de\u011ferlendirmede; Kurultay&#8217;\u0131n partiye hay\u0131rl\u0131 olmas\u0131 temennisinde bulunarak, taslak \u00fczerinde \u00e7al\u0131\u015fmalar\u0131n yap\u0131l\u0131p, son \u015feklinin verildi\u011finden s\u00f6z etti. Bu tasla\u011f\u0131n yap\u0131lan kurultay ile de delegelerin huzuruna gelece\u011finden bahseden Se\u00e7er,&nbsp;<strong>&#8220;Do\u011fal olarak burada da baz\u0131 de\u011fi\u015fiklikler olma ihtimali var. Parti i\u00e7in tabi ki \u00f6nemli. Hem \u00fcyelik \u015fekli, \u00fcyelerin g\u00f6revleri hem milletvekilli\u011finde hem yerel se\u00e7imlerde aday belirleme y\u00f6ntemleri gibi bir tak\u0131m kurallar\u0131n, daha demokratik, \u00e7a\u011fda\u015f ve evrensel kurallara uygun bir \u015fekle d\u00f6n\u00fc\u015fmesi a\u00e7\u0131s\u0131ndan yararl\u0131 bir \u00e7al\u0131\u015fma. Umut ediyorum partimizin her kesiminin memnuniyetini kazanacak, ayn\u0131 zamanda da bizi ikinci y\u00fczy\u0131lda iktidara ta\u015f\u0131yacak g\u00fc\u00e7l\u00fc, demokratik bir t\u00fcz\u00fck ortaya \u00e7\u0131ks\u0131n. T\u00fcm arzum bu&#8221;&nbsp;<\/strong>dedi.<\/p>\n\n\n\n<p><strong>&#8220;T\u00fcrkiye ve d\u00fcnya ger\u00e7ekleri ile \u00f6rt\u00fc\u015fen bir program \u00e7al\u0131\u015fmas\u0131n\u0131n yap\u0131lmas\u0131n\u0131 arzu ediyoruz&#8221;<\/strong><\/p>\n\n\n\n<p>CHP&#8217;nin iktidar olma iddias\u0131 ortaya koyan bir parti oldu\u011funu an\u0131msatan Se\u00e7er,&nbsp;<strong>&#8220;T\u00fcrkiye&#8217;nin temel sorunlar\u0131 kar\u015f\u0131s\u0131nda nas\u0131l bir tav\u0131r ortaya koyaca\u011f\u0131n\u0131z, ortaya koyaca\u011f\u0131n\u0131z yol haritas\u0131n\u0131n ne olaca\u011f\u0131n\u0131 belirleyecek bir program \u00e7al\u0131\u015fmas\u0131, T\u00fcrkiye ve d\u00fcnya ger\u00e7ekleri ile \u00f6rt\u00fc\u015fen bir program \u00e7al\u0131\u015fmas\u0131n\u0131n yap\u0131lmas\u0131n\u0131 arzu ediyoruz. Bu bizim kendi i\u00e7 g\u00fcndemimiz, CHP&#8217;nin g\u00fcndemi. Burada da kalmamak gerekiyor. Hemen bu sorunlar\u0131 ya da bu \u00e7al\u0131\u015fmalar\u0131 bitirip T\u00fcrkiye&#8217;nin g\u00fcndemine d\u00f6nmek gerekiyor&#8221;&nbsp;<\/strong>diye konu\u015ftu.<\/p>\n\n\n\n<p><strong>&#8220;Sadece yoksul kesimin de\u011fil, herkesin \u015fik\u00e2yet\u00e7i oldu\u011fu bir ortam\u0131 ya\u015f\u0131yoruz&#8221;<\/strong><\/p>\n\n\n\n<p>\u00dclke g\u00fcndeminin birinci derecede yoksulluk ve tart\u0131\u015fmas\u0131z olarak da ekonomi oldu\u011funu kaydeden Se\u00e7er, bir belediye ba\u015fkan\u0131 olarak toplumda ve sokakta g\u00f6rd\u00fc\u011f\u00fc izlenimlerini payla\u015farak, T\u00fcrkiye&#8217;de yoksullu\u011fun ve hayat pahal\u0131l\u0131\u011f\u0131n\u0131n \u00e7ok b\u00fcy\u00fck bir sorun boyutuna geldi\u011fini ifade etti. Se\u00e7er,&nbsp;<strong>&#8220;Yakla\u015f\u0131k olarak 2,5 milyondan fazla n\u00fcfusu olan ve T\u00fcrkiye&#8217;yi temsil eden, T\u00fcrkiye&#8217;nin izd\u00fc\u015f\u00fcm\u00fc olan Mersin gibi bir \u015fehrin y\u00f6neticisi olarak sosyo-ekonomik her kesimin de sorunu oldu\u011funu d\u00fc\u015f\u00fcn\u00fcyorum. Sadece yoksul kesimin de\u011fil; orta gelirlilerin de i\u015f insanlar\u0131n\u0131n da esnaf\u0131n da \u00e7ift\u00e7inin de sabit gelirlinin de; herkesin \u015fik\u00e2yet\u00e7i oldu\u011fu bir ortam\u0131 ya\u015f\u0131yoruz&#8221;&nbsp;<\/strong>ifadelerine yer verdi.<\/p>\n\n\n\n<p><strong>Se\u00e7er yerel se\u00e7imlerdeki ba\u015far\u0131y\u0131 de\u011ferlendirdi: &#8220;Tekrar bir umut ye\u015fermesi oldu&#8221;<\/strong><\/p>\n\n\n\n<p>CHP&#8217;nin son yerel se\u00e7imlerden T\u00fcrkiye&#8217;nin birinci partisi \u00e7\u0131kt\u0131\u011f\u0131n\u0131 hat\u0131rlatarak konu\u015fmas\u0131n\u0131 s\u00fcrd\u00fcren Se\u00e7er, bunun kendileri i\u00e7in \u00e7ok iyi bir sonu\u00e7 oldu\u011funun da alt\u0131n\u0131 \u00e7izdi.&nbsp;<strong>&#8220;\u00c7ok uzun s\u00fcredir b\u00f6yle bir ba\u015far\u0131y\u0131 elde edememi\u015ftik. Ama bu \u00f6yle bir noktada yakaland\u0131 ki; T\u00fcrkiye&#8217;de yurtta\u015flar\u0131n gelece\u011fe dair umutlar\u0131n\u0131n yitirildi\u011fi bir d\u00f6neme denk geldi ve tekrar bir umut ye\u015fermesi oldu. Bu da bizim sorumluluklar\u0131m\u0131z\u0131 art\u0131rd\u0131. \u00c7ok daha fazla \u00e7al\u0131\u015fmam\u0131z gerekti\u011fini ortaya koydu&#8221;&nbsp;<\/strong>dedi.<\/p>\n\n\n\n<p><strong>&#8220;Belediyelerin sosyal politikalar konusunda ortaya koyaca\u011f\u0131 ba\u015far\u0131l\u0131 uygulamalar, CHP&#8217;de iktidara giden yolu a\u00e7aca\u011f\u0131n\u0131 d\u00fc\u015f\u00fcn\u00fcyorum&#8221;<\/strong><\/p>\n\n\n\n<p>CHP taraf\u0131ndan y\u00f6netilen belediyelerle ilgili de baz\u0131 de\u011ferlendirmelerde bulunan Se\u00e7er,&nbsp;<strong>&#8220;412 belediyemiz var ve \u00e7ok \u00f6nemli metropoller CHP&#8217;li belediye ba\u015fkanlar\u0131 taraf\u0131ndan y\u00f6netiliyor. Burada belediyelerin ba\u015far\u0131lar\u0131, belediye ba\u015fkanlar\u0131n\u0131n tutumu ve \u00f6zellikle de ekonomik krizin ya\u015fand\u0131\u011f\u0131 bu s\u00fcre\u00e7te sosyal politikalar konusunda ortaya koyaca\u011f\u0131 ba\u015far\u0131l\u0131 uygulamalar genel se\u00e7imlerde CHP&#8217;nin iktidara giden yolu a\u00e7aca\u011f\u0131n\u0131 d\u00fc\u015f\u00fcn\u00fcyorum. CHP&#8217;li bir Cumhurba\u015fkan\u0131&#8217;n\u0131 se\u00e7tirmek daha da rahat olacakt\u0131r ve parlamento \u00e7o\u011funlu\u011funu da partimize kazand\u0131raca\u011f\u0131n\u0131 d\u00fc\u015f\u00fcn\u00fcyorum. Her \u015fey yerel y\u00f6neticilerin elinde&#8221;&nbsp;<\/strong>dedi.<\/p>\n\n\n\n<p>Daha \u00e7ok \u00e7al\u0131\u015fman\u0131n \u00f6nemine vurgu yapan Se\u00e7er, girilmeyen yerlere girmenin, k\u00f6ylere gidip, soka\u011fa inmenin, i\u015f\u00e7inin, emeklinin sorunlar\u0131na sahip \u00e7\u0131kman\u0131n, ekonomik krizle bo\u011fu\u015fan ailelerin yanlar\u0131nda olarak \u00e7ocuklar\u0131n e\u011fitimlerine katk\u0131 sunman\u0131n \u00f6neminden s\u00f6z ederek,<strong>&nbsp;&#8220;B\u00fct\u00fcn bunlar belediyelerin yapaca\u011f\u0131 ba\u015far\u0131l\u0131 \u00e7al\u0131\u015fmalar sonucunda belki de bug\u00fcne kadar CHP&#8217;ye oy vermeyen bir\u00e7ok se\u00e7menin yerel se\u00e7imlerde oldu\u011fu gibi bize oy vermesini sa\u011flayacak&#8221;&nbsp;<\/strong>diye konu\u015ftu.<\/p>\n\n\n\n<p><strong>Se\u00e7er, \u0130mamo\u011flu&#8217;na a\u00e7\u0131lan davaya ili\u015fkin konu\u015ftu: &#8220;Bir yarg\u0131 facias\u0131&#8221;<\/strong><\/p>\n\n\n\n<p>\u0130stanbul B\u00fcy\u00fck\u015fehir Belediye Ba\u015fkan\u0131 Ekrem \u0130mamo\u011flu&#8217;na, 4 Kas\u0131m 2019 tarihinde yapt\u0131\u011f\u0131 bas\u0131n a\u00e7\u0131klamas\u0131nda YSK \u00fcyelerine hakaret etti\u011fi iddias\u0131 ile a\u00e7\u0131lan dava hakk\u0131nda konu\u015fan Se\u00e7er,&nbsp;<strong>&#8220;T\u00fcrkiye bir hukuk devleti ise do\u011fal olarak hepimiz yasalara uymak durumunday\u0131z. Elbette ki e\u011fer yasalar kar\u015f\u0131s\u0131nda su\u00e7 i\u015flemi\u015fsek bunun da kar\u015f\u0131l\u0131\u011f\u0131nda cezam\u0131z\u0131 \u00e7ekmek durumunday\u0131z. Ama burada ger\u00e7ekten trajikomik bir durum ya\u015fan\u0131yor. Bir yarg\u0131 facias\u0131. Tabi ki hen\u00fcz sonu\u00e7lanmad\u0131 ama dedikodular \u00fczerinden y\u00fcr\u00fcyoruz. B\u00f6yle bir karar\u0131n istinafta onanmas\u0131 durumunda, T\u00fcrkiye&#8217;nin hukuk ve yarg\u0131 tarihine kara bir sayfa olarak ge\u00e7ecektir.&nbsp; \u015eu anda kesinle\u015fmi\u015f bir karar olmad\u0131\u011f\u0131 i\u00e7in de bunun \u00fczerinde yorum yapmay\u0131 do\u011fru bulmuyorum. Bunlar dedikodudan ibaret olur. Bu me\u015fhur&nbsp;<em>&#8216;ahmak&#8217;<\/em>&nbsp;davas\u0131n\u0131n istinaftan d\u00f6nece\u011fini umut ediyorum ve art\u0131k T\u00fcrkiye&#8217;de hukuk devleti anlay\u0131\u015f\u0131n\u0131n kazanmas\u0131n\u0131 arzu ediyorum. Demokrasi ve fikir \u00f6zg\u00fcrl\u00fc\u011f\u00fc kazans\u0131n&#8221;&nbsp;<\/strong>dedi.<\/p>\n","protected":false},"excerpt":{"rendered":"<p>Mersin B\u00fcy\u00fck\u015fehir Belediye Ba\u015fkan\u0131 Vahap Se\u00e7er, Cumhuriyet Halk Partisi&#8217;nin (CHP)&nbsp;&#8220;\u0130kinci Y\u00fczy\u0131l De\u011fi\u015fim Kurultay\u0131&#8221;&nbsp;ad\u0131 alt\u0131nda yap\u0131lan&nbsp;&#8217;20. Ola\u011fan\u00fcst\u00fc T\u00fcz\u00fck Kurultay\u0131&#8217;na kat\u0131ld\u0131. CHP&#8217;nin, sembolik a\u00e7\u0131l\u0131\u015f\u0131n\u0131 Sivas Kongresi&#8217;nin 105. y\u0131ld\u00f6n\u00fcm\u00fc nedeniyle 4 Eyl\u00fcl&#8217;de Sivas&#8217;ta yapt\u0131\u011f\u0131 T\u00fcz\u00fck Kurultay\u0131&#8217;n\u0131n resmi a\u00e7\u0131l\u0131\u015f\u0131 Ankara ATO Congresium&#8217;da yap\u0131ld\u0131. Ba\u015fkan Se\u00e7er: &#8220;Umut ediyorum bizi ikinci y\u00fczy\u0131lda iktidara ta\u015f\u0131yacak g\u00fc\u00e7l\u00fc ve demokratik bir t\u00fcz\u00fck ortaya \u00e7\u0131ks\u0131n&#8221; [&hellip;]<\/p>\n","protected":false},"author":2,"featured_media":35011,"comment_status":"closed","ping_status":"closed","sticky":false,"template":"","format":"standard","meta":{"footnotes":""},"categories":[34,2,3,6],"tags":[],"class_list":["post-35010","post","type-post","status-publish","format-standard","has-post-thumbnail","hentry","category-flas-haber","category-gundem","category-manset","category-siyaset-2"],"views":5,"_links":{"self":[{"href":"https:\/\/mersinkadingazetesi.com\/index.php?rest_route=\/wp\/v2\/posts\/35010"}],"collection":[{"href":"https:\/\/mersinkadingazetesi.com\/index.php?rest_route=\/wp\/v2\/posts"}],"about":[{"href":"https:\/\/mersinkadingazetesi.com\/index.php?rest_route=\/wp\/v2\/types\/post"}],"author":[{"embeddable":true,"href":"https:\/\/mersinkadingazetesi.com\/index.php?rest_route=\/wp\/v2\/users\/2"}],"replies":[{"embeddable":true,"href":"https:\/\/mersinkadingazetesi.com\/index.php?rest_route=%2Fwp%2Fv2%2Fcomments&post=35010"}],"version-history":[{"count":1,"href":"https:\/\/mersinkadingazetesi.com\/index.php?rest_route=\/wp\/v2\/posts\/35010\/revisions"}],"predecessor-version":[{"id":35012,"href":"https:\/\/mersinkadingazetesi.com\/index.php?rest_route=\/wp\/v2\/posts\/35010\/revisions\/35012"}],"wp:featuredmedia":[{"embeddable":true,"href":"https:\/\/mersinkadingazetesi.com\/index.php?rest_route=\/wp\/v2\/media\/35011"}],"wp:attachment":[{"href":"https:\/\/mersinkadingazetesi.com\/index.php?rest_route=%2Fwp%2Fv2%2Fmedia&parent=35010"}],"wp:term":[{"taxonomy":"category","embeddable":true,"href":"https:\/\/mersinkadingazetesi.com\/index.php?rest_route=%2Fwp%2Fv2%2Fcategories&post=35010"},{"taxonomy":"post_tag","embeddable":true,"href":"https:\/\/mersinkadingazetesi.com\/index.php?rest_route=%2Fwp%2Fv2%2Ftags&post=35010"}],"curies":[{"name":"wp","href":"https:\/\/api.w.org\/{rel}","templated":true}]}}