{"id":35013,"date":"2024-09-08T08:54:00","date_gmt":"2024-09-08T05:54:00","guid":{"rendered":"https:\/\/mersinkadingazetesi.com\/?p=35013"},"modified":"2024-09-08T08:54:01","modified_gmt":"2024-09-08T05:54:01","slug":"kardes-sehirler-ogrenci-degisim-programi-kapsaminda-ogrenciler-almanyanin-oberhausen-kentine-gitti","status":"publish","type":"post","link":"https:\/\/mersinkadingazetesi.com\/?p=35013","title":{"rendered":"&#8216;KARDE\u015e \u015eEH\u0130RLER \u00d6\u011eRENC\u0130 DE\u011e\u0130\u015e\u0130M PROGRAMI&#8217; KAPSAMINDA \u00d6\u011eRENC\u0130LER ALMANYA&#8217;NIN OBERHAUSEN KENT\u0130NE G\u0130TT\u0130"},"content":{"rendered":"\n<p>Mersin B\u00fcy\u00fck\u015fehir Belediyesi&#8217;nin&nbsp;<strong>&#8216;Karde\u015f \u015eehirler \u00d6\u011frenci De\u011fi\u015fim Program\u0131&#8217;<\/strong>&nbsp;bu kez, Mersin B\u00fcy\u00fck\u015fehir Belediyesi ve karde\u015f \u015fehir y\u00f6netimi Oberhausen Belediyesi&#8217;nin i\u015fbirli\u011fi ile Almanya&#8217;n\u0131n Oberhausen kentinde ger\u00e7ekle\u015ftirildi. 3-18 A\u011fustos tarihleri aras\u0131nda ger\u00e7ekle\u015ftirilen programda; 14-18 ya\u015flar\u0131 aras\u0131ndaki 10 \u00f6\u011frenci&nbsp;<strong>&#8216;Karde\u015f \u015eehirler \u00d6\u011frenci De\u011fi\u015fim Program\u0131&#8217;<\/strong>&nbsp;ile Oberhausen kentine gitti.<\/p>\n\n\n\n<p><strong>12 farkl\u0131 \u00fclke 120 \u00f6\u011frenci<\/strong><\/p>\n\n\n\n<p>Programa toplam 12 farkl\u0131 \u00fclkeden yakla\u015f\u0131k 120 \u00f6\u011frenci kat\u0131ld\u0131. Farkl\u0131 k\u00fclt\u00fcrleri tan\u0131ma ve kal\u0131c\u0131 dostluklar geli\u015ftirme imk\u00e2n\u0131 elde eden \u00f6\u011frenciler sanattan spora, sosyal sorumluluk projelerinden yarat\u0131c\u0131 el sanatlar\u0131na kadar bir\u00e7ok etkinlikte yer alma imk\u00e2n\u0131 buldu. Program sayesinde \u00f6\u011frenciler; bulunduklar\u0131 sosyal ortam sayesinde farkl\u0131 \u00fclkelerden ve k\u00fclt\u00fcrlerden gelen ya\u015f\u0131tlar\u0131 ile birlikte \u00e7al\u0131\u015fman\u0131n ve \u00f6\u011frenmenin yan\u0131 s\u0131ra yanlar\u0131nda kald\u0131klar\u0131 ev sahibi aileler ile vakit ge\u00e7irirken, bu sayede yabanc\u0131 dil becerilerini ve sosyal yeteneklerini geli\u015ftirip, \u00f6zg\u00fcven de kazand\u0131lar.<\/p>\n\n\n\n<p><strong>\u00d6\u011frenciler; sanattan spora bir\u00e7ok etkinlikte yer alma f\u0131rsat\u0131 elde etti<\/strong><\/p>\n\n\n\n<p>Kat\u0131l\u0131mc\u0131lar; futbol, basketbol, hentbol, judo gibi spor dallar\u0131na ek olarak; dans, \u015fark\u0131 s\u00f6yleme, piyano, bateri ve soyut resim gibi sanatsal alanlar ile ilgili projelerde de yer ald\u0131. Diki\u015f ve kabartma gibi yarat\u0131c\u0131 el sanatlar\u0131n\u0131 \u00f6\u011frenme f\u0131rsat\u0131 da elde eden \u00f6\u011frenciler, ayn\u0131 zamanda kamusal alanlar\u0131n temiz tutulmas\u0131na y\u00f6nelik ekip \u00e7al\u0131\u015fmalar\u0131 ile kre\u015f ve huzurevi ziyaretleri ile de sosyal sorumluluk duygular\u0131n\u0131 geli\u015ftirdiler.<\/p>\n\n\n\n<p>Program s\u00fcresi boyunca ev sahibi aileler ile kalan, di\u011fer \u00fclkelerden ya\u015f\u0131tlar\u0131 ile arkada\u015fl\u0131k kuran ve tak\u0131m \u00e7al\u0131\u015fmas\u0131 i\u00e7inde bulunan \u00f6\u011frenciler, farkl\u0131 k\u00fclt\u00fcrleri tan\u0131ma ve kal\u0131c\u0131 dostluklar geli\u015ftirme imk\u00e2n\u0131 elde etti.<\/p>\n\n\n\n<p><strong>Program\u0131n 3 g\u00fcn\u00fc proje g\u00fcn\u00fc \u015feklinde ge\u00e7ti<\/strong><\/p>\n\n\n\n<p>Program\u0131n 3 g\u00fcn\u00fc tamamen proje g\u00fcnleri olarak ger\u00e7ekle\u015fti ve \u00f6\u011frenciler her bir proje g\u00fcn\u00fcnde a\u015famal\u0131 olarak kendilerini geli\u015ftirme f\u0131rsat\u0131 buldu. Spor projelerinde profesyonel antren\u00f6rler taraf\u0131ndan \u00e7al\u0131\u015ft\u0131r\u0131lan \u00f6\u011frenciler, yo\u011fun fiziksel efor sarf etti ve ilgili spor dal\u0131n\u0131n temel yetkinliklerine sahip oldu. Sanatsal projelerde \u00e7al\u0131\u015fan \u00f6\u011frenciler, \u00f6\u011frendikleri beceriler ile kapan\u0131\u015f t\u00f6reninde koro halinde \u015fark\u0131 s\u00f6yleyip, dans ederken enstr\u00fcman da \u00e7ald\u0131lar ve t\u00fcm kat\u0131l\u0131mc\u0131lara kazan\u0131mlar\u0131n\u0131 sergilediler. Diki\u015f ve kabartma projelerinde ise \u00f6\u011frenciler, \u00fclkelerine g\u00f6t\u00fcrmek \u00fczere hat\u0131ral\u0131k el sanatlar\u0131 \u00fcr\u00fcnleri ortaya \u00e7\u0131kartt\u0131lar.<\/p>\n\n\n\n<p><strong>&#8216;Sosyal G\u00fcn&#8217;<\/strong>&nbsp;ise \u00f6\u011frencilerin \u00e7evresel veya sosyal bir ba\u015fl\u0131k alt\u0131nda g\u00f6rev alarak bir sosyal sorumluluk projesi hayata ge\u00e7irmelerine sahne oldu. \u00d6\u011frenciler gruplara ayr\u0131larak belirlenen parklarda \u00e7\u00f6p toplama, bah\u00e7e i\u015fleri ile me\u015fgul olma, sebze paketleme ve kasalama gibi ekoloji temal\u0131 g\u00fcnl\u00fck projelere dahil oldu. Sosyal ba\u015fl\u0131klarda yer alan \u00f6\u011frenciler ise kre\u015fler ve huzurevlerini ziyaret ederek \u00e7ocuklar, ya\u015fl\u0131lar ve engelli bireyler ile vakit ge\u00e7irdi.&nbsp;&nbsp;<\/p>\n","protected":false},"excerpt":{"rendered":"<p>Mersin B\u00fcy\u00fck\u015fehir Belediyesi&#8217;nin&nbsp;&#8216;Karde\u015f \u015eehirler \u00d6\u011frenci De\u011fi\u015fim Program\u0131&#8217;&nbsp;bu kez, Mersin B\u00fcy\u00fck\u015fehir Belediyesi ve karde\u015f \u015fehir y\u00f6netimi Oberhausen Belediyesi&#8217;nin i\u015fbirli\u011fi ile Almanya&#8217;n\u0131n Oberhausen kentinde ger\u00e7ekle\u015ftirildi. 3-18 A\u011fustos tarihleri aras\u0131nda ger\u00e7ekle\u015ftirilen programda; 14-18 ya\u015flar\u0131 aras\u0131ndaki 10 \u00f6\u011frenci&nbsp;&#8216;Karde\u015f \u015eehirler \u00d6\u011frenci De\u011fi\u015fim Program\u0131&#8217;&nbsp;ile Oberhausen kentine gitti. 12 farkl\u0131 \u00fclke 120 \u00f6\u011frenci Programa toplam 12 farkl\u0131 \u00fclkeden yakla\u015f\u0131k 120 \u00f6\u011frenci kat\u0131ld\u0131. [&hellip;]<\/p>\n","protected":false},"author":2,"featured_media":35014,"comment_status":"closed","ping_status":"closed","sticky":false,"template":"","format":"standard","meta":{"footnotes":""},"categories":[1,2,3],"tags":[],"class_list":["post-35013","post","type-post","status-publish","format-standard","has-post-thumbnail","hentry","category-genel","category-gundem","category-manset"],"views":9,"_links":{"self":[{"href":"https:\/\/mersinkadingazetesi.com\/index.php?rest_route=\/wp\/v2\/posts\/35013"}],"collection":[{"href":"https:\/\/mersinkadingazetesi.com\/index.php?rest_route=\/wp\/v2\/posts"}],"about":[{"href":"https:\/\/mersinkadingazetesi.com\/index.php?rest_route=\/wp\/v2\/types\/post"}],"author":[{"embeddable":true,"href":"https:\/\/mersinkadingazetesi.com\/index.php?rest_route=\/wp\/v2\/users\/2"}],"replies":[{"embeddable":true,"href":"https:\/\/mersinkadingazetesi.com\/index.php?rest_route=%2Fwp%2Fv2%2Fcomments&post=35013"}],"version-history":[{"count":1,"href":"https:\/\/mersinkadingazetesi.com\/index.php?rest_route=\/wp\/v2\/posts\/35013\/revisions"}],"predecessor-version":[{"id":35015,"href":"https:\/\/mersinkadingazetesi.com\/index.php?rest_route=\/wp\/v2\/posts\/35013\/revisions\/35015"}],"wp:featuredmedia":[{"embeddable":true,"href":"https:\/\/mersinkadingazetesi.com\/index.php?rest_route=\/wp\/v2\/media\/35014"}],"wp:attachment":[{"href":"https:\/\/mersinkadingazetesi.com\/index.php?rest_route=%2Fwp%2Fv2%2Fmedia&parent=35013"}],"wp:term":[{"taxonomy":"category","embeddable":true,"href":"https:\/\/mersinkadingazetesi.com\/index.php?rest_route=%2Fwp%2Fv2%2Fcategories&post=35013"},{"taxonomy":"post_tag","embeddable":true,"href":"https:\/\/mersinkadingazetesi.com\/index.php?rest_route=%2Fwp%2Fv2%2Ftags&post=35013"}],"curies":[{"name":"wp","href":"https:\/\/api.w.org\/{rel}","templated":true}]}}