{"id":35016,"date":"2024-09-08T08:55:07","date_gmt":"2024-09-08T05:55:07","guid":{"rendered":"https:\/\/mersinkadingazetesi.com\/?p=35016"},"modified":"2024-09-08T08:55:07","modified_gmt":"2024-09-08T05:55:07","slug":"buyuksehir-18-lgs-kurs-merkezinde-yeni-egitim-ve-ogretim-yili-faaliyetlerini-baslatti","status":"publish","type":"post","link":"https:\/\/mersinkadingazetesi.com\/?p=35016","title":{"rendered":"B\u00dcY\u00dcK\u015eEH\u0130R, 18 LGS KURS MERKEZ\u0130NDE YEN\u0130 E\u011e\u0130T\u0130M VE \u00d6\u011eRET\u0130M YILI FAAL\u0130YETLER\u0130N\u0130 BA\u015eLATTI"},"content":{"rendered":"\n<p>Anamur&#8217;dan Tarsus&#8217;a kadar kent genelinde her \u00e7ocu\u011fun e\u011fitimde f\u0131rsat e\u015fitli\u011fini yakalamas\u0131 i\u00e7in hizmetlerini kesintisiz s\u00fcrd\u00fcren Mersin B\u00fcy\u00fck\u015fehir Belediyesi, \u00f6\u011frencilerin e\u011fitim ve akademik hayatlar\u0131nda onlar\u0131n yan\u0131nda olmaya devam ediyor. 2024-2025 e\u011fitim ve \u00f6\u011fretim y\u0131l\u0131n\u0131n ba\u015flamas\u0131 ile birlikte harekete ge\u00e7en B\u00fcy\u00fck\u015fehir, bu sene LGS&#8217; ye (Liselere Ge\u00e7i\u015f S\u0131nav\u0131) girecek \u00f6\u011frenciler i\u00e7in kentin farkl\u0131 noktalar\u0131nda bulunan 18 ayr\u0131 LGS kurs merkezlerinde yeni e\u011fitim ve \u00f6\u011fretim y\u0131l\u0131 faaliyetlerine ba\u015flad\u0131.<\/p>\n\n\n\n<p>Alan\u0131nda uzman e\u011fitim kadrosu ile y\u0131l boyunca \u00f6\u011frencilerin s\u0131nav haz\u0131rl\u0131k s\u00fcrecinin yan\u0131 s\u0131ra \u00e7ocuklar\u0131n okul ba\u015far\u0131s\u0131na da katk\u0131 sunan B\u00fcy\u00fck\u015fehir; konu anlat\u0131mlar\u0131, birebir et\u00fctler, test ve kaynak kitaplar\u0131, pratik soru \u00e7\u00f6z\u00fcmleri ve deneme s\u0131navlar\u0131 ile \u00e7ocuklar\u0131n daha verimli bir e\u011fitim d\u00f6nemi ge\u00e7irmesi i\u00e7in bu sene de t\u00fcm imkanlar\u0131n\u0131 seferber etti. Okul \u00e7\u0131k\u0131\u015flar\u0131nda ise, kurs merkezinin yolunu tutan \u00f6\u011frenciler, \u00f6\u011fle yemeklerini de burada kar\u015f\u0131layarak bu sayede hem zaman hem ekonomik olarak tasarruf sa\u011fl\u0131yor. Hayat pahal\u0131l\u0131\u011f\u0131n\u0131n her ge\u00e7en g\u00fcn artt\u0131\u011f\u0131 g\u00fcn\u00fcm\u00fczde \u00f6zel e\u011fitim merkezlerinin fiyatlar\u0131n\u0131n olduk\u00e7a y\u00fcksek ve maliyetli olmas\u0131 sebebi ile \u00fccretsiz sunulan bu hizmet, velileri de olduk\u00e7a memnun ediyor.<\/p>\n\n\n\n<p><strong>Demir: &#8220;E\u011fitimde f\u0131rsat e\u015fitli\u011fini sa\u011flamak amac\u0131yla t\u00fcm il\u00e7elerimizde aktif \u00e7al\u0131\u015f\u0131yoruz&#8221;<\/strong><\/p>\n\n\n\n<p>E\u011fitimi ve \u00d6\u011fretimi Destekleme Kurs Merkezi \u00d6zg\u00fcrl\u00fck \u015eubesi Sorumlusu Nazif Demir, 2024-2025 e\u011fitim ve \u00f6\u011fretim y\u0131l\u0131n\u0131n ba\u015flamas\u0131 ile birlikte B\u00fcy\u00fck\u015fehir&#8217;in kurs merkezlerinde t\u00fcm e\u011fitim haz\u0131rl\u0131klar\u0131n\u0131n tamamland\u0131\u011f\u0131n\u0131 ifade etti. B\u00fcy\u00fck\u015fehir Belediyesi b\u00fcnyesinde hizmet veren 18 LGS kurs merkezinde derslerin ba\u015flad\u0131\u011f\u0131n\u0131 aktaran Demir,&nbsp;<strong>&#8220;\u00d6\u011frencilerimizin hem akademik hem de sosyal anlamda yan\u0131nday\u0131z. \u00d6zellikle \u00f6\u011frencilerimize burada verdi\u011fimiz hizmetin aktar\u0131lmas\u0131 anlam\u0131nda velilerle s\u00fcrekli g\u00f6r\u00fc\u015fmekteyiz. \u00c7ocuklar\u0131n akademik ba\u015far\u0131lar\u0131n\u0131 art\u0131rmak i\u00e7in devaml\u0131 olarak \u00e7e\u015fitli sosyal aktiviteler de planl\u0131yoruz&#8221;<\/strong>&nbsp;dedi.<\/p>\n\n\n\n<p>LGS s\u0131nav\u0131n\u0131n 8. s\u0131n\u0131f \u00f6\u011frencileri i\u00e7in \u00f6nemli bir s\u0131nav oldu\u011funu bu y\u00fczden \u00e7ocuklar\u0131n s\u0131nava iyi haz\u0131rlanmas\u0131 gerekti\u011finin alt\u0131n\u0131 \u00e7izen Demir,&nbsp;<strong>&#8220;\u00d6zellikle hayat pahal\u0131l\u0131\u011f\u0131n\u0131n artt\u0131\u011f\u0131 g\u00fcn\u00fcm\u00fczde B\u00fcy\u00fck\u015fehir Belediye Ba\u015fkan\u0131m\u0131z Vahap Se\u00e7er, \u00e7ocuklar\u0131n iyi bir e\u011fitim almas\u0131 i\u00e7in \u00fccretsiz e\u011fitim deste\u011fi sunmaktad\u0131r. Bizler de \u00f6\u011fretmenler olarak \u00e7ocuklar\u0131n iyi bir e\u011fitim almas\u0131 i\u00e7in hep birlikte b\u00fcy\u00fck bir \u00e7aba i\u00e7erisindeyiz. Kent genelinde e\u011fitimde f\u0131rsat e\u015fitli\u011fini yakalamak amac\u0131yla kurs merkezlerimiz t\u00fcm il\u00e7elerimizde \u00e7al\u0131\u015fmalar\u0131n\u0131 aktif bir \u015fekilde devam ettirmektedir&#8221;<\/strong>&nbsp;dedi.<\/p>\n\n\n\n<p><strong>Ustao\u011flu: &#8220;B\u00fcy\u00fck\u015fehir olarak \u00f6\u011frencilerimize \u00fccretsiz bir e\u011fitim deste\u011fi sunuyoruz&#8221;<\/strong><\/p>\n\n\n\n<p>E\u011fitim ve \u00d6\u011fretimi Destekleme Kurs Merkezlerinden \u00d6zg\u00fcrl\u00fck \u015eubesinde Fen Bilgisi \u00d6\u011fretmeni Ece Ustao\u011flu, \u00f6\u011frencilerin ba\u015far\u0131l\u0131 sonu\u00e7lar elde edebilmeleri i\u00e7in azami gayret g\u00f6sterdiklerini kaydederek,&nbsp;<strong>&#8220;8. s\u0131n\u0131f LGS \u00f6\u011frencilerimize \u00fccretsiz kaynak kitap, yaprak test ve deneme deste\u011fi sunuyoruz. Denemelerimizin sonu\u00e7 analizinden sonra \u00f6\u011frencilerimizin eksik oldu\u011fu konularda birebir et\u00fctler ayarl\u0131yoruz. Ayn\u0131 zamanda \u00f6\u011frencilerimizin s\u0131nav sonu\u00e7lar\u0131n\u0131 velilerimizle payla\u015f\u0131yoruz ve velilerimizle ayl\u0131k olarak ileti\u015fim halindeyiz. Kursa gelen t\u00fcm \u00f6\u011frencilerimize \u00fccretsiz yemek imkan\u0131 sunuyoruz. T\u00fcm e\u011fitim \u00f6\u011fretim d\u00f6nemi i\u00e7erisinde \u00f6\u011frencilerimizin moral ve motivasyonlar\u0131n\u0131 y\u00fcksek tutmak ad\u0131na onlara \u00e7e\u015fitli etkinlikler de d\u00fczenliyoruz&#8221;<\/strong>&nbsp;ifadelerini kulland\u0131.<\/p>\n\n\n\n<p><strong>Hem veliler hem \u00f6\u011frenciler kurs merkezinde sunulan imkanlardan olduk\u00e7a memnun<\/strong><\/p>\n\n\n\n<p>Velilerden Nilg\u00fcn Turun\u00e7 ge\u00e7en sene de \u00e7ocu\u011funu B\u00fcy\u00fck\u015fehir&#8217;in kurs merkezine g\u00f6nderdi\u011fini olduk\u00e7a da memnun kald\u0131\u011f\u0131n\u0131 belirterek,&nbsp;<strong>&#8220;Burada \u00e7ocuklar\u0131m\u0131z ne yedi ne i\u00e7ti derdini d\u00fc\u015f\u00fcnm\u00fcyoruz, yeme\u011fine kadar \u00e7ocuklar\u0131m\u0131zla ilgileniyorlar. Bizim b\u00fct\u00e7emiz bir yere kadard\u0131. Ben \u00e7ocu\u011fumu buraya g\u00f6nderdi\u011fim zaman akl\u0131m kalm\u0131yor. Ka\u00e7ta gelece\u011fini, ka\u00e7ta \u00e7\u0131kaca\u011f\u0131n\u0131 biliyorum. Bizim b\u00fct\u00e7emiz test, kaynak kitaplar\u0131n\u0131 kar\u015f\u0131lamaya yetmiyordu. Bir tane alsak ikincisini alam\u0131yorduk. Ba\u015fkan\u0131m\u0131z b\u00f6yle bir yer a\u00e7t\u0131\u011f\u0131 i\u00e7in te\u015fekk\u00fcr ediyorum&#8221;<\/strong>&nbsp;dedi. \u00d6zel kurs merkezlerinin maliyetinin olduk\u00e7a y\u00fcksek oldu\u011funu s\u00f6yleyen Turun\u00e7,&nbsp;<strong>&#8220;Benim bir ba\u015fka \u00e7ocu\u011fum daha \u00f6nce dershaneye gitmek istedi ancak b\u00f6yle bir yer olmad\u0131\u011f\u0131 i\u00e7in g\u00f6nderememi\u015ftim. Burada \u00e7ocuklar\u0131m\u0131z \u00fccretsiz bir \u015fekilde \u00e7ok g\u00fczel bir e\u011fitim alabiliyor&#8221;<\/strong>&nbsp;ifadelerine yer verdi.<\/p>\n\n\n\n<p>Velilerden Emine \u00c7elik ise, \u00e7ocu\u011funu B\u00fcy\u00fck\u015fehir&#8217;in kurs merkezine g\u00f6ndermekten dolay\u0131 olduk\u00e7a memnun oldu\u011funu s\u00f6yleyerek,&nbsp;<strong>&#8220;\u00c7ocu\u011fum ge\u00e7en seneden beri buraya geliyor. \u0130yi ki de buraya g\u00f6ndermi\u015fim. K\u0131z\u0131m\u0131n buradan sonra derslerinde ilerleme oldu\u011funu fark ettim hem ders anlam\u0131nda hem sosyal ya\u015fant\u0131s\u0131nda. Maddiyat olarak da buras\u0131 olduk\u00e7a iyi. \u00c7\u00fcnk\u00fc k\u0131z\u0131m buraya \u00fccretsiz bir \u015fekilde geliyor. K\u0131z\u0131m\u0131 bir dershaneye yazd\u0131rmaya kalksam en az 40 bin lira b\u00fct\u00e7e ay\u0131rmam gerekecekti. Ba\u015fkan\u0131m\u0131z Vahap Se\u00e7er iyi ki buray\u0131 a\u00e7t\u0131<\/strong>&#8221; dedi. Kurs merkezindeki \u00f6\u011fretmenleri de akademik anlamda be\u011fendi\u011fini ve memnun oldu\u011funu s\u00f6yleyen \u00c7elik,&nbsp;<strong>&#8220;Evimiz de buraya \u00e7ok yak\u0131n. K\u0131z\u0131m gelip giderken hi\u00e7 sorun ya\u015fam\u0131yor&#8221;<\/strong>&nbsp;diye konu\u015ftu.<\/p>\n\n\n\n<p><strong>&#8220;Her konuda \u00e7ocu\u011fumu g\u00f6z\u00fcm kapal\u0131 buraya g\u00f6nderiyorum&#8221;<\/strong><\/p>\n\n\n\n<p>Bir ba\u015fka veli Zeynep Salgut da&nbsp;<strong>&#8220;\u00c7ocu\u011fum da buraya gelmekten \u00e7ok memnun. Ders ve ortam\u0131 her \u015fey \u00e7ok g\u00fczel. Her konuda \u00e7ocu\u011fumu g\u00f6z\u00fcm kapal\u0131 buraya g\u00f6nderiyorum&#8221;&nbsp;<\/strong>dedi.<\/p>\n\n\n\n<p>Ge\u00e7ti\u011fimiz sene de B\u00fcy\u00fck\u015fehir&#8217;in kurs merkezinden faydalanan ve kursun imkanlar\u0131n\u0131 \u00e7ok be\u011fendi\u011fini aktaran \u00e7ocuklardan Nermin Polat,&nbsp;<strong>&#8220;Bu sene de LGS s\u0131nav\u0131 i\u00e7in buraya geldim. \u00d6\u011fretmenlerimiz \u00e7ok anlay\u0131\u015fl\u0131lar. Bize her f\u0131rsatta yard\u0131mc\u0131 oluyorlar. Burada bize her zaman kesintisiz bir e\u011fitim veriyorlar. Buran\u0131n imkanlar\u0131n\u0131 seviyorum. \u00c7evremde \u00f6zel kurslara giden arkada\u015flar\u0131m \u00e7ok u\u00e7uk fiyatlara oraya gittiklerini s\u00f6yl\u00fcyorlard\u0131. Burada hi\u00e7bir \u00fccret \u00f6demeden \u00e7ok verimli bir e\u011fitim al\u0131yoruz ve \u00f6\u011fretmenlerimizden \u00e7ok memnunum&#8221;<\/strong>&nbsp;dedi. \u0130stedi\u011fi verimi kurs merkezinden ald\u0131\u011f\u0131n\u0131 s\u00f6yleyen Polat,&nbsp;<strong>&#8220;\u00d6\u011fretmenlerimiz bizim \u00fcst\u00fcm\u00fcze \u00e7ok d\u00fc\u015f\u00fcyorlar. Eksik oldu\u011fumuz konularda bize \u00e7ok yard\u0131mc\u0131 oluyorlar. Gerek \u00f6zel et\u00fct dersleri gerekse s\u0131n\u0131f\u00e7a olsun \u00e7ok g\u00fczel ders anlat\u0131yorlar&#8221;&nbsp;<\/strong>diye konu\u015ftu.<\/p>\n","protected":false},"excerpt":{"rendered":"<p>Anamur&#8217;dan Tarsus&#8217;a kadar kent genelinde her \u00e7ocu\u011fun e\u011fitimde f\u0131rsat e\u015fitli\u011fini yakalamas\u0131 i\u00e7in hizmetlerini kesintisiz s\u00fcrd\u00fcren Mersin B\u00fcy\u00fck\u015fehir Belediyesi, \u00f6\u011frencilerin e\u011fitim ve akademik hayatlar\u0131nda onlar\u0131n yan\u0131nda olmaya devam ediyor. 2024-2025 e\u011fitim ve \u00f6\u011fretim y\u0131l\u0131n\u0131n ba\u015flamas\u0131 ile birlikte harekete ge\u00e7en B\u00fcy\u00fck\u015fehir, bu sene LGS&#8217; ye (Liselere Ge\u00e7i\u015f S\u0131nav\u0131) girecek \u00f6\u011frenciler i\u00e7in kentin farkl\u0131 noktalar\u0131nda bulunan 18 ayr\u0131 [&hellip;]<\/p>\n","protected":false},"author":2,"featured_media":35017,"comment_status":"closed","ping_status":"closed","sticky":false,"template":"","format":"standard","meta":{"footnotes":""},"categories":[3],"tags":[],"class_list":["post-35016","post","type-post","status-publish","format-standard","has-post-thumbnail","hentry","category-manset"],"views":3,"_links":{"self":[{"href":"https:\/\/mersinkadingazetesi.com\/index.php?rest_route=\/wp\/v2\/posts\/35016"}],"collection":[{"href":"https:\/\/mersinkadingazetesi.com\/index.php?rest_route=\/wp\/v2\/posts"}],"about":[{"href":"https:\/\/mersinkadingazetesi.com\/index.php?rest_route=\/wp\/v2\/types\/post"}],"author":[{"embeddable":true,"href":"https:\/\/mersinkadingazetesi.com\/index.php?rest_route=\/wp\/v2\/users\/2"}],"replies":[{"embeddable":true,"href":"https:\/\/mersinkadingazetesi.com\/index.php?rest_route=%2Fwp%2Fv2%2Fcomments&post=35016"}],"version-history":[{"count":1,"href":"https:\/\/mersinkadingazetesi.com\/index.php?rest_route=\/wp\/v2\/posts\/35016\/revisions"}],"predecessor-version":[{"id":35018,"href":"https:\/\/mersinkadingazetesi.com\/index.php?rest_route=\/wp\/v2\/posts\/35016\/revisions\/35018"}],"wp:featuredmedia":[{"embeddable":true,"href":"https:\/\/mersinkadingazetesi.com\/index.php?rest_route=\/wp\/v2\/media\/35017"}],"wp:attachment":[{"href":"https:\/\/mersinkadingazetesi.com\/index.php?rest_route=%2Fwp%2Fv2%2Fmedia&parent=35016"}],"wp:term":[{"taxonomy":"category","embeddable":true,"href":"https:\/\/mersinkadingazetesi.com\/index.php?rest_route=%2Fwp%2Fv2%2Fcategories&post=35016"},{"taxonomy":"post_tag","embeddable":true,"href":"https:\/\/mersinkadingazetesi.com\/index.php?rest_route=%2Fwp%2Fv2%2Ftags&post=35016"}],"curies":[{"name":"wp","href":"https:\/\/api.w.org\/{rel}","templated":true}]}}