{"id":35019,"date":"2024-09-08T08:58:25","date_gmt":"2024-09-08T05:58:25","guid":{"rendered":"https:\/\/mersinkadingazetesi.com\/?p=35019"},"modified":"2024-09-08T08:58:25","modified_gmt":"2024-09-08T05:58:25","slug":"baskan-yildiz-onceligimiz-tarim","status":"publish","type":"post","link":"https:\/\/mersinkadingazetesi.com\/?p=35019","title":{"rendered":"BA\u015eKAN YILDIZ: \u00d6NCEL\u0130\u011e\u0130M\u0130Z TARIM"},"content":{"rendered":"\n<p>Toroslar Belediye Meclisinin eyl\u00fcl ay\u0131 ola\u011fan toplant\u0131s\u0131 ikinci bile\u015fimi Toroslar Belediye Ba\u015fkan\u0131 Abdurrahman Y\u0131ld\u0131z y\u00f6netiminde yap\u0131ld\u0131.<\/p>\n\n\n\n<p>Toplant\u0131da belediyenin 2025-2029 y\u0131llar\u0131n\u0131 kapsayan Stratejik Plan\u0131na ili\u015fkin Plan ve B\u00fct\u00e7e Komisyonu, \u0130mar ve Bay\u0131nd\u0131rl\u0131k Komisyonu, \u00c7evre ve Sa\u011fl\u0131k Komisyonu, E\u011fitim, K\u00fclt\u00fcr, Gen\u00e7lik ve Spor Komisyonu, Kad\u0131n ve Erkek F\u0131rsat E\u015fitli\u011fi Komisyonu, Engeliler Komisyonu, Yurt D\u0131\u015f\u0131 \u0130li\u015fkiler Komisyonu ile Tar\u0131m ve Hayvanc\u0131l\u0131k Komisyonu ortak raporu g\u00f6r\u00fc\u015f\u00fcld\u00fc. G\u00f6r\u00fc\u015fmeler sonunda stratejik plan oy birli\u011fiyle kabul edildi.<\/p>\n\n\n\n<p>Toplant\u0131da ayr\u0131ca belediye taraf\u0131ndan a\u00e7\u0131lan kre\u015flerin \u00fccretlerinin belirlenmesine ili\u015fkin Plan ve B\u00fct\u00e7e Komisyonu, E\u011fitim, K\u00fclt\u00fcr, Gen\u00e7lik ve Spor Komisyonu ile Kad\u0131n ve Erkek F\u0131rsat E\u015fitli\u011fi Komisyonunun ortak raporu da g\u00f6r\u00fc\u015f\u00fcld\u00fc ve komisyon raporlar\u0131 oy birli\u011fiyle kabul edildi.<\/p>\n\n\n\n<p><strong>MECL\u0130S \u00dcYELER\u0130NDEN STRATEJ\u0130K PLAN TE\u015eEKK\u00dcR\u00dc<\/strong><\/p>\n\n\n\n<p>Meclis toplant\u0131s\u0131nda belediye meclis \u00fcyeleri, 2025-2029 y\u0131llar\u0131n\u0131 kapsayan Stratejik Plan \u00e7al\u0131\u015fmalar\u0131ndan dolay\u0131 belediye y\u00f6netimine te\u015fekk\u00fcr etti.<\/p>\n\n\n\n<p>Toroslar Belediye Ba\u015fkan\u0131 Abdurrahman Y\u0131ld\u0131z da Stratejik Plan\u0131n haz\u0131rlanmas\u0131 s\u00fcrecinde eme\u011fi ge\u00e7en b\u00fcrokratlara, belediye meclis \u00fcyelerine ve s\u00fcrece g\u00f6r\u00fc\u015f ve \u00f6nerileriyle katk\u0131 veren sivil toplum \u00f6rg\u00fctlerine te\u015fekk\u00fcr ederek &#8220;Stratejik Plan \u00f6n\u00fcm\u00fczdeki 5 y\u0131lda \u00f6n\u00fcm\u00fcz\u00fc ayd\u0131nlatacak&#8221; dedi.<\/p>\n\n\n\n<p><strong>&#8220;YAYLALARDA B\u0130R\u0130NC\u0130 \u00d6NCEL\u0130\u011e\u0130M\u0130Z TARIMSAL \u00dcRET\u0130M&#8221;<\/strong><\/p>\n\n\n\n<p>Ba\u015fkan Y\u0131ld\u0131z, k\u00f6ylerdeki bah\u00e7e ve tar\u0131m yollar\u0131n\u0131n iyile\u015ftirilmesi, tar\u0131m\u0131n desteklenmesi gibi unsurlar\u0131n da stratejik planda yer ald\u0131\u011f\u0131na dikkat \u00e7ekti.<\/p>\n\n\n\n<p>Y\u0131ld\u0131z, &#8220;Yaylalarda birincil \u00f6nceli\u011fimiz, oralarda tar\u0131msal \u00fcretim yapmak i\u00e7in h\u00e2l\u00e2 gayret g\u00f6steren, hayvanc\u0131l\u0131k yapmak i\u00e7in h\u00e2l\u00e2 gayret g\u00f6steren insanlar\u0131n ya\u015fam\u0131n\u0131 bir nebze olsun kolayla\u015ft\u0131rabileceksek bizim \u00f6nceli\u011fimiz bu. Mevcut makine park\u0131m\u0131zla, mevcut i\u015f g\u00fcc\u00fcm\u00fczle \u00f6nceli\u011fimiz k\u00f6ylerde tar\u0131msal \u00fcretim yapan arazilerin yollar\u0131n\u0131n daha kullan\u0131l\u0131r hale gelmesi. \u015eikayetlerin tamam\u0131n\u0131 giderdi\u011fimizi s\u00f6yleyemeyiz. Oraya yazl\u0131k turizm i\u00e7in giden ve 2 ay kalan hem\u015fehrilerimizin oraya kolay ula\u015f\u0131m\u0131 da elbette bizim meselemiz ve stratejik planda da var bu. 2025 y\u0131l\u0131ndan itibaren, bug\u00fcne kadar olmad\u0131\u011f\u0131 kadar Fen \u0130\u015flerine b\u00fct\u00e7e ay\u0131raca\u011f\u0131z. \u00c7\u00fcnk\u00fc bizim temel meselemiz Toroslar&#8217;da yol ve kald\u0131r\u0131m meselesini \u00e7\u00f6zmek. Dolay\u0131s\u0131yla k\u00f6ylerde \u00e7ift\u00e7ilik yapmaya devam eden yurtta\u015flar\u0131m\u0131z\u0131n ya\u015fam\u0131n\u0131 kolayla\u015ft\u0131racak yollar\u0131 yapmay\u0131 hedef olarak koyduk. Bu sene \u00f6nemli oranda \u00e7\u00f6zd\u00fck. Buna ili\u015fkin \u00e7al\u0131\u015fmalar\u0131m\u0131z devam edecek ve yapaca\u011f\u0131z&#8221; dedi.<\/p>\n\n\n\n<p><strong>&#8220;K\u00d6YL\u00dcLER\u0130M\u0130ZDEN GELEN \u015e\u0130KAYETLER AZALDI&#8221;<\/strong><\/p>\n\n\n\n<p>Art\u0131k yaylalardan gelen \u015fikayetlerin y\u00fczde 95&#8217;ini oralara yazl\u0131k turizm i\u00e7in giden yurtta\u015flardan geldi\u011fine de\u011finen Ba\u015fkan Y\u0131ld\u0131z, &#8220;K\u00f6yl\u00fclerimizden bize gelen \u015fikayetler azald\u0131&#8221; ifadelerini kulland\u0131.<\/p>\n\n\n\n<p><strong>&#8220;TARIM \u00dcZER\u0130NE KAFA YORMAMIZ LAZIM&#8221;<\/strong><\/p>\n\n\n\n<p>Toroslar i\u00e7in \u00f6nemli misyonlardan birinin de tar\u0131m oldu\u011funa i\u015faret eden Ba\u015fkan Y\u0131ld\u0131z s\u00f6zlerini \u015f\u00f6yle s\u00fcrd\u00fcrd\u00fc: &#8220;Toroslar tar\u0131m ve hayvanc\u0131l\u0131k \u015fehridir. Bunun \u00e7ekinilecek, garipsenecek bir taraf\u0131 yok. Aksine \u00f6v\u00fcn\u00fclecek bir taraf\u0131 var. Biz Toroslar Belediyesi olarak Toroslar&#8217;da tar\u0131m\u0131n geli\u015fmesi, g\u00fc\u00e7lenmesi, desteklenmesi konusunda \u00e7al\u0131\u015fmalar yapaca\u011f\u0131z. Bu konuda ciddi \u00e7al\u0131\u015fmalar\u0131m\u0131z var. K\u0131\u015f aylar\u0131nda burada bir tar\u0131m \u00e7al\u0131\u015ftay\u0131 da yapaca\u011f\u0131z. Tar\u0131m meselesini milli bir mesele olarak g\u00f6r\u00fcyoruz. Afili laflar etmeye gerek yok, raporlar\u0131 okudu\u011fumuzda \u00fclkemizin ve d\u00fcnyan\u0131n g\u0131da krizine s\u00fcr\u00fcklendi\u011fini bize s\u00f6yl\u00fcyor. Hatta en y\u00fcksek enflasyon g\u0131da \u00fcr\u00fcnlerinde \u00e7\u0131k\u0131yor. G\u0131da \u00fcr\u00fcnleri daha \u00e7ok \u00e7\u0131k\u0131yor \u00fclkemizde. Niye? \u00c7\u00fcnk\u00fc tar\u0131msal yat\u0131r\u0131m hakikaten azald\u0131. Bunlar merkezi h\u00fck\u00fcmetin kafa yormas\u0131 gereken meselelerin ba\u015f\u0131nda geliyor ama biz de T\u00fcrkiye&#8217;de kurulu k\u00fc\u00e7\u00fck bir il\u00e7e olarak tar\u0131m meselesine elimizden geldi\u011finde destek vermeyi, projeler \u00fcretmeyi hedef olarak \u00f6n\u00fcm\u00fczde koyduk. Biz asl\u0131nda tar\u0131mdan uzakla\u015ft\u0131k\u00e7a toplumsal \u00e7\u00fcr\u00fcmeye de terk ediyoruz. K\u00f6ylerimize bak\u0131yorum, insanlar her ge\u00e7en g\u00fcn kendini \u00fcretimin d\u0131\u015f\u0131na at\u0131yor. Binlerce insan kentin varo\u015flar\u0131nda ya\u015famaya \u00e7al\u0131\u015f\u0131yor. Halbuki \u00fcretimi devam ettirecek, tar\u0131msal \u00fcretimi devam ettirecek olanaklar\u0131 bulsa, belki kentte s\u00fcrd\u00fcrmeye \u00e7al\u0131\u015ft\u0131\u011f\u0131 o hayat\u0131n bin kat\u0131n\u0131 s\u00fcrd\u00fcrebilecek. O imkans\u0131zl\u0131klar\u0131 gidermeye \u00e7al\u0131\u015f\u0131yoruz. \u0130klim krizinin do\u011furdu\u011fu sonu\u00e7lar var. Bunlar\u0131 da de\u011fi\u015ftirmenin temel yollar\u0131ndan biri tar\u0131m\u0131 art\u0131rmak. Tar\u0131m meselesi s\u00f6z konusu oldu\u011funda heyecanlan\u0131yorum. A\u00e7l\u0131ktan korkuyorum. Toplumsal manada, ciddi ciddi bu bizim yakam\u0131za yap\u0131\u015fm\u0131\u015f bir s\u0131k\u0131nt\u0131. Bunun giderilmesinin de tek yolu tar\u0131m meselesine kafa yormak.&#8221;<\/p>\n","protected":false},"excerpt":{"rendered":"<p>Toroslar Belediye Meclisinin eyl\u00fcl ay\u0131 ola\u011fan toplant\u0131s\u0131 ikinci bile\u015fimi Toroslar Belediye Ba\u015fkan\u0131 Abdurrahman Y\u0131ld\u0131z y\u00f6netiminde yap\u0131ld\u0131. Toplant\u0131da belediyenin 2025-2029 y\u0131llar\u0131n\u0131 kapsayan Stratejik Plan\u0131na ili\u015fkin Plan ve B\u00fct\u00e7e Komisyonu, \u0130mar ve Bay\u0131nd\u0131rl\u0131k Komisyonu, \u00c7evre ve Sa\u011fl\u0131k Komisyonu, E\u011fitim, K\u00fclt\u00fcr, Gen\u00e7lik ve Spor Komisyonu, Kad\u0131n ve Erkek F\u0131rsat E\u015fitli\u011fi Komisyonu, Engeliler Komisyonu, Yurt D\u0131\u015f\u0131 \u0130li\u015fkiler Komisyonu ile [&hellip;]<\/p>\n","protected":false},"author":2,"featured_media":35020,"comment_status":"closed","ping_status":"closed","sticky":false,"template":"","format":"standard","meta":{"footnotes":""},"categories":[3],"tags":[],"class_list":["post-35019","post","type-post","status-publish","format-standard","has-post-thumbnail","hentry","category-manset"],"views":5,"_links":{"self":[{"href":"https:\/\/mersinkadingazetesi.com\/index.php?rest_route=\/wp\/v2\/posts\/35019"}],"collection":[{"href":"https:\/\/mersinkadingazetesi.com\/index.php?rest_route=\/wp\/v2\/posts"}],"about":[{"href":"https:\/\/mersinkadingazetesi.com\/index.php?rest_route=\/wp\/v2\/types\/post"}],"author":[{"embeddable":true,"href":"https:\/\/mersinkadingazetesi.com\/index.php?rest_route=\/wp\/v2\/users\/2"}],"replies":[{"embeddable":true,"href":"https:\/\/mersinkadingazetesi.com\/index.php?rest_route=%2Fwp%2Fv2%2Fcomments&post=35019"}],"version-history":[{"count":1,"href":"https:\/\/mersinkadingazetesi.com\/index.php?rest_route=\/wp\/v2\/posts\/35019\/revisions"}],"predecessor-version":[{"id":35021,"href":"https:\/\/mersinkadingazetesi.com\/index.php?rest_route=\/wp\/v2\/posts\/35019\/revisions\/35021"}],"wp:featuredmedia":[{"embeddable":true,"href":"https:\/\/mersinkadingazetesi.com\/index.php?rest_route=\/wp\/v2\/media\/35020"}],"wp:attachment":[{"href":"https:\/\/mersinkadingazetesi.com\/index.php?rest_route=%2Fwp%2Fv2%2Fmedia&parent=35019"}],"wp:term":[{"taxonomy":"category","embeddable":true,"href":"https:\/\/mersinkadingazetesi.com\/index.php?rest_route=%2Fwp%2Fv2%2Fcategories&post=35019"},{"taxonomy":"post_tag","embeddable":true,"href":"https:\/\/mersinkadingazetesi.com\/index.php?rest_route=%2Fwp%2Fv2%2Ftags&post=35019"}],"curies":[{"name":"wp","href":"https:\/\/api.w.org\/{rel}","templated":true}]}}