{"id":35022,"date":"2024-09-08T09:01:52","date_gmt":"2024-09-08T06:01:52","guid":{"rendered":"https:\/\/mersinkadingazetesi.com\/?p=35022"},"modified":"2024-09-08T09:01:53","modified_gmt":"2024-09-08T06:01:53","slug":"mercan-100-yil-iklim-ve-cevre-bilim-merkezi-ziyaretcilerini-agirlamaya-devam-ediyor","status":"publish","type":"post","link":"https:\/\/mersinkadingazetesi.com\/?p=35022","title":{"rendered":"&#8216;MERCAN 100. YIL \u0130KL\u0130M VE \u00c7EVRE B\u0130L\u0130M MERKEZ\u0130&#8217; Z\u0130YARET\u00c7\u0130LER\u0130N\u0130 A\u011eIRLAMAYA DEVAM ED\u0130YOR"},"content":{"rendered":"\n<p>Mersin B\u00fcy\u00fck\u015fehir Belediyesi&#8217;nin, iklim ve \u00e7evre fark\u0131ndal\u0131klar\u0131n\u0131 \u00e7ocuklara a\u015f\u0131lamak amac\u0131 ile hayata ge\u00e7irdi\u011fi ve Cumhuriyet&#8217;in 100. y\u0131l\u0131nda gen\u00e7lere ve \u00e7ocuklara arma\u011fan etti\u011fi,&nbsp;<strong>&#8216;Mercan 100. Y\u0131l \u0130klim ve \u00c7evre Bilim Merkezi&#8217;<\/strong>, k\u00fc\u00e7\u00fckten b\u00fcy\u00fc\u011fe her kesimden&nbsp;ziyaret\u00e7ilerini a\u011f\u0131rlamaya devam ediyor. Merkezi ziyaret eden gruplardan biri de bu kez,&nbsp;<strong>&#8220;T\u00dcB\u0130TAK-4004 Do\u011fa E\u011fitimi ve Bilim Okullar\u0131 Destekleme Program\u0131&#8221;&nbsp;<\/strong>kapsam\u0131nda 4 merkez il\u00e7ede g\u00f6rev yapan 25 Okul \u00d6ncesi \u00d6\u011fretmeni oldu.<\/p>\n\n\n\n<p>\u00d6\u011fretmenler merkezin i\u00e7erisinde yer alan s\u0131f\u0131r at\u0131k, yenilenebilir enerji, s\u00fcrd\u00fcr\u00fclebilir \u00e7evre, at\u0131k y\u00f6netimi, kaynaklar\u0131n korunmas\u0131, elektrik ve su tasarrufu ile ilgili d\u00fczeneklerin her birini tek tek inceledi. \u0130klim De\u011fi\u015fikli\u011fi ve S\u0131f\u0131r At\u0131k Dairesi Ba\u015fkanl\u0131\u011f\u0131&#8217;nda g\u00f6rev yapan S\u0131f\u0131r At\u0131k \u015eefi Dr. Zeki Altun, \u00f6\u011fretmenlere B\u00fcy\u00fck\u015fehir Belediyesi&#8217;nin at\u0131k y\u00f6netimi ve bu at\u0131klardan enerji \u00fcretimi ile ilgili yapm\u0131\u015f oldu\u011fu \u00e7al\u0131\u015fmalar\u0131 aktard\u0131. Altun, \u00f6\u011fretmenlere&nbsp;<strong>&#8216;S\u0131f\u0131r At\u0131k ve S\u00fcrd\u00fcr\u00fclebilir \u00c7evre&#8217;<\/strong>&nbsp;konulu bir seminer de verdi.<\/p>\n\n\n\n<p>Seminerin ard\u0131ndan T\u00fcrkiye&#8217;de ilk ve tek olma \u00f6zelli\u011fi ta\u015f\u0131yan ve en b\u00fcy\u00fck perde \u00e7ap\u0131na sahip planetaryumda&nbsp;<strong>&#8216;Dinamik D\u00fcnya&#8217;<\/strong>&nbsp;adl\u0131 k\u0131sa film izletildi. Bilim merkezine gelen \u00f6\u011frencilerin; deney ve g\u00f6zlemlerle bilginin s\u0131n\u0131rlar\u0131n\u0131 yeniden ke\u015ffedebileceklerini dile getiren \u00f6\u011fretmenler, ders i\u00e7eriklerinde kullanabilecek yeni ve farkl\u0131 bak\u0131\u015f a\u00e7\u0131lar\u0131 kazand\u0131klar\u0131n\u0131 s\u00f6yleyerek merkeze hayran kald\u0131lar.<\/p>\n\n\n\n<p><strong>Altun: &#8220;Merkezimizde 10 ayda 92 bin ziyaret\u00e7i a\u011f\u0131rlad\u0131k&#8221;<\/strong><\/p>\n\n\n\n<p>Ziyaret hakk\u0131nda bilgi veren B\u00fcy\u00fck\u015fehir Belediyesi \u0130klim De\u011fi\u015fikli\u011fi ve S\u0131f\u0131r At\u0131k Dairesi Ba\u015fkanl\u0131\u011f\u0131&#8217;nda S\u0131f\u0131r At\u0131k Y\u00f6netimi \u015eube M\u00fcd\u00fcrl\u00fc\u011f\u00fc \u015eefi Dr. Zeki Altun,&nbsp;<strong>&#8220;\u00d6\u011fretmenlerimize do\u011fa temelli s\u00fcrd\u00fcr\u00fclebilir \u00e7evre, at\u0131k y\u00f6netimi ve s\u0131f\u0131r at\u0131k konular\u0131nda mevcut d\u00fczeneklerimizi gezdirdik. Planetaryumda, konuyla alakal\u0131 film izlettik. Ard\u0131ndan kendilerine bir seminer verdik. Bu seminer kapsam\u0131nda; at\u0131klar\u0131n geri d\u00f6n\u00fc\u015ft\u00fcr\u00fclebilir \u015fekilde toplanmas\u0131, kayna\u011f\u0131nda ayr\u0131lmas\u0131 ve ayn\u0131 zamanda do\u011fal kaynaklar\u0131n en az seviyede t\u00fcketilmesi yoluyla bu at\u0131klar\u0131n de\u011ferlendirilmesini aktarmaya \u00e7al\u0131\u015ft\u0131k. S\u00f6z konusu at\u0131klar\u0131n do\u011fru y\u00f6netilmemesi durumunda, deniz ortam\u0131na dahi etki edebilece\u011fini dile getirmeye \u00e7al\u0131\u015ft\u0131k&#8221;<\/strong>&nbsp;ifadelerini kulland\u0131.<\/p>\n\n\n\n<p>MERCAN 100. Y\u0131l \u0130klim ve \u00c7evre Bilim Merkezi&#8217;nin yakla\u015f\u0131k 10 ayd\u0131r faaliyet g\u00f6sterdi\u011fini vurgulayan Altun,&nbsp;<strong>&#8220;\u015eimdiye kadar merkezimizde 92 bin \u00f6\u011frenci ve \u00f6\u011fretmeni a\u011f\u0131rlam\u0131\u015f bulunmaktay\u0131z. Kentimiz i\u00e7in, \u00fclkemiz i\u00e7in ve hatta do\u011fam\u0131z i\u00e7in, s\u00f6z konusu e\u011fitimlerin gelecek a\u00e7\u0131s\u0131ndan s\u00fcrd\u00fcr\u00fclebilir \u00e7evre a\u00e7\u0131s\u0131ndan \u00f6nem arz etti\u011fini bilmekteyiz&#8221;&nbsp;<\/strong>dedi.<\/p>\n\n\n\n<p><strong>G\u00f6kalp: &#8220;\u00d6\u011fretmenlerimiz buradan edindikleri kazan\u0131mlarla, yeni etkinlikler uygulayacaklar&#8221;<\/strong><\/p>\n\n\n\n<p>Okul \u00d6ncesi \u00d6\u011fretmeni ve T\u00dcB\u0130TAK-4004 projesinin y\u00fcr\u00fct\u00fcc\u00fcs\u00fc Zeynep G\u00f6kalp, proje ad\u0131n\u0131n&nbsp;<strong><em>&#8216;Erken<\/em>&nbsp;<em>\u00c7ocukluk D\u00f6neminde Ekolojik Okuryazarl\u0131k \u0130\u00e7in Do\u011fa Temelli E\u011fitim Uygulamalar\u0131&#8217;<\/em>&nbsp;<\/strong>oldu\u011funu belirterek,&nbsp;<strong>&#8220;Projemizin amac\u0131; \u00f6zellikle Mersin b\u00f6lgesindeki okul \u00f6ncesi \u00f6\u011fretmenlerinin, ekolojik okuryazarl\u0131k ve vatanda\u015fl\u0131k, su okuryazarl\u0131\u011f\u0131, ekolojik tar\u0131m ve s\u00fcrd\u00fcr\u00fclebilir \u00e7evre konular\u0131nda yetkinliklerini art\u0131rmak ve konuyla ilgili yakla\u015f\u0131m ve uygulamalara alternatif bir bak\u0131\u015f\u0131 geli\u015ftirmeye katk\u0131 sa\u011flamakt\u0131. \u00c7ok dinamik bir ekiple yola \u00e7\u0131kt\u0131k ve projeyi haz\u0131rlad\u0131k&#8221;<\/strong>&nbsp;ifadelerini kulland\u0131.<\/p>\n\n\n\n<p>Projenin hedef kitlesinde 25 okul \u00f6ncesi \u00f6\u011fretmeni oldu\u011funu aktaran G\u00f6kalp, \u00f6\u011fretmenlerin 4 merkez il\u00e7eden se\u00e7ildi\u011fini dile getirdi. Proje kapsam\u0131nda MERCAN&#8217;\u0131 da ziyaret ettiklerini vurgulayan G\u00f6kalp,&nbsp;<strong>&#8220;Etkinliklerimiz \u00e7ok e\u011flenceli, g\u00fczel ve verimli ge\u00e7ti. Zaten \u00f6\u011fretmenlerimiz, MERCAN&#8217;\u0131n i\u00e7erisinde yer alan konularla alakal\u0131 s\u0131n\u0131f etkinliklerini m\u00fcfredata uygun olarak ger\u00e7ekle\u015ftiriyorlar, ama burada edindikleri yeni kazan\u0131mlarla beraber daha farkl\u0131 etkinlikler uygulayacaklar\u0131na eminim&#8221;<\/strong>&nbsp;dedi.<\/p>\n\n\n\n<p><strong>\u00d6\u011fretmenler, proje sayesinde yeni bilgiler edindiler<\/strong><\/p>\n\n\n\n<p>Proje sayesinde yeni bilgiler edindi\u011fini s\u00f6yleyen Okul \u00d6ncesi \u00d6\u011fretmeni Ebru Erting\u00fc, gezi ile birlikte bu bilgilerin peki\u015fti\u011fini aktararak,&nbsp;<strong>&#8220;\u00c7ocuklar\u0131m\u0131za neler \u00f6\u011fretebilece\u011fimizi \u00f6\u011frendik. Bilin\u00e7li t\u00fcketici, ye\u015fil vatanda\u015fl\u0131k kavram\u0131n\u0131 \u00f6\u011frendik. Ben daha \u00f6nce Konya&#8217;daki bilim merkezine gitmi\u015ftim, ama buras\u0131n\u0131n en az oras\u0131 kadar g\u00fczel oldu\u011funu g\u00f6rd\u00fcm. Hatta buradakiler, uygulanabilirlik a\u00e7\u0131s\u0131ndan \u00e7ok daha iyi. Ayr\u0131ca planetaryum \u00e7ok geni\u015fti ve ses sistemi de \u00e7ok iyiydi. Ula\u015f\u0131labilirlik a\u00e7\u0131s\u0131ndan da yeri \u00e7ok iyi&#8221;<\/strong>&nbsp;diyerek, MERCAN&#8217;\u0131n \u00e7ocuklar\u0131n geli\u015fimine katk\u0131 sunan ve fark\u0131ndal\u0131klar\u0131n\u0131 art\u0131ran bir merkez oldu\u011funu dile getirdi.<\/p>\n\n\n\n<p>MERCAN&#8217;\u0131n ger\u00e7ekten faydal\u0131 bir bilim merkezi oldu\u011funu s\u00f6yleyen bir ba\u015fka \u00f6\u011fretmen Ye\u015fil G\u00fclburnu ise,&nbsp;<strong>&#8220;\u00c7evre ve iklim de\u011fi\u015fikli\u011fi konusunda fark\u0131ndal\u0131k yaratacak bir merkez. \u00c7ocuklar i\u00e7in planetaryumda video izleyerek, etkile\u015fimde olacaklar\u0131 ortamlar var&#8221;&nbsp;<\/strong>dedi.<\/p>\n","protected":false},"excerpt":{"rendered":"<p>Mersin B\u00fcy\u00fck\u015fehir Belediyesi&#8217;nin, iklim ve \u00e7evre fark\u0131ndal\u0131klar\u0131n\u0131 \u00e7ocuklara a\u015f\u0131lamak amac\u0131 ile hayata ge\u00e7irdi\u011fi ve Cumhuriyet&#8217;in 100. y\u0131l\u0131nda gen\u00e7lere ve \u00e7ocuklara arma\u011fan etti\u011fi,&nbsp;&#8216;Mercan 100. Y\u0131l \u0130klim ve \u00c7evre Bilim Merkezi&#8217;, k\u00fc\u00e7\u00fckten b\u00fcy\u00fc\u011fe her kesimden&nbsp;ziyaret\u00e7ilerini a\u011f\u0131rlamaya devam ediyor. Merkezi ziyaret eden gruplardan biri de bu kez,&nbsp;&#8220;T\u00dcB\u0130TAK-4004 Do\u011fa E\u011fitimi ve Bilim Okullar\u0131 Destekleme Program\u0131&#8221;&nbsp;kapsam\u0131nda 4 merkez il\u00e7ede g\u00f6rev [&hellip;]<\/p>\n","protected":false},"author":2,"featured_media":35023,"comment_status":"closed","ping_status":"closed","sticky":false,"template":"","format":"standard","meta":{"footnotes":""},"categories":[2,3],"tags":[],"class_list":["post-35022","post","type-post","status-publish","format-standard","has-post-thumbnail","hentry","category-gundem","category-manset"],"views":3,"_links":{"self":[{"href":"https:\/\/mersinkadingazetesi.com\/index.php?rest_route=\/wp\/v2\/posts\/35022"}],"collection":[{"href":"https:\/\/mersinkadingazetesi.com\/index.php?rest_route=\/wp\/v2\/posts"}],"about":[{"href":"https:\/\/mersinkadingazetesi.com\/index.php?rest_route=\/wp\/v2\/types\/post"}],"author":[{"embeddable":true,"href":"https:\/\/mersinkadingazetesi.com\/index.php?rest_route=\/wp\/v2\/users\/2"}],"replies":[{"embeddable":true,"href":"https:\/\/mersinkadingazetesi.com\/index.php?rest_route=%2Fwp%2Fv2%2Fcomments&post=35022"}],"version-history":[{"count":1,"href":"https:\/\/mersinkadingazetesi.com\/index.php?rest_route=\/wp\/v2\/posts\/35022\/revisions"}],"predecessor-version":[{"id":35024,"href":"https:\/\/mersinkadingazetesi.com\/index.php?rest_route=\/wp\/v2\/posts\/35022\/revisions\/35024"}],"wp:featuredmedia":[{"embeddable":true,"href":"https:\/\/mersinkadingazetesi.com\/index.php?rest_route=\/wp\/v2\/media\/35023"}],"wp:attachment":[{"href":"https:\/\/mersinkadingazetesi.com\/index.php?rest_route=%2Fwp%2Fv2%2Fmedia&parent=35022"}],"wp:term":[{"taxonomy":"category","embeddable":true,"href":"https:\/\/mersinkadingazetesi.com\/index.php?rest_route=%2Fwp%2Fv2%2Fcategories&post=35022"},{"taxonomy":"post_tag","embeddable":true,"href":"https:\/\/mersinkadingazetesi.com\/index.php?rest_route=%2Fwp%2Fv2%2Ftags&post=35022"}],"curies":[{"name":"wp","href":"https:\/\/api.w.org\/{rel}","templated":true}]}}