{"id":35025,"date":"2024-09-08T09:03:37","date_gmt":"2024-09-08T06:03:37","guid":{"rendered":"https:\/\/mersinkadingazetesi.com\/?p=35025"},"modified":"2024-09-08T09:03:38","modified_gmt":"2024-09-08T06:03:38","slug":"baskan-yildiz-toroslarda-temizlik-sorunu-cozulecek","status":"publish","type":"post","link":"https:\/\/mersinkadingazetesi.com\/?p=35025","title":{"rendered":"BA\u015eKAN YILDIZ: TOROSLAR&#8217;DA TEM\u0130ZL\u0130K SORUNU \u00c7\u00d6Z\u00dcLECEK"},"content":{"rendered":"\n<p>Yusuf K\u0131l\u0131\u00e7 Mahallesi&#8217;nde temizlik kampanyas\u0131 kat\u0131lan Toroslar Belediye Ba\u015fkan\u0131 Abdurrahman Y\u0131ld\u0131z, &#8220;Toroslar&#8217;da daha konforlu, daha ya\u015fan\u0131labilir ve daha kaliteli bir hayat\u0131n s\u00fcrd\u00fcr\u00fcld\u00fc\u011f\u00fc, temizlik al\u0131\u015fkanl\u0131klar\u0131n\u0131n y\u00fczde y\u00fcz oturtuldu\u011fu, temizlik meselesinin y\u00fczde y\u00fcz sorun olmaktan \u00e7\u0131kt\u0131\u011f\u0131 g\u00fcne kadar kampanyam\u0131z devam edecek&#8221; dedi.<\/p>\n\n\n\n<p>Toroslar Belediyesinin 31 Mart 2024&#8217;ten sonra &#8220;Mahallede Temizlik Var&#8221; slogan\u0131 ile il\u00e7enin 67 mahallesinde ba\u015flatt\u0131\u011f\u0131 temizlik seferberli\u011fi s\u00fcr\u00fcyor.<\/p>\n\n\n\n<p>Her hafta Cumartesi g\u00fcn\u00fc farkl\u0131 bir mahallede devam eden genel temizlik \u00e7al\u0131\u015fmas\u0131na, Toroslar Belediye Ba\u015fkan\u0131 Abdurrahman Y\u0131ld\u0131z \u00f6nc\u00fcl\u00fck ediyor. \u00c7al\u0131\u015fmaya, belediye ba\u015fkan yard\u0131mc\u0131lar\u0131, meclis \u00fcyeleri, aktivistler, belediye \u00e7al\u0131\u015fanlar\u0131 ve mahalle halk\u0131 da b\u00fcy\u00fck destek veriyor.<\/p>\n\n\n\n<p>Toplumsal bilincin olu\u015fmas\u0131 ve fark\u0131ndal\u0131k yarat\u0131lmas\u0131 amac\u0131yla yap\u0131lan seferberli\u011fin&nbsp;7. etab\u0131 Yusuf K\u0131l\u0131\u00e7 Mahallesi&#8217;nde ger\u00e7ekle\u015fti.<\/p>\n\n\n\n<p>\u00c7ok say\u0131da temizlik i\u015f\u00e7isi ve temizlik arac\u0131 sabah\u0131n erken saatlerinden itibaren mahallenin t\u00fcm sokaklar\u0131na girdi, dip k\u00f6\u015fe temizlik yap\u0131ld\u0131.<\/p>\n\n\n\n<p>Ba\u015fkan Y\u0131ld\u0131z, eldivenlerini takt\u0131,&nbsp; sokak aralar\u0131nda at\u0131klar\u0131n toplanmas\u0131na yard\u0131m etti ve vatanda\u015flara \u00e7evreyi temiz tutmalar\u0131, \u00e7\u00f6p konteynerlerini do\u011fru kullanmalar\u0131 konusunda \u00e7a\u011fr\u0131da bulundu.<\/p>\n\n\n\n<p><strong>&#8220;TEM\u0130ZL\u0130K MESELE OLMAKTAN \u00c7IKIP RUT\u0130NE B\u0130NECEK&#8221;<\/strong><\/p>\n\n\n\n<p>&#8220;Toroslar&#8217;da temizlik meselesi mesele olmaktan \u00e7\u0131k\u0131p, bir rutine girecek&#8221; diyen Ba\u015fkan Y\u0131ld\u0131z, kampanyaya destek veren hem\u015fehrilerine de te\u015fekk\u00fcr ederek, &#8220;Her zaman s\u00f6yledi\u011fimiz temiz olman\u0131n birinci ko\u015fulu hi\u00e7 kirletmemek. Biz de bu hassasiyetin yarat\u0131lmas\u0131 ve toplum taraf\u0131ndan anla\u015f\u0131lmas\u0131 i\u00e7in her hafta sonu bir mahallemize giderek o mahallemizde temizlik yap\u0131yoruz. Bug\u00fcnk\u00fc \u00e7al\u0131\u015fmam\u0131z Yusuf K\u0131l\u0131\u00e7 mahallesinde olacak. Halk\u0131m\u0131zla, meclis \u00fcyelerimizle, ba\u015fkan yard\u0131mc\u0131lar\u0131m\u0131zla, belediye \u00e7al\u0131\u015fanlar\u0131m\u0131zla birlikte buraday\u0131z. Bu kampanyam\u0131z mevsim \u015fartlar\u0131 el verdi\u011fi m\u00fcddet\u00e7e Toroslar\u0131m\u0131z\u0131n b\u00fct\u00fcn mahallelerinde yap\u0131lacak. Bu kapsamda belediyemizin alet ve edevatlar\u0131n\u0131 g\u00fc\u00e7lendiriyoruz, yeni makineler al\u0131yoruz ve makine ikmali zenginle\u015ftiriyoruz. Ayn\u0131 zamanda Temizlik \u0130\u015fleri M\u00fcd\u00fcrl\u00fc\u011f\u00fc&#8217;nde \u00e7al\u0131\u015fan arkada\u015flar\u0131m\u0131z\u0131n say\u0131s\u0131n\u0131 da art\u0131rarak buray\u0131 tahkim etmeye \u00e7al\u0131\u015f\u0131yoruz. \u00d6n\u00fcm\u00fczdeki g\u00fcnlerde s\u00f6z verdi\u011fimiz gibi Toroslar&#8217;da temizlik meselesi bir mesele olmaktan \u00e7\u0131k\u0131p, bir rutine binecek ve her biriniz g\u00f6receksiniz ki mahallenizde \u00e7\u00f6p arabas\u0131 saat ka\u00e7ta geliyor, \u00e7\u00f6p\u00fc alan arkada\u015f\u0131m\u0131z saat ka\u00e7ta ve hangi g\u00fcnlerde sizin soka\u011f\u0131n\u0131zda oluyor. Bunlar\u0131n tamam\u0131n\u0131 bir rutine oturtaca\u011f\u0131z ve bir program i\u00e7inde yap\u0131lacak. Tertemiz bir kentte daha kaliteli, daha konforlu bir \u015fekilde hep beraber ya\u015famaya devam edece\u011fiz&#8221; dedi.<\/p>\n\n\n\n<p><strong>&#8220;BU PROJE \u0130\u00c7\u0130N BA\u015eKANIMIZA TE\u015eEKK\u00dcR ED\u0130YORUZ&#8221;<\/strong><\/p>\n\n\n\n<p>Yusuf K\u0131l\u0131\u00e7 Mahalle Muhtar\u0131 Muhammet Ak\u00e7a da temizlik kampanyas\u0131n\u0131 ba\u015flatt\u0131\u011f\u0131 i\u00e7in Ba\u015fkan Y\u0131ld\u0131z&#8217;a ve ekibine te\u015fekk\u00fcr ederek, &#8220;\u00d6ncelikle bu g\u00fczel proje i\u00e7in Ba\u015fkan\u0131m\u0131za ve ekibine te\u015fekk\u00fcr ediyorum. Hakikatten bir fark\u0131ndal\u0131k oluyor ve ba\u015fkan\u0131m\u0131z g\u00f6reve ba\u015flamas\u0131ndan itibaren mahallemde temizlik \u00e7al\u0131\u015fmas\u0131 rutin olmaya ba\u015flad\u0131. \u015eahs\u0131m ve mahalle sakinleri ad\u0131na bu hizmetlerin daim olmas\u0131n\u0131 temenni ediyorum&#8221; diye konu\u015ftu.<\/p>\n","protected":false},"excerpt":{"rendered":"<p>Yusuf K\u0131l\u0131\u00e7 Mahallesi&#8217;nde temizlik kampanyas\u0131 kat\u0131lan Toroslar Belediye Ba\u015fkan\u0131 Abdurrahman Y\u0131ld\u0131z, &#8220;Toroslar&#8217;da daha konforlu, daha ya\u015fan\u0131labilir ve daha kaliteli bir hayat\u0131n s\u00fcrd\u00fcr\u00fcld\u00fc\u011f\u00fc, temizlik al\u0131\u015fkanl\u0131klar\u0131n\u0131n y\u00fczde y\u00fcz oturtuldu\u011fu, temizlik meselesinin y\u00fczde y\u00fcz sorun olmaktan \u00e7\u0131kt\u0131\u011f\u0131 g\u00fcne kadar kampanyam\u0131z devam edecek&#8221; dedi. Toroslar Belediyesinin 31 Mart 2024&#8217;ten sonra &#8220;Mahallede Temizlik Var&#8221; slogan\u0131 ile il\u00e7enin 67 mahallesinde ba\u015flatt\u0131\u011f\u0131 [&hellip;]<\/p>\n","protected":false},"author":2,"featured_media":35026,"comment_status":"closed","ping_status":"closed","sticky":false,"template":"","format":"standard","meta":{"footnotes":""},"categories":[3,9],"tags":[],"class_list":["post-35025","post","type-post","status-publish","format-standard","has-post-thumbnail","hentry","category-manset","category-saglik"],"views":2,"_links":{"self":[{"href":"https:\/\/mersinkadingazetesi.com\/index.php?rest_route=\/wp\/v2\/posts\/35025"}],"collection":[{"href":"https:\/\/mersinkadingazetesi.com\/index.php?rest_route=\/wp\/v2\/posts"}],"about":[{"href":"https:\/\/mersinkadingazetesi.com\/index.php?rest_route=\/wp\/v2\/types\/post"}],"author":[{"embeddable":true,"href":"https:\/\/mersinkadingazetesi.com\/index.php?rest_route=\/wp\/v2\/users\/2"}],"replies":[{"embeddable":true,"href":"https:\/\/mersinkadingazetesi.com\/index.php?rest_route=%2Fwp%2Fv2%2Fcomments&post=35025"}],"version-history":[{"count":1,"href":"https:\/\/mersinkadingazetesi.com\/index.php?rest_route=\/wp\/v2\/posts\/35025\/revisions"}],"predecessor-version":[{"id":35027,"href":"https:\/\/mersinkadingazetesi.com\/index.php?rest_route=\/wp\/v2\/posts\/35025\/revisions\/35027"}],"wp:featuredmedia":[{"embeddable":true,"href":"https:\/\/mersinkadingazetesi.com\/index.php?rest_route=\/wp\/v2\/media\/35026"}],"wp:attachment":[{"href":"https:\/\/mersinkadingazetesi.com\/index.php?rest_route=%2Fwp%2Fv2%2Fmedia&parent=35025"}],"wp:term":[{"taxonomy":"category","embeddable":true,"href":"https:\/\/mersinkadingazetesi.com\/index.php?rest_route=%2Fwp%2Fv2%2Fcategories&post=35025"},{"taxonomy":"post_tag","embeddable":true,"href":"https:\/\/mersinkadingazetesi.com\/index.php?rest_route=%2Fwp%2Fv2%2Ftags&post=35025"}],"curies":[{"name":"wp","href":"https:\/\/api.w.org\/{rel}","templated":true}]}}