{"id":35034,"date":"2024-09-08T18:58:25","date_gmt":"2024-09-08T15:58:25","guid":{"rendered":"https:\/\/mersinkadingazetesi.com\/?p=35034"},"modified":"2024-09-08T18:58:25","modified_gmt":"2024-09-08T15:58:25","slug":"yeni-sezonun-acilisi-gorkemli-oldu","status":"publish","type":"post","link":"https:\/\/mersinkadingazetesi.com\/?p=35034","title":{"rendered":"Yeni sezonun a\u00e7\u0131l\u0131\u015f\u0131 g\u00f6rkemli oldu"},"content":{"rendered":"\n<p><a><\/a> Mersin Armoni M\u0131sralar K\u00fclt\u00fcr ve Mus\u0131ki Derne\u011finin T.S.M. Korosu yeni sezonun a\u00e7\u0131l\u0131\u015f\u0131n\u0131 g\u00f6rkemli bir kalabal\u0131\u011f\u0131n kat\u0131l\u0131m\u0131 ile 04.Eyl\u00fcl.2024 tarihinde ger\u00e7ekle\u015ftirdi. Dernek Ba\u015fkan\u0131 Atilla Sahillio\u011flu a\u00e7\u0131l\u0131\u015fta yapt\u0131\u011f\u0131 konu\u015fmada, \u015eark\u0131 s\u00f6ylemek a\u015fk\u0131n\u0131 ta\u015f\u0131yan herkesi M\u0131sralar Korosuna kat\u0131lmaya davet etti. Konu\u015fmas\u0131na devamla ; T.S.M. \u2018 ne ait k\u00fclt\u00fcr\u00fcm\u00fcz\u00fcn yar\u0131nlara aktar\u0131larak s\u00fcrd\u00fcr\u00fclebilirli\u011fini sa\u011flamak ve gen\u00e7 nesile emanet etmek temel ama\u00e7lar\u0131m\u0131zdan birisidir. Bir di\u011fer amac\u0131m\u0131z ise tamamen ticari ama\u00e7larla kurulan, ad\u0131 m\u00fczik grubu veya toplulu\u011fu olarak an\u0131lan olu\u015fumlar\u0131n, bir an \u00f6nce resmi ve hukuki bir kimlik alt\u0131nda en az\u0131ndan bir Dernek \u00e7at\u0131s\u0131 alt\u0131nda legal olarak faaliyetlerini s\u00fcrd\u00fcrmelerinin sa\u011flanmas\u0131d\u0131r. Aksi takdirde amat\u00f6r olarak sanatsal duygu ve d\u00fc\u015f\u00fcncelerini icra etmek isteyen insanlar\u0131n istismar\u0131na devamla, bu tarz olu\u015fumlar\u0131n ba\u015f\u0131n\u0131 \u00e7eken ki\u015filerinde bu insanlar\u0131n \u00fczerinden kay\u0131t d\u0131\u015f\u0131 ticari gelir elde etmeye devam edecekleri , ayn\u0131 zamanda bu insanlara m\u00fczik ad\u0131na herhangi bir katk\u0131da bulunamayacaklar\u0131 lay lay lom tarz\u0131 \u00e7al\u0131\u015fmalar\u0131n\u0131 da s\u00fcrd\u00fcrecekleri a\u00e7\u0131kt\u0131r.<\/p>\n\n\n\n<p>Bizler koromuzda amat\u00f6rcede olsa halk\u0131m\u0131za ve sanata sayg\u0131l\u0131 olup y\u00fcklendi\u011fimiz misyonu elimizden geldi\u011fince, dilimiz d\u00f6nd\u00fc\u011f\u00fcnce \u00f6zenle yer\u0131ne getirmekteyiz. Bu duygular\u0131n tad\u0131n\u0131 alan koromuzda, dostlu\u011fu, arkada\u015fl\u0131\u011f\u0131, sevgiyi ve huzuru payla\u015ft\u0131\u011f\u0131m\u0131z ortam kendili\u011finden do\u011fmaktad\u0131r. B\u00f6ylece kalite ve verim \u00fcst d\u00fczeye eri\u015fmektedir.<\/p>\n\n\n\n<p>B\u00fct\u00fcn bunlar\u0131n yan\u0131 s\u0131ra Mersin\u2019de bulunan m\u00fczik Dernekler i\u00e7in, \u00fcst kurulu\u015f olarak bir Federasyon \u00e7at\u0131s\u0131 (Mersin M\u00fczik Dernekleri Federasyonu &#8211; MEMDEF) alt\u0131nda bir araya gelerek g\u00fc\u00e7 birli\u011fi olu\u015fturmaya ihtiya\u00e7 duyuldu\u011funu ve bu anlamda gere\u011finin en k\u0131sa s\u00fcrede yap\u0131lmas\u0131n\u0131n elzem oldu\u011funu g\u00f6rmekteyiz. Bu duygu ve d\u00fc\u015f\u00fcncelerle yeni sezonda t\u00fcm amat\u00f6r Dernek Korolar\u0131na ba\u015far\u0131lar ve bol alk\u0131\u015fl\u0131 zamanlar dilerim. Konu\u015fman\u0131n ard\u0131ndan koro \u00fcyelerine ve misafirlere zengin \u00e7e\u015fitlerden olu\u015fan ikramlarda bulunuldu.<\/p>\n","protected":false},"excerpt":{"rendered":"<p>Mersin Armoni M\u0131sralar K\u00fclt\u00fcr ve Mus\u0131ki Derne\u011finin T.S.M. Korosu yeni sezonun a\u00e7\u0131l\u0131\u015f\u0131n\u0131 g\u00f6rkemli bir kalabal\u0131\u011f\u0131n kat\u0131l\u0131m\u0131 ile 04.Eyl\u00fcl.2024 tarihinde ger\u00e7ekle\u015ftirdi. Dernek Ba\u015fkan\u0131 Atilla Sahillio\u011flu a\u00e7\u0131l\u0131\u015fta yapt\u0131\u011f\u0131 konu\u015fmada, \u015eark\u0131 s\u00f6ylemek a\u015fk\u0131n\u0131 ta\u015f\u0131yan herkesi M\u0131sralar Korosuna kat\u0131lmaya davet etti. Konu\u015fmas\u0131na devamla ; T.S.M. \u2018 ne ait k\u00fclt\u00fcr\u00fcm\u00fcz\u00fcn yar\u0131nlara aktar\u0131larak s\u00fcrd\u00fcr\u00fclebilirli\u011fini sa\u011flamak ve gen\u00e7 nesile emanet etmek temel [&hellip;]<\/p>\n","protected":false},"author":2,"featured_media":35035,"comment_status":"closed","ping_status":"closed","sticky":false,"template":"","format":"standard","meta":{"footnotes":""},"categories":[3],"tags":[],"class_list":["post-35034","post","type-post","status-publish","format-standard","has-post-thumbnail","hentry","category-manset"],"views":12,"_links":{"self":[{"href":"https:\/\/mersinkadingazetesi.com\/index.php?rest_route=\/wp\/v2\/posts\/35034"}],"collection":[{"href":"https:\/\/mersinkadingazetesi.com\/index.php?rest_route=\/wp\/v2\/posts"}],"about":[{"href":"https:\/\/mersinkadingazetesi.com\/index.php?rest_route=\/wp\/v2\/types\/post"}],"author":[{"embeddable":true,"href":"https:\/\/mersinkadingazetesi.com\/index.php?rest_route=\/wp\/v2\/users\/2"}],"replies":[{"embeddable":true,"href":"https:\/\/mersinkadingazetesi.com\/index.php?rest_route=%2Fwp%2Fv2%2Fcomments&post=35034"}],"version-history":[{"count":1,"href":"https:\/\/mersinkadingazetesi.com\/index.php?rest_route=\/wp\/v2\/posts\/35034\/revisions"}],"predecessor-version":[{"id":35036,"href":"https:\/\/mersinkadingazetesi.com\/index.php?rest_route=\/wp\/v2\/posts\/35034\/revisions\/35036"}],"wp:featuredmedia":[{"embeddable":true,"href":"https:\/\/mersinkadingazetesi.com\/index.php?rest_route=\/wp\/v2\/media\/35035"}],"wp:attachment":[{"href":"https:\/\/mersinkadingazetesi.com\/index.php?rest_route=%2Fwp%2Fv2%2Fmedia&parent=35034"}],"wp:term":[{"taxonomy":"category","embeddable":true,"href":"https:\/\/mersinkadingazetesi.com\/index.php?rest_route=%2Fwp%2Fv2%2Fcategories&post=35034"},{"taxonomy":"post_tag","embeddable":true,"href":"https:\/\/mersinkadingazetesi.com\/index.php?rest_route=%2Fwp%2Fv2%2Ftags&post=35034"}],"curies":[{"name":"wp","href":"https:\/\/api.w.org\/{rel}","templated":true}]}}