{"id":35037,"date":"2024-09-09T08:57:51","date_gmt":"2024-09-09T05:57:51","guid":{"rendered":"https:\/\/mersinkadingazetesi.com\/?p=35037"},"modified":"2024-09-09T08:57:52","modified_gmt":"2024-09-09T05:57:52","slug":"mhp-mersin-milletvekili-uysaldan-yeni-egitim-ogretim-yili-mesaji","status":"publish","type":"post","link":"https:\/\/mersinkadingazetesi.com\/?p=35037","title":{"rendered":"MHP MERS\u0130N M\u0130LLETVEK\u0130L\u0130 UYSAL\u2019DAN YEN\u0130 E\u011e\u0130T\u0130M \u00d6\u011eRET\u0130M YILI MESAJI"},"content":{"rendered":"\n<p>Milliyet\u00e7i Hareket Partisi Mersin Milletvekili ve MYK \u00dcyesi Dr. Levent Uysal 2024-2025 e\u011fitim \u00f6\u011fretim y\u0131l\u0131n\u0131n hay\u0131rl\u0131 olmas\u0131n\u0131 dileyerek, \u00f6\u011fretmen ve \u00f6\u011frencilere ba\u015far\u0131lar diledi. Milletvekili Uysal <strong>\u201cT\u00fcrk ve T\u00fcrkiye y\u00fczy\u0131l\u0131m\u0131z\u0131n mimar\u0131 evlatlar\u0131m\u0131za kolayl\u0131klar diliyorum. \u00dclkemizin gelece\u011fi i\u00e7in sizlerin emekleri \u00e7ok k\u0131ymetli.\u201d<\/strong> \u0130fadelerine yer verdi.<\/p>\n\n\n\n<p>2024-2025 e\u011fitim \u00f6\u011fretim y\u0131l\u0131 ba\u015fl\u0131yor. 2 milyon 951 bin 685 \u00f6\u011frenci i\u00e7in ders zili \u00e7alarken, bu \u00f6\u011frencilerin 715 bin 835\u2019i ilk kez yeni okullar\u0131nda e\u011fitim-\u00f6\u011fretime merhaba diyecek. Mersin\u2019de de \u00f6\u011frenciler yeni e\u011fitim \u00f6\u011fretim y\u0131l\u0131na ba\u015flarken; Milliyet\u00e7i Hareket Partisi Mersin Milletvekili Dr. Levent Uysal g\u00fczel ve verimli bir d\u00f6nem olmas\u0131 temennisinde bulundu.<\/p>\n\n\n\n<p>Milletvekili Uysal yay\u0131mlad\u0131\u011f\u0131 mesaj\u0131nda \u015fu ifadelere yer verdi;<\/p>\n\n\n\n<p><strong>\u201c\u00dclkemizin ayd\u0131nl\u0131k gelece\u011fini olu\u015fturan de\u011ferli evlatlar\u0131m\u0131z i\u00e7in art\u0131k tatil sona erdi ve ders zili \u00e7ald\u0131. \u00d6\u011frencilerimizin varl\u0131\u011f\u0131 bizim en b\u00fcy\u00fck g\u00fc\u00e7 kayna\u011f\u0131m\u0131z oldu\u011fu gibi onlara kar\u015f\u0131 sorumluluklar\u0131m\u0131z \u00e7ok. T\u00fcrkiye\u2019nin yeni y\u00fczy\u0131l\u0131nda inan\u0131yorum ki gen\u00e7lerimiz kendilerine belirledikleri hedefler sayesinde bu topraklar\u0131 daha \u00f6rnek al\u0131nas\u0131 hale getirecek, T\u00fcrk gen\u00e7li\u011fi olman\u0131n fark\u0131n\u0131 hissettireceklerdir. Ba\u015far\u0131ya ula\u015fmak isteyen bir nesil; disiplini ve planl\u0131 \u00e7al\u0131\u015fmay\u0131 \u00f6ncelikli tutmal\u0131d\u0131r. Toplumumuzu \u015fekillendiren \u00f6\u011fretmenlerimizin emekleri ise bu ba\u015far\u0131 yolculu\u011funun en \u00f6nemli ad\u0131m\u0131d\u0131r. T\u00fcrk milletimize ve insanl\u0131\u011fa faydal\u0131 evlatlar yeti\u015ftiren \u00f6\u011fretmenlerimizin hakk\u0131n\u0131 \u00f6deyemeyiz. \u00dclkemizi muas\u0131r medeniyetler seviyesine \u00e7\u0131karma noktas\u0131nda nitelikli ve bilimsel e\u011fitim hedeflerimizi T\u00fcrk ve T\u00fcrkiye y\u00fczy\u0131l\u0131nda bir bir ger\u00e7ekle\u015ftiriyoruz.\u201d<\/strong> a\u00e7\u0131klamas\u0131nda bulundu.<\/p>\n\n\n\n<p>Gazi Mustafa Kemal Atat\u00fcrk\u2019\u00fcn <strong><em>\u2018Gelece\u011fin g\u00fcvencesi sa\u011flam temellere dayal\u0131 bir e\u011fitime, e\u011fitim ise \u00f6\u011fretmene dayal\u0131d\u0131r\u2019 <\/em><\/strong>s\u00f6z\u00fcn\u00fc hat\u0131rlatan Milliyet\u00e7i Hareket Partisi Mersin Milletvekili ve MYK \u00dcyesi Dr. Levent Uysal <strong>\u201cBir \u00fclkenin toplum \u00f6n\u00fcnde sayg\u0131nl\u0131\u011f\u0131n\u0131n artmas\u0131 o \u00fclkenin e\u011fitim kalitesine ba\u011fl\u0131d\u0131r. Biz de Aziz Atat\u00fcrk\u2019\u00fcn emaneti olan T\u00fcrkiye Cumhuriyeti Devletimizin di\u011fer \u00fclkeler taraf\u0131ndan \u00f6rnek al\u0131nabilmesi ad\u0131na faydal\u0131 i\u015fler yapmaya gayret ediyoruz. 2024-2025 yeni e\u011fitim \u00f6\u011fretim y\u0131l\u0131nda \u00f6\u011fretmenlerimiz, \u00f6\u011frencilerimiz ve velilerimiz i\u00e7in daha \u00e7ok \u00e7al\u0131\u015facak her taleplerini yerine getirece\u011fiz. Yeni e\u011fitim \u00f6\u011fretim y\u0131l\u0131n\u0131n hay\u0131rlara vesile olmas\u0131n\u0131 temenni ediyor, t\u00fcm \u00f6\u011frenci ve \u00f6\u011fretmenlerimize ba\u015far\u0131lar diliyorum.\u201d<\/strong> ifadelerine yer verdi.<\/p>\n","protected":false},"excerpt":{"rendered":"<p>Milliyet\u00e7i Hareket Partisi Mersin Milletvekili ve MYK \u00dcyesi Dr. Levent Uysal 2024-2025 e\u011fitim \u00f6\u011fretim y\u0131l\u0131n\u0131n hay\u0131rl\u0131 olmas\u0131n\u0131 dileyerek, \u00f6\u011fretmen ve \u00f6\u011frencilere ba\u015far\u0131lar diledi. Milletvekili Uysal \u201cT\u00fcrk ve T\u00fcrkiye y\u00fczy\u0131l\u0131m\u0131z\u0131n mimar\u0131 evlatlar\u0131m\u0131za kolayl\u0131klar diliyorum. \u00dclkemizin gelece\u011fi i\u00e7in sizlerin emekleri \u00e7ok k\u0131ymetli.\u201d \u0130fadelerine yer verdi. 2024-2025 e\u011fitim \u00f6\u011fretim y\u0131l\u0131 ba\u015fl\u0131yor. 2 milyon 951 bin 685 \u00f6\u011frenci i\u00e7in [&hellip;]<\/p>\n","protected":false},"author":2,"featured_media":35038,"comment_status":"closed","ping_status":"closed","sticky":false,"template":"","format":"standard","meta":{"footnotes":""},"categories":[3],"tags":[],"class_list":["post-35037","post","type-post","status-publish","format-standard","has-post-thumbnail","hentry","category-manset"],"views":0,"_links":{"self":[{"href":"https:\/\/mersinkadingazetesi.com\/index.php?rest_route=\/wp\/v2\/posts\/35037"}],"collection":[{"href":"https:\/\/mersinkadingazetesi.com\/index.php?rest_route=\/wp\/v2\/posts"}],"about":[{"href":"https:\/\/mersinkadingazetesi.com\/index.php?rest_route=\/wp\/v2\/types\/post"}],"author":[{"embeddable":true,"href":"https:\/\/mersinkadingazetesi.com\/index.php?rest_route=\/wp\/v2\/users\/2"}],"replies":[{"embeddable":true,"href":"https:\/\/mersinkadingazetesi.com\/index.php?rest_route=%2Fwp%2Fv2%2Fcomments&post=35037"}],"version-history":[{"count":1,"href":"https:\/\/mersinkadingazetesi.com\/index.php?rest_route=\/wp\/v2\/posts\/35037\/revisions"}],"predecessor-version":[{"id":35039,"href":"https:\/\/mersinkadingazetesi.com\/index.php?rest_route=\/wp\/v2\/posts\/35037\/revisions\/35039"}],"wp:featuredmedia":[{"embeddable":true,"href":"https:\/\/mersinkadingazetesi.com\/index.php?rest_route=\/wp\/v2\/media\/35038"}],"wp:attachment":[{"href":"https:\/\/mersinkadingazetesi.com\/index.php?rest_route=%2Fwp%2Fv2%2Fmedia&parent=35037"}],"wp:term":[{"taxonomy":"category","embeddable":true,"href":"https:\/\/mersinkadingazetesi.com\/index.php?rest_route=%2Fwp%2Fv2%2Fcategories&post=35037"},{"taxonomy":"post_tag","embeddable":true,"href":"https:\/\/mersinkadingazetesi.com\/index.php?rest_route=%2Fwp%2Fv2%2Ftags&post=35037"}],"curies":[{"name":"wp","href":"https:\/\/api.w.org\/{rel}","templated":true}]}}