{"id":35044,"date":"2024-09-09T11:18:13","date_gmt":"2024-09-09T08:18:13","guid":{"rendered":"https:\/\/mersinkadingazetesi.com\/?p=35044"},"modified":"2024-09-09T11:18:13","modified_gmt":"2024-09-09T08:18:13","slug":"17-karaduvar-tarim-balikcilik-ve-cevre-festivali-coskuyla-tamamlandi","status":"publish","type":"post","link":"https:\/\/mersinkadingazetesi.com\/?p=35044","title":{"rendered":"&#8217;17. KARADUVAR TARIM, BALIK\u00c7ILIK VE \u00c7EVRE FEST\u0130VAL\u0130&#8217; CO\u015eKUYLA TAMAMLANDI"},"content":{"rendered":"\n<p>Her y\u0131l Karaduvar halk\u0131n\u0131n ve \u00e7ocuklar\u0131n\u0131n heyecanla bekledi\u011fi &#8216;Karaduvar Tar\u0131m, Bal\u0131k\u00e7\u0131l\u0131k ve \u00c7evre Festivali&#8217;nin 17.si yap\u0131ld\u0131. Mersin B\u00fcy\u00fck\u015fehir Belediyesi ve sponsorlar\u0131n destekleriyle, Karaduvar Mahallesi&#8217;nde muhtarl\u0131k alan\u0131nda d\u00fczenlenen festivalin i\u00e7eri\u011finde oyunlar, danslar ve konserler vard\u0131. Sabah\u0131n erken saatlerinde yoga ve deniz etkinli\u011fi ile ba\u015flayan festival, kortej y\u00fcr\u00fcy\u00fc\u015f\u00fc ile devam etti.<\/p>\n\n\n\n<p>Mersin B\u00fcy\u00fck\u015fehir Belediyesi Bandosu&#8217;nun keyifli m\u00fcziklerle yer ald\u0131\u011f\u0131 kortej sonras\u0131 \u00e7e\u015fitli etkinlikler ger\u00e7ekle\u015ftirildi. \u00c7ocuk etkinlikleri kapsam\u0131nda tiyatro, dans etkinlikleri kapsam\u0131nda ise K-Pop g\u00f6sterilerinin oldu\u011fu festivalde, farkl\u0131 aktivite stantlar\u0131 da yer ald\u0131. \u00c7ocuklar\u0131n ve gen\u00e7lerin aylar \u00f6ncesinden haz\u0131rl\u0131klar\u0131na ba\u015flad\u0131\u011f\u0131 festivalde, hem Karaduvar halk\u0131 hem de kat\u0131l\u0131mc\u0131lar e\u011flenceli saatler ya\u015fad\u0131. G\u00fcn boyu s\u00fcren festivalde Mersin B\u00fcy\u00fck\u015fehir Belediyesi ekipleri, alana kurduklar\u0131 farkl\u0131 platformlarla vatanda\u015flar\u0131 birbirinden farkl\u0131 etkinliklerle bulu\u015fturdu.<\/p>\n\n\n\n<p><strong>G\u00fcnd\u00fcz\u00fc ayr\u0131 ak\u015fam\u0131 ayr\u0131 g\u00fczel festival<\/strong><\/p>\n\n\n\n<p>G\u00fcnd\u00fcz saatlerinde alan\u0131 dolduran \u00e7ocuklara B\u00fcy\u00fck\u015fehir Belediyesi ekipleri, farkl\u0131 farkl\u0131 aktiviteler haz\u0131rland\u0131. Y\u00fcz boyama, \u00e7ocuk dans aktivitesi ve \u015fi\u015fme oyun parklar\u0131 etkinliklerinin yer ald\u0131\u011f\u0131 festivalde pamuk \u015feker ve patlam\u0131\u015f m\u0131s\u0131r gibi ikraml\u0131klar da da\u011f\u0131t\u0131ld\u0131. Alanda kurulan kompost ve s\u0131f\u0131r at\u0131k stantlar\u0131 da \u00e7ocuklar\u0131n nas\u0131l kompost yapabileceklerini \u00f6\u011fretirken, ekim-dikim at\u00f6lyesinde \u00e7ocuklar, elleriyle \u00e7i\u00e7ek dikti. Sportif faaliyetler kapsam\u0131nda ise alana kurulan parkurlarda \u00e7ocuklara spor yapt\u0131r\u0131ld\u0131.<\/p>\n\n\n\n<p>Gen\u00e7lerin ak\u015fam ak\u0131n etti\u011fi ve &#8216;Oldu\u011fu Gibi&#8217; ile &#8216;5 Dakikaya Oraday\u0131m&#8217; m\u00fczik gruplar\u0131n\u0131n konser verdi\u011fi festivalde, MBB T\u00fcrk M\u00fczi\u011fi Toplulu\u011fu da sahne ald\u0131.<\/p>\n\n\n\n<p><strong>&#8220;Bayrak yar\u0131\u015f\u0131 gibi bir festival&#8221;<\/strong><\/p>\n\n\n\n<p>Mersin B\u00fcy\u00fck\u015fehir Belediyesi Kad\u0131n ve Aile Hizmetleri Dairesi Ba\u015fkanl\u0131\u011f\u0131 personeli ve Karaduvar K\u00fclt\u00fcr Sanat Spor ve E\u011fitim Derne\u011fi Ba\u015fkan\u0131 Vahide Dengiz, 3 ayd\u0131r bu festival i\u00e7in haz\u0131rland\u0131klar\u0131n\u0131 ifade ederek,<strong>&nbsp;&#8220;Sabah\u0131n ilk saatlerinde yoga ve denize giri\u015f ile ba\u015flad\u0131k. Saat 6 gibi halk\u0131 selamlad\u0131k. Sahnede \u00e7ocuk etkinlikleri ve m\u00fczik gruplar\u0131n\u0131n performanslar\u0131 sahnelendi&#8221;&nbsp;<\/strong>dedi.Festivalin geleneksel olmas\u0131n\u0131n \u00f6nemine vurgu yapan Dengiz,&nbsp;<strong>&#8220;Bu festivalde ben \u00e7ocuk olarak ba\u015flad\u0131m. Sonra \u00f6\u011fretmenlik yapt\u0131m. \u015eimdi \u00f6\u011frencilerim \u00f6\u011fretmenlik yap\u0131yor. Bayrak yar\u0131\u015f\u0131 gibi bir festival&#8221;&nbsp;<\/strong>ifadelerini kulland\u0131.<\/p>\n\n\n\n<p><strong>&#8220;Festival her y\u0131l daha da g\u00fczel oluyor&#8221;<\/strong><\/p>\n\n\n\n<p>Festivale kat\u0131lan Zerrin Y\u0131ld\u0131r\u0131m, k\u0131z\u0131n\u0131n dans g\u00f6sterisi oldu\u011funu ifade ederek,&nbsp;<strong>&#8220;Festival \u00e7ok g\u00fczel ge\u00e7iyor, e\u011fleniyoruz.<\/strong>&nbsp;<strong>K\u0131z\u0131m 2 ayd\u0131r bu festivale haz\u0131rlan\u0131yordu, dans etti.<\/strong>&nbsp;<strong>Hep beraber e\u011flendik, vakit ge\u00e7irdik&#8221;<\/strong>&nbsp;dedi.<\/p>\n\n\n\n<p>Vatanda\u015flardan Neslihan Sayar da&nbsp;<strong>&#8220;Festival g\u00fczel, her y\u0131l daha da g\u00fczel oluyor. Arkada\u015flar\u0131mla \u00e7ok e\u011fleniyoruz. Her y\u0131l beraber geliyoruz&#8221;&nbsp;<\/strong>diye konu\u015ftu.<\/p>\n\n\n\n<p><strong>&#8220;\u00c7ocuklar i\u00e7in g\u00fczel aktiviteler vard\u0131&#8221;<\/strong><\/p>\n\n\n\n<p>Festivali ba\u015flad\u0131\u011f\u0131 andan itibaren takip eden Bilgin Yal\u00e7\u0131n,&nbsp;<strong>&#8220;Festival g\u00fczel ge\u00e7iyor. Biz g\u00fcnd\u00fcz de geldik, \u00e7ocuklar i\u00e7in g\u00fczel aktiviteler vard\u0131. \u00c7ocuklar baya\u011f\u0131 e\u011flendi. B\u00fcy\u00fck\u015fehir Belediyesi&#8217;ne te\u015fekk\u00fcr ederim&#8221;&nbsp;<\/strong>ifadelerini kulland\u0131.<\/p>\n\n\n\n<p>Festival i\u00e7in arkada\u015flar\u0131n\u0131n \u00e7ok emek harcad\u0131\u011f\u0131n\u0131 s\u00f6yleyen Birg\u00fcl Akar,&nbsp;<strong>&#8220;\u00c7ocuklar\u0131m\u0131z\u0131 g\u00fczel tiyatrolara haz\u0131rlad\u0131lar. Memnunuz. Konserler g\u00fczel, gen\u00e7lerimiz \u00e7ok g\u00fczel \u00e7al\u0131yorlar&#8221;&nbsp;<\/strong>diye belirtirken, festivale torunuyla gelen Necmettin Toks\u00f6z ise festival,&nbsp;<strong>&#8220;\u00c7ok g\u00fczel. Torunumla beraber e\u011fleniyoruz.&nbsp;&nbsp;Di\u011fer torunum da sahneye \u00e7\u0131kt\u0131. Memnunuz, devam\u0131n\u0131 diliyoruz&#8221;&nbsp;<\/strong>c\u00fcmleleriyle de\u011ferlendirdi.<\/p>\n","protected":false},"excerpt":{"rendered":"<p>Her y\u0131l Karaduvar halk\u0131n\u0131n ve \u00e7ocuklar\u0131n\u0131n heyecanla bekledi\u011fi &#8216;Karaduvar Tar\u0131m, Bal\u0131k\u00e7\u0131l\u0131k ve \u00c7evre Festivali&#8217;nin 17.si yap\u0131ld\u0131. Mersin B\u00fcy\u00fck\u015fehir Belediyesi ve sponsorlar\u0131n destekleriyle, Karaduvar Mahallesi&#8217;nde muhtarl\u0131k alan\u0131nda d\u00fczenlenen festivalin i\u00e7eri\u011finde oyunlar, danslar ve konserler vard\u0131. Sabah\u0131n erken saatlerinde yoga ve deniz etkinli\u011fi ile ba\u015flayan festival, kortej y\u00fcr\u00fcy\u00fc\u015f\u00fc ile devam etti. Mersin B\u00fcy\u00fck\u015fehir Belediyesi Bandosu&#8217;nun keyifli m\u00fcziklerle [&hellip;]<\/p>\n","protected":false},"author":2,"featured_media":35045,"comment_status":"closed","ping_status":"closed","sticky":false,"template":"","format":"standard","meta":{"footnotes":""},"categories":[1,2,3],"tags":[],"class_list":["post-35044","post","type-post","status-publish","format-standard","has-post-thumbnail","hentry","category-genel","category-gundem","category-manset"],"views":10,"_links":{"self":[{"href":"https:\/\/mersinkadingazetesi.com\/index.php?rest_route=\/wp\/v2\/posts\/35044"}],"collection":[{"href":"https:\/\/mersinkadingazetesi.com\/index.php?rest_route=\/wp\/v2\/posts"}],"about":[{"href":"https:\/\/mersinkadingazetesi.com\/index.php?rest_route=\/wp\/v2\/types\/post"}],"author":[{"embeddable":true,"href":"https:\/\/mersinkadingazetesi.com\/index.php?rest_route=\/wp\/v2\/users\/2"}],"replies":[{"embeddable":true,"href":"https:\/\/mersinkadingazetesi.com\/index.php?rest_route=%2Fwp%2Fv2%2Fcomments&post=35044"}],"version-history":[{"count":1,"href":"https:\/\/mersinkadingazetesi.com\/index.php?rest_route=\/wp\/v2\/posts\/35044\/revisions"}],"predecessor-version":[{"id":35046,"href":"https:\/\/mersinkadingazetesi.com\/index.php?rest_route=\/wp\/v2\/posts\/35044\/revisions\/35046"}],"wp:featuredmedia":[{"embeddable":true,"href":"https:\/\/mersinkadingazetesi.com\/index.php?rest_route=\/wp\/v2\/media\/35045"}],"wp:attachment":[{"href":"https:\/\/mersinkadingazetesi.com\/index.php?rest_route=%2Fwp%2Fv2%2Fmedia&parent=35044"}],"wp:term":[{"taxonomy":"category","embeddable":true,"href":"https:\/\/mersinkadingazetesi.com\/index.php?rest_route=%2Fwp%2Fv2%2Fcategories&post=35044"},{"taxonomy":"post_tag","embeddable":true,"href":"https:\/\/mersinkadingazetesi.com\/index.php?rest_route=%2Fwp%2Fv2%2Ftags&post=35044"}],"curies":[{"name":"wp","href":"https:\/\/api.w.org\/{rel}","templated":true}]}}