{"id":35047,"date":"2024-09-09T11:20:47","date_gmt":"2024-09-09T08:20:47","guid":{"rendered":"https:\/\/mersinkadingazetesi.com\/?p=35047"},"modified":"2024-09-09T11:20:48","modified_gmt":"2024-09-09T08:20:48","slug":"kultur-ve-sanat-dolu-torende-115-kursiyer-belgelerini-aldi","status":"publish","type":"post","link":"https:\/\/mersinkadingazetesi.com\/?p=35047","title":{"rendered":"K\u00dcLT\u00dcR VE SANAT DOLU T\u00d6RENDE 115 KURS\u0130YER BELGELER\u0130N\u0130 ALDI"},"content":{"rendered":"\n<p>Tarsus Belediyesi\u2019nin k\u00fclt\u00fcr ve sanat alan\u0131ndaki \u00e7al\u0131\u015fmalar\u0131n\u0131 ta\u00e7land\u0131ran kurs programlar\u0131n\u0131 ba\u015far\u0131yla tamamlayan 115 kursiyer, kat\u0131l\u0131m belgelerini almaya hak kazand\u0131. Kursiyerler, farkl\u0131 alanlarda elde etti\u011fi sertifikalar\u0131n\u0131 alman\u0131n sevincini ya\u015fad\u0131.<\/p>\n\n\n\n<p>Tarsus Belediyesi K\u00fclt\u00fcr ve Sosyal \u0130\u015fler M\u00fcd\u00fcrl\u00fc\u011f\u00fc\u2019ne ba\u011fl\u0131 Dr. Erdin\u00e7 \u015eahin Gen\u00e7lik Merkezi\u2019nde e\u011fitim alan kursiyerler belgelerini ald\u0131. T\u00f6ren kapsam\u0131nda gitar kursu \u00f6\u011frencilerinin mini konseri, G\u00fcner Y\u00fcksek (Hala) Kad\u0131n Ya\u015fam Destek ve Dayan\u0131\u015fma Merkezi Ba\u011flama Kursu \u00f6\u011frencilerinin performans\u0131 ve halk oyunlar\u0131 ekibinin g\u00f6sterisi b\u00fcy\u00fck be\u011feni toplad\u0131.<\/p>\n\n\n\n<p><strong>\u00c7E\u015e\u0130TL\u0130 ALANLARDA SERT\u0130F\u0130KALAR DA\u011eITILDI<\/strong><\/p>\n\n\n\n<p>Kursiyerler halk oyunlar\u0131, gitar, \u0130ngilizce, resim, Frans\u0131zca, Almanca, i\u015faret dili ve satran\u00e7 kurslar\u0131 gibi farkl\u0131 alanlarda sertifikalar\u0131n\u0131 alarak ba\u015far\u0131lar\u0131n\u0131 ta\u00e7land\u0131rd\u0131lar.<\/p>\n\n\n\n<p><strong>\u201cSOSYAL VE K\u00dcLT\u00dcREL ETK\u0130NL\u0130KLER DEVAM EDECEK\u201d<\/strong><\/p>\n\n\n\n<p>Kurslar\u0131n \u00f6nemine de\u011finerek konu\u015fma yapan Tarsus Belediye Ba\u015fkan Yard\u0131mc\u0131s\u0131 Ali Uyan, \u201cElinize emeklerinize sa\u011fl\u0131k. Hem Mersin B\u00fcy\u00fck\u015fehir Belediyemizin hem Tarsus Belediyemizin sosyal ve k\u00fclt\u00fcrel etkinlikleri devam edecek.\u201d dedi.<\/p>\n","protected":false},"excerpt":{"rendered":"<p>Tarsus Belediyesi\u2019nin k\u00fclt\u00fcr ve sanat alan\u0131ndaki \u00e7al\u0131\u015fmalar\u0131n\u0131 ta\u00e7land\u0131ran kurs programlar\u0131n\u0131 ba\u015far\u0131yla tamamlayan 115 kursiyer, kat\u0131l\u0131m belgelerini almaya hak kazand\u0131. Kursiyerler, farkl\u0131 alanlarda elde etti\u011fi sertifikalar\u0131n\u0131 alman\u0131n sevincini ya\u015fad\u0131. Tarsus Belediyesi K\u00fclt\u00fcr ve Sosyal \u0130\u015fler M\u00fcd\u00fcrl\u00fc\u011f\u00fc\u2019ne ba\u011fl\u0131 Dr. Erdin\u00e7 \u015eahin Gen\u00e7lik Merkezi\u2019nde e\u011fitim alan kursiyerler belgelerini ald\u0131. T\u00f6ren kapsam\u0131nda gitar kursu \u00f6\u011frencilerinin mini konseri, G\u00fcner Y\u00fcksek [&hellip;]<\/p>\n","protected":false},"author":2,"featured_media":35048,"comment_status":"closed","ping_status":"closed","sticky":false,"template":"","format":"standard","meta":{"footnotes":""},"categories":[3],"tags":[],"class_list":["post-35047","post","type-post","status-publish","format-standard","has-post-thumbnail","hentry","category-manset"],"views":2,"_links":{"self":[{"href":"https:\/\/mersinkadingazetesi.com\/index.php?rest_route=\/wp\/v2\/posts\/35047"}],"collection":[{"href":"https:\/\/mersinkadingazetesi.com\/index.php?rest_route=\/wp\/v2\/posts"}],"about":[{"href":"https:\/\/mersinkadingazetesi.com\/index.php?rest_route=\/wp\/v2\/types\/post"}],"author":[{"embeddable":true,"href":"https:\/\/mersinkadingazetesi.com\/index.php?rest_route=\/wp\/v2\/users\/2"}],"replies":[{"embeddable":true,"href":"https:\/\/mersinkadingazetesi.com\/index.php?rest_route=%2Fwp%2Fv2%2Fcomments&post=35047"}],"version-history":[{"count":1,"href":"https:\/\/mersinkadingazetesi.com\/index.php?rest_route=\/wp\/v2\/posts\/35047\/revisions"}],"predecessor-version":[{"id":35049,"href":"https:\/\/mersinkadingazetesi.com\/index.php?rest_route=\/wp\/v2\/posts\/35047\/revisions\/35049"}],"wp:featuredmedia":[{"embeddable":true,"href":"https:\/\/mersinkadingazetesi.com\/index.php?rest_route=\/wp\/v2\/media\/35048"}],"wp:attachment":[{"href":"https:\/\/mersinkadingazetesi.com\/index.php?rest_route=%2Fwp%2Fv2%2Fmedia&parent=35047"}],"wp:term":[{"taxonomy":"category","embeddable":true,"href":"https:\/\/mersinkadingazetesi.com\/index.php?rest_route=%2Fwp%2Fv2%2Fcategories&post=35047"},{"taxonomy":"post_tag","embeddable":true,"href":"https:\/\/mersinkadingazetesi.com\/index.php?rest_route=%2Fwp%2Fv2%2Ftags&post=35047"}],"curies":[{"name":"wp","href":"https:\/\/api.w.org\/{rel}","templated":true}]}}