{"id":35050,"date":"2024-09-09T11:21:45","date_gmt":"2024-09-09T08:21:45","guid":{"rendered":"https:\/\/mersinkadingazetesi.com\/?p=35050"},"modified":"2024-09-09T11:21:46","modified_gmt":"2024-09-09T08:21:46","slug":"ulusan-il-muduru-goksun-oz-ile-birlikte-genclik-kamplarinda-misafir-edilen-gencleri-ugurladi","status":"publish","type":"post","link":"https:\/\/mersinkadingazetesi.com\/?p=35050","title":{"rendered":"\u00a0Ulusan, \u0130l M\u00fcd\u00fcr\u00fc G\u00f6ksun \u00d6z ile birlikte Gen\u00e7lik Kamplar\u0131nda misafir edilen gen\u00e7leri u\u011furlad\u0131"},"content":{"rendered":"\n<p>Gen\u00e7lik Hizmetleri Genel M\u00fcd\u00fcr Yard\u0131mc\u0131s\u0131 Tuncay Ulusan, \u0130l M\u00fcd\u00fcr\u00fc G\u00f6ksun \u00d6z ile birlikte Gen\u00e7lik Kamplar\u0131nda misafir edilen gen\u00e7leri u\u011furlad\u0131.<\/p>\n\n\n\n<p>Gen\u00e7lik ve Spor Bakanl\u0131\u011f\u0131, Gen\u00e7lik Hizmetleri Genel M\u00fcd\u00fcr Yard\u0131mc\u0131s\u0131 Tuncay Ulusan, Mersin Gen\u00e7lik ve Spor \u0130l M\u00fcd\u00fcr\u00fc G\u00f6ksun \u00d6z ile birlikte T\u00fcrkiye&#8217;nin 81 ilinden 2024 y\u0131l\u0131 Ulusal Yaz D\u00f6nemi Mavi Deniz Gen\u00e7lik Kamplar\u0131na gelen gen\u00e7leri yolcu etti.<\/p>\n\n\n\n<p>Mersin Gen\u00e7lik ve Spor \u0130l M\u00fcd\u00fcrl\u00fc\u011f\u00fcne ba\u011fl\u0131 Akkum, Y\u0131ld\u0131r\u0131m Beyaz\u0131t, Maliye, Fatih Sultan Mehmet, Mehmet Akif Ersoy ve Altu\u011f Verdi 2024 y\u0131l\u0131 Ulusal Yaz D\u00f6nemi Mavi (deniz) Gen\u00e7lik Kamplar\u0131nda kalan gen\u00e7leri \u0130l M\u00fcd\u00fcr\u00fc G\u00f6ksun \u00d6z ile birlikte evlerine u\u011furlayan Genel M\u00fcd\u00fcr Yard\u0131mc\u0131s\u0131 Tuncay Ulusan, \u201cGen\u00e7lik ve Spor Bakanl\u0131\u011f\u0131m\u0131z taraf\u0131ndan d\u00fczenlenen Gen\u00e7lik Hizmetleri Genel M\u00fcd\u00fcrl\u00fc\u011f\u00fcm\u00fczce y\u00fcr\u00fct\u00fclen Ulusal Yaz D\u00f6nemi Mavi (deniz) Gen\u00e7lik Kamplar\u0131m\u0131zda sizleri misafir ettik. Bu kamplar\u0131m\u0131zda kamp sorumlular\u0131, kamp liderleri ve g\u00f6n\u00fcll\u00fc kamp liderleri koordinasyonunda, tekne turu, sosyal ve k\u00fclt\u00fcrel gezi ve aktiviteler, tiyatro, m\u00fczik, voleybol, basketbol, badminton, futbol, oryantring, ok\u00e7uluk, mini golf, sokak oyunlar\u0131, kitap okuma, halk oyunlar\u0131, el sanatlar\u0131 ve deniz etkinli\u011fi gibi birbirinden e\u011flenceli aktivitelere kat\u0131ld\u0131n\u0131z. 81 \u0130lden gelen siz k\u0131ymetli gen\u00e7lerimiz farkl\u0131 k\u00fclt\u00fcrler ile tan\u0131\u015farak bir karde\u015flik iklimi ile g\u00f6n\u00fcl ba\u011f\u0131 kurarak, yeni arkada\u015fl\u0131klar, dostluklar ve yeni tecr\u00fcbeler edindiniz. Kamp d\u00f6nemi boyunca sizlere ev sahipli\u011fi yapan Mersin Gen\u00e7lik ve Spor \u0130l M\u00fcd\u00fcr\u00fcm\u00fcz G\u00f6ksun \u00d6z\u2019e sizlerin huzurunda T\u00fcrkiye\u2019nin en b\u00fcy\u00fck Mavi (deniz) gen\u00e7lik kamplar\u0131nda sizler gibi yakla\u015f\u0131k 60 bin gencimizi sorunsuz bir \u015fekilde misafir etti\u011fi i\u00e7in te\u015fekk\u00fcr ediyorum. Sevgili gen\u00e7ler sizlere iyi yolculuklar diliyorum. Kendinize iyi bak\u0131n ve ailelerinize bizlerden \u00e7ok selam g\u00f6t\u00fcr\u00fcn yolunuz a\u00e7\u0131k olsun.\u201d \u0130fadelerini kulland\u0131.<\/p>\n\n\n\n<ul class=\"wp-block-list\">\n<li><\/li>\n<\/ul>\n","protected":false},"excerpt":{"rendered":"<p>Gen\u00e7lik Hizmetleri Genel M\u00fcd\u00fcr Yard\u0131mc\u0131s\u0131 Tuncay Ulusan, \u0130l M\u00fcd\u00fcr\u00fc G\u00f6ksun \u00d6z ile birlikte Gen\u00e7lik Kamplar\u0131nda misafir edilen gen\u00e7leri u\u011furlad\u0131. Gen\u00e7lik ve Spor Bakanl\u0131\u011f\u0131, Gen\u00e7lik Hizmetleri Genel M\u00fcd\u00fcr Yard\u0131mc\u0131s\u0131 Tuncay Ulusan, Mersin Gen\u00e7lik ve Spor \u0130l M\u00fcd\u00fcr\u00fc G\u00f6ksun \u00d6z ile birlikte T\u00fcrkiye&#8217;nin 81 ilinden 2024 y\u0131l\u0131 Ulusal Yaz D\u00f6nemi Mavi Deniz Gen\u00e7lik Kamplar\u0131na gelen gen\u00e7leri yolcu [&hellip;]<\/p>\n","protected":false},"author":2,"featured_media":35051,"comment_status":"closed","ping_status":"closed","sticky":false,"template":"","format":"standard","meta":{"footnotes":""},"categories":[10],"tags":[],"class_list":["post-35050","post","type-post","status-publish","format-standard","has-post-thumbnail","hentry","category-spor"],"views":3,"_links":{"self":[{"href":"https:\/\/mersinkadingazetesi.com\/index.php?rest_route=\/wp\/v2\/posts\/35050"}],"collection":[{"href":"https:\/\/mersinkadingazetesi.com\/index.php?rest_route=\/wp\/v2\/posts"}],"about":[{"href":"https:\/\/mersinkadingazetesi.com\/index.php?rest_route=\/wp\/v2\/types\/post"}],"author":[{"embeddable":true,"href":"https:\/\/mersinkadingazetesi.com\/index.php?rest_route=\/wp\/v2\/users\/2"}],"replies":[{"embeddable":true,"href":"https:\/\/mersinkadingazetesi.com\/index.php?rest_route=%2Fwp%2Fv2%2Fcomments&post=35050"}],"version-history":[{"count":1,"href":"https:\/\/mersinkadingazetesi.com\/index.php?rest_route=\/wp\/v2\/posts\/35050\/revisions"}],"predecessor-version":[{"id":35052,"href":"https:\/\/mersinkadingazetesi.com\/index.php?rest_route=\/wp\/v2\/posts\/35050\/revisions\/35052"}],"wp:featuredmedia":[{"embeddable":true,"href":"https:\/\/mersinkadingazetesi.com\/index.php?rest_route=\/wp\/v2\/media\/35051"}],"wp:attachment":[{"href":"https:\/\/mersinkadingazetesi.com\/index.php?rest_route=%2Fwp%2Fv2%2Fmedia&parent=35050"}],"wp:term":[{"taxonomy":"category","embeddable":true,"href":"https:\/\/mersinkadingazetesi.com\/index.php?rest_route=%2Fwp%2Fv2%2Fcategories&post=35050"},{"taxonomy":"post_tag","embeddable":true,"href":"https:\/\/mersinkadingazetesi.com\/index.php?rest_route=%2Fwp%2Fv2%2Ftags&post=35050"}],"curies":[{"name":"wp","href":"https:\/\/api.w.org\/{rel}","templated":true}]}}