{"id":35053,"date":"2024-09-09T11:23:33","date_gmt":"2024-09-09T08:23:33","guid":{"rendered":"https:\/\/mersinkadingazetesi.com\/?p=35053"},"modified":"2024-09-09T11:23:33","modified_gmt":"2024-09-09T08:23:33","slug":"mersin-muzige-doyacak","status":"publish","type":"post","link":"https:\/\/mersinkadingazetesi.com\/?p=35053","title":{"rendered":"Mersin m\u00fczi\u011fe doyacak"},"content":{"rendered":"\n<p>Mersin&#8217;in en b\u00fcy\u00fck a\u00e7\u0131k hava m\u00fczik festivali Milyonfest Mersin&#8217;in 7&#8217;ncisi Mezitli&#8217;de ger\u00e7ekle\u015fecek.<\/p>\n\n\n\n<p>Milyon Yap\u0131m organizasyonuyla 2017 y\u0131l\u0131ndan bu yana d\u00fczenlenen Milyonfest Mersin, bu y\u0131l da T\u00fcrkiye&#8217;nin sevilen sanat\u00e7\u0131lar\u0131n\u0131 m\u00fczikseverlerle bulu\u015fturacak. Mezitli Ta\u015fk\u0131ran Sahili&#8217;ndeki Soli Arena&#8217;da 26-27-28-29 Eyl\u00fcl tarihlerinde ger\u00e7ekle\u015fecek Milyonfest Mersin&#8217;de Athena, Manga, Emre Ayd\u0131n, Seksend\u00f6rt, Fatma Turgut, Adamlar, Madrigal, Dedubl\u00fcman, Yeni T\u00fcrk\u00fc, Umut Kuzey, Manu\u015f Baba&#8217;n\u0131n da aralar\u0131nda oldu\u011fu 20 sanat\u00e7\u0131 sahne alacak.<\/p>\n\n\n\n<p>Milyonfest Mersin&#8217;in program\u0131 \u015fu \u015fekilde:<\/p>\n\n\n\n<p>26 Eyl\u00fcl Per\u015fembe:\u2028<\/p>\n\n\n\n<p>Seksend\u00f6rt, Dedubl\u00fcman, Yeni T\u00fcrk\u00fc, Ufuk Beydemir, Antrakt\u2028\u2028<\/p>\n\n\n\n<p>27 Eyl\u00fcl Cuma:<\/p>\n\n\n\n<p>Manga, Fatma Turgut, Manu\u015f Baba, Yedinci Ev, \u00dctopya Band\u2028\u2028<\/p>\n\n\n\n<p>28 Eyl\u00fcl Cumartesi:\u2028<\/p>\n\n\n\n<p>Athena, Madrigal, Umut Kuzey, Reckol, Filozof Kedi\u2028\u2028<\/p>\n\n\n\n<p>29 Eyl\u00fcl Pazar:\u2028<\/p>\n\n\n\n<p>Emre Ayd\u0131n, Adamlar, Mavi Gri, Skapova, Eskisi Gibi<\/p>\n","protected":false},"excerpt":{"rendered":"<p>Mersin&#8217;in en b\u00fcy\u00fck a\u00e7\u0131k hava m\u00fczik festivali Milyonfest Mersin&#8217;in 7&#8217;ncisi Mezitli&#8217;de ger\u00e7ekle\u015fecek. Milyon Yap\u0131m organizasyonuyla 2017 y\u0131l\u0131ndan bu yana d\u00fczenlenen Milyonfest Mersin, bu y\u0131l da T\u00fcrkiye&#8217;nin sevilen sanat\u00e7\u0131lar\u0131n\u0131 m\u00fczikseverlerle bulu\u015fturacak. Mezitli Ta\u015fk\u0131ran Sahili&#8217;ndeki Soli Arena&#8217;da 26-27-28-29 Eyl\u00fcl tarihlerinde ger\u00e7ekle\u015fecek Milyonfest Mersin&#8217;de Athena, Manga, Emre Ayd\u0131n, Seksend\u00f6rt, Fatma Turgut, Adamlar, Madrigal, Dedubl\u00fcman, Yeni T\u00fcrk\u00fc, Umut Kuzey, [&hellip;]<\/p>\n","protected":false},"author":2,"featured_media":35054,"comment_status":"closed","ping_status":"closed","sticky":false,"template":"","format":"standard","meta":{"footnotes":""},"categories":[3],"tags":[],"class_list":["post-35053","post","type-post","status-publish","format-standard","has-post-thumbnail","hentry","category-manset"],"views":4,"_links":{"self":[{"href":"https:\/\/mersinkadingazetesi.com\/index.php?rest_route=\/wp\/v2\/posts\/35053"}],"collection":[{"href":"https:\/\/mersinkadingazetesi.com\/index.php?rest_route=\/wp\/v2\/posts"}],"about":[{"href":"https:\/\/mersinkadingazetesi.com\/index.php?rest_route=\/wp\/v2\/types\/post"}],"author":[{"embeddable":true,"href":"https:\/\/mersinkadingazetesi.com\/index.php?rest_route=\/wp\/v2\/users\/2"}],"replies":[{"embeddable":true,"href":"https:\/\/mersinkadingazetesi.com\/index.php?rest_route=%2Fwp%2Fv2%2Fcomments&post=35053"}],"version-history":[{"count":1,"href":"https:\/\/mersinkadingazetesi.com\/index.php?rest_route=\/wp\/v2\/posts\/35053\/revisions"}],"predecessor-version":[{"id":35055,"href":"https:\/\/mersinkadingazetesi.com\/index.php?rest_route=\/wp\/v2\/posts\/35053\/revisions\/35055"}],"wp:featuredmedia":[{"embeddable":true,"href":"https:\/\/mersinkadingazetesi.com\/index.php?rest_route=\/wp\/v2\/media\/35054"}],"wp:attachment":[{"href":"https:\/\/mersinkadingazetesi.com\/index.php?rest_route=%2Fwp%2Fv2%2Fmedia&parent=35053"}],"wp:term":[{"taxonomy":"category","embeddable":true,"href":"https:\/\/mersinkadingazetesi.com\/index.php?rest_route=%2Fwp%2Fv2%2Fcategories&post=35053"},{"taxonomy":"post_tag","embeddable":true,"href":"https:\/\/mersinkadingazetesi.com\/index.php?rest_route=%2Fwp%2Fv2%2Ftags&post=35053"}],"curies":[{"name":"wp","href":"https:\/\/api.w.org\/{rel}","templated":true}]}}