{"id":35071,"date":"2024-09-09T11:56:57","date_gmt":"2024-09-09T08:56:57","guid":{"rendered":"https:\/\/mersinkadingazetesi.com\/?p=35071"},"modified":"2024-09-09T11:56:58","modified_gmt":"2024-09-09T08:56:58","slug":"enerji-bakani-alparslan-bayraktar-akkuyu-ngs-sahasina-calisma-ziyaretinde-bulundu","status":"publish","type":"post","link":"https:\/\/mersinkadingazetesi.com\/?p=35071","title":{"rendered":"Enerji Bakan\u0131 Alparslan Bayraktar, Akkuyu NGS sahas\u0131na \u00e7al\u0131\u015fma ziyaretinde bulundu"},"content":{"rendered":"\n<p><em>T<\/em><em>\u00fc<\/em><em>rkiye<\/em><em>\u2019<\/em><em>nin<\/em><em> <\/em><em>ilk<\/em><em> <\/em><em>n<\/em><em>\u00fc<\/em><em>kleer g<\/em><em>\u00fc\u00e7 <\/em><em>santrali<\/em><em> <\/em><em>projesi<\/em><em>, \u00fc<\/em><em>lkenin<\/em><em> <\/em><em>enerji<\/em><em> <\/em><em>sekt<\/em><em>\u00f6<\/em><em>r<\/em><em>\u00fc <\/em><em>liderlerinin<\/em><em> <\/em><em>deste<\/em><em>\u011f<\/em><em>i<\/em><em> <\/em><em>ve<\/em><em> <\/em><em>s<\/em><em>\u00fc<\/em><em>rekli<\/em><em> <\/em><em>denetimiyle<\/em><em> <\/em><em>hayata<\/em><em> <\/em><em>ge<\/em><em>\u00e7<\/em><em>iriliyor<\/em><em><\/em><\/p>\n\n\n\n<p><strong>09 Eyl\u00fcl 2024, B\u00fcy\u00fckeceli, Mersin, T\u00fcrkiye. \u2013<\/strong> Enerji ve Tabii Kaynaklar Bakan\u0131 Alparslan Bayraktar ba\u015fkanl\u0131\u011f\u0131ndaki heyet Akkuyu N\u00fckleer G\u00fc\u00e7 Santrali (NGS) in\u015faat sahas\u0131n\u0131 ziyaret etti. Heyette Enerji ve Tabii Kaynaklar Bakanl\u0131\u011f\u0131 Bakan Yard\u0131mc\u0131s\u0131 Zafer Demircan, T\u00fcrkiye N\u00fckleer D\u00fczenleme Kurumu \u0130kinci Ba\u015fkan\u0131 \u0130smail Hakk\u0131 Ar\u0131kan, Enerji ve Tabii Kaynaklar Bakanl\u0131\u011f\u0131 N\u00fckleer Enerji ve Uluslararas\u0131 Projeler Genel M\u00fcd\u00fcr\u00fc Yusuf Ceylan ve di\u011fer n\u00fckleer enerji kurumlar\u0131n\u0131n ba\u015fkanlar\u0131 yer ald\u0131.<\/p>\n\n\n\n<p>Sahada heyeti kar\u015f\u0131layan AKKUYU N\u00dcKLEER A.\u015e. Y\u00f6netim Kurulu Ba\u015fkan\u0131 Anton Dedusenko ve AKKUYU N\u00dcKLEER A.\u015e Genel M\u00fcd\u00fcr\u00fc Sergei Butckikh yetkililere 1\u2019inci \u00dcnite\u2019deki devreye alma \u00e7al\u0131\u015fmalar\u0131n\u0131n gidi\u015fat\u0131 ve Akkuyu NGS\u2019nin di\u011fer tesislerindeki in\u015faat ve montaj \u00e7al\u0131\u015fmalar\u0131 hakk\u0131nda ayr\u0131nt\u0131l\u0131 bilgi verdi. Ziyaret kapsam\u0131nda Bakan Bayraktar ve proje kat\u0131l\u0131mc\u0131lar\u0131, devreye al\u0131nacak g\u00fc\u00e7 \u00fcnitelerinin in\u015fas\u0131 ve i\u015fletilmesiyle ilgili temel konular\u0131n ele al\u0131nd\u0131\u011f\u0131 bir toplant\u0131 da ger\u00e7ekle\u015ftirdi.<\/p>\n\n\n\n<p>Heyet, toplant\u0131n\u0131n ard\u0131ndan devreye alma \u00f6ncesi ba\u015flatma ve ayarlama \u00e7al\u0131\u015fmalar\u0131n\u0131n devam etti\u011fi 1\u2019inci \u00dcnite\u2019deki reakt\u00f6r b\u00f6l\u00fcm\u00fcn\u00fc ziyaret etti. Bakan Bayraktar in\u015fa halindeki g\u00fc\u00e7 \u00fcnitelerinin panoramik manzaras\u0131n\u0131 g\u00f6rme imkan\u0131 sunan Seyir Tepesi\u2019ne de \u00e7\u0131kt\u0131.<\/p>\n\n\n\n<p>Enerji ve Tabii Kaynaklar Bakan\u0131 Alparslan Bayraktar ziyaretle ilgili \u015funlar\u0131 s\u00f6yledi: \u201cT\u00fcrkiye\u2019de yeni nesil enerjinin ba\u015flang\u0131c\u0131 olacak Akkuyu N\u00fckleer G\u00fc\u00e7 Santrali Projesi hakk\u0131nda gerekli t\u00fcm bilgileri ald\u0131k. D\u00fcnyan\u0131n en b\u00fcy\u00fck n\u00fckleer \u015fantiyesi olan bu \u015fantiyede \u015fu anda 34 binden fazla ki\u015fi \u00e7al\u0131\u015f\u0131yor ve \u00e7al\u0131\u015fmalar \u00e7ok yo\u011fun. \u00dcnite 1&#8217;de tam \u00f6l\u00e7ekli ba\u015flatma ve ayarlama \u00e7al\u0131\u015fmalar\u0131 devam ediyor. \u0130lk \u00fcnitenin devreye al\u0131nmas\u0131n\u0131n ard\u0131ndan birer y\u0131l arayla devreye al\u0131nmas\u0131 planlanan 2, 3 ve 4. \u00dcnitelerde ise \u00e7al\u0131\u015fmalar planland\u0131\u011f\u0131 \u015fekilde ilerliyor.\u201d dedi.<\/p>\n\n\n\n<p>Ziyaretin ard\u0131ndan AKKUYU N\u00dcKLEER A.\u015e. Y\u00f6netim Kurulu Ba\u015fkan\u0131 Anton Dedusenko da, \u201cAkkuyu NGS Projesi, Rusya ve T\u00fcrkiye aras\u0131nda n\u00fckleer enerji teknolojileri alan\u0131nda uzun y\u0131llara dayanan yak\u0131n bir ortakl\u0131kt\u0131r. \u00c7\u00fcnk\u00fc modern bir NGS\u2019nin hizmet \u00f6mr\u00fc y\u00fcz y\u0131ldan fazlad\u0131r. Projenin t\u00fcm a\u015famalar\u0131nda T\u00fcrk uzmanlar, benzersiz Rus teknolojilerinin uygulanmas\u0131nda deneyim kazan\u0131rken Rus meslekta\u015flar\u0131yla tek bir ekip ruhuyla \u00e7al\u0131\u015f\u0131yor ve \u00e7al\u0131\u015fmaya devam edecek. \u015eu anda ilk \u00fcnitenin faaliyete ge\u00e7mesi i\u00e7in haz\u0131rl\u0131klar\u0131n son a\u015famas\u0131nday\u0131z ve bu a\u015fama, bizim i\u00e7in temel \u00f6ncelik n\u00fckleer santralin g\u00fcvenli\u011fi oldu\u011fundan, ilgili t\u00fcm taraflar\u0131n azami kat\u0131l\u0131m\u0131n\u0131 gerektiriyor\u201d diye konu\u015ftu.<\/p>\n","protected":false},"excerpt":{"rendered":"<p>T\u00fcrkiye\u2019nin ilk n\u00fckleer g\u00fc\u00e7 santrali projesi, \u00fclkenin enerji sekt\u00f6r\u00fc liderlerinin deste\u011fi ve s\u00fcrekli denetimiyle hayata ge\u00e7iriliyor 09 Eyl\u00fcl 2024, B\u00fcy\u00fckeceli, Mersin, T\u00fcrkiye. \u2013 Enerji ve Tabii Kaynaklar Bakan\u0131 Alparslan Bayraktar ba\u015fkanl\u0131\u011f\u0131ndaki heyet Akkuyu N\u00fckleer G\u00fc\u00e7 Santrali (NGS) in\u015faat sahas\u0131n\u0131 ziyaret etti. Heyette Enerji ve Tabii Kaynaklar Bakanl\u0131\u011f\u0131 Bakan Yard\u0131mc\u0131s\u0131 Zafer Demircan, T\u00fcrkiye N\u00fckleer D\u00fczenleme Kurumu [&hellip;]<\/p>\n","protected":false},"author":2,"featured_media":35072,"comment_status":"closed","ping_status":"closed","sticky":false,"template":"","format":"standard","meta":{"footnotes":""},"categories":[2,3,11],"tags":[],"class_list":["post-35071","post","type-post","status-publish","format-standard","has-post-thumbnail","hentry","category-gundem","category-manset","category-teknoloji"],"views":3,"_links":{"self":[{"href":"https:\/\/mersinkadingazetesi.com\/index.php?rest_route=\/wp\/v2\/posts\/35071"}],"collection":[{"href":"https:\/\/mersinkadingazetesi.com\/index.php?rest_route=\/wp\/v2\/posts"}],"about":[{"href":"https:\/\/mersinkadingazetesi.com\/index.php?rest_route=\/wp\/v2\/types\/post"}],"author":[{"embeddable":true,"href":"https:\/\/mersinkadingazetesi.com\/index.php?rest_route=\/wp\/v2\/users\/2"}],"replies":[{"embeddable":true,"href":"https:\/\/mersinkadingazetesi.com\/index.php?rest_route=%2Fwp%2Fv2%2Fcomments&post=35071"}],"version-history":[{"count":1,"href":"https:\/\/mersinkadingazetesi.com\/index.php?rest_route=\/wp\/v2\/posts\/35071\/revisions"}],"predecessor-version":[{"id":35073,"href":"https:\/\/mersinkadingazetesi.com\/index.php?rest_route=\/wp\/v2\/posts\/35071\/revisions\/35073"}],"wp:featuredmedia":[{"embeddable":true,"href":"https:\/\/mersinkadingazetesi.com\/index.php?rest_route=\/wp\/v2\/media\/35072"}],"wp:attachment":[{"href":"https:\/\/mersinkadingazetesi.com\/index.php?rest_route=%2Fwp%2Fv2%2Fmedia&parent=35071"}],"wp:term":[{"taxonomy":"category","embeddable":true,"href":"https:\/\/mersinkadingazetesi.com\/index.php?rest_route=%2Fwp%2Fv2%2Fcategories&post=35071"},{"taxonomy":"post_tag","embeddable":true,"href":"https:\/\/mersinkadingazetesi.com\/index.php?rest_route=%2Fwp%2Fv2%2Ftags&post=35071"}],"curies":[{"name":"wp","href":"https:\/\/api.w.org\/{rel}","templated":true}]}}