{"id":35074,"date":"2024-09-09T12:58:39","date_gmt":"2024-09-09T09:58:39","guid":{"rendered":"https:\/\/mersinkadingazetesi.com\/?p=35074"},"modified":"2024-09-09T12:58:39","modified_gmt":"2024-09-09T09:58:39","slug":"baskan-yildiz-yeni-egitim-ogretim-yilinda-ogrencilere-basarilar-diledi","status":"publish","type":"post","link":"https:\/\/mersinkadingazetesi.com\/?p=35074","title":{"rendered":"BA\u015eKAN YILDIZ, YEN\u0130 E\u011e\u0130T\u0130M \u00d6\u011eRET\u0130M YILINDA \u00d6\u011eRENC\u0130LERE BA\u015eARILAR D\u0130LED\u0130"},"content":{"rendered":"\n<p>9 Eyl\u00fcl 2024 tarihinde ba\u015flayan yeni e\u011fitim \u00f6\u011fretim y\u0131l\u0131, Toroslar&#8217;da b\u00fcy\u00fck bir co\u015fku ve heyecanla kar\u015f\u0131land\u0131. Okullar\u0131n a\u00e7\u0131lmas\u0131yla birlikte ders zilleri \u00e7ald\u0131 ve \u00f6\u011frenciler, uzun bir yaz tatilinin ard\u0131ndan s\u0131ralar\u0131na geri d\u00f6nd\u00fc.<\/p>\n\n\n\n<p>Toroslar Belediye Ba\u015fkan\u0131 Abdurrahman Y\u0131ld\u0131z, yeni e\u011fitim \u00f6\u011fretim y\u0131l\u0131nda \u00f6\u011frencilere ba\u015far\u0131lar diledi. Ba\u015fkan Y\u0131ld\u0131z, &#8220;Yeni e\u011fitim-\u00f6\u011fretim y\u0131l\u0131n\u0131n t\u00fcm \u00f6\u011frencilerimiz, \u00f6\u011fretmenlerimiz ve velilerimiz i\u00e7in sa\u011fl\u0131kl\u0131, verimli ve ba\u015far\u0131larla dolu ge\u00e7mesini temenni ediyorum&#8221; dedi.<\/p>\n\n\n\n<p><strong>&#8220;DAHA FAZLA \u00c7ALI\u015eMA DAHA FAZLA EMEK&#8221;<\/strong><\/p>\n\n\n\n<p>\u00d6\u011frencilere hitaben konu\u015fan Ba\u015fkan Y\u0131ld\u0131z, &#8220;Toroslar&#8217;da bir\u00e7ok alanda oldu\u011fu \u00fczere e\u011fitim alan\u0131nda da yayg\u0131n sorunlar\u0131m\u0131z var. Maalesef, okula eri\u015fim oran\u0131nda bile di\u011fer il\u00e7elerimizle k\u0131yaslad\u0131\u011f\u0131m\u0131zda Toroslar il\u00e7esinde ya\u015fayan \u00e7ocuklar\u0131m\u0131z\u0131n okula eri\u015fimlerinde ciddi sorunlar var. Ama hi\u00e7biriniz moralinizi bozmay\u0131n. Her biriniz hangi okulda okuyorsan\u0131z, neyin e\u011fitimini al\u0131yorsan\u0131z, daha fazla \u00e7al\u0131\u015f\u0131n ve hayata tutunmak i\u00e7in, kendiniz i\u00e7in, \u00fclkemizin ve ailenizin gelece\u011fi i\u00e7in daha fazla \u00e7al\u0131\u015f\u0131n, daha fazla emek harcay\u0131n, daha fazla al\u0131n teri d\u00f6k\u00fcn&#8221; ifadelerini kulland\u0131.<\/p>\n\n\n\n<p><strong>&#8220;B\u00dcT\u00dcN \u00d6\u011eRENC\u0130LERE BA\u015eARILAR D\u0130L\u0130YORUM&#8221;<\/strong><\/p>\n\n\n\n<p>Nitelikli ve \u00f6zg\u00fcr e\u011fitimin \u00f6nemine de\u011finen Ba\u015fkan Y\u0131ld\u0131z, &#8220;Okulunuzu ve ya\u015fam\u0131n\u0131z\u0131 sevin. Kendinize dair umutlar besleyin. Emin olun, bug\u00fcn i\u00e7inden ge\u00e7ti\u011fimiz dar bo\u011faz ve ya\u015fad\u0131\u011f\u0131m\u0131z s\u0131k\u0131nt\u0131lar ilelebet devam etmeyecek. \u00c7ok yak\u0131n bir zaman i\u00e7erisinde b\u00fct\u00fcn bu sorunlar\u0131 hep beraber a\u015faca\u011f\u0131z. Onun i\u00e7in derslerinize daha \u00e7ok \u00e7al\u0131\u015fman\u0131z gerekti\u011fini biliyorsunuzdur. Bu \u00e7er\u00e7evede, b\u00fct\u00fcn \u00f6\u011frencilerin 2024-2025 e\u011fitim \u00f6\u011fretim y\u0131l\u0131n\u0131 kutluyor ve \u00fcst\u00fcn ba\u015far\u0131lar diliyorum&#8221; diye konu\u015ftu.<\/p>\n","protected":false},"excerpt":{"rendered":"<p>9 Eyl\u00fcl 2024 tarihinde ba\u015flayan yeni e\u011fitim \u00f6\u011fretim y\u0131l\u0131, Toroslar&#8217;da b\u00fcy\u00fck bir co\u015fku ve heyecanla kar\u015f\u0131land\u0131. Okullar\u0131n a\u00e7\u0131lmas\u0131yla birlikte ders zilleri \u00e7ald\u0131 ve \u00f6\u011frenciler, uzun bir yaz tatilinin ard\u0131ndan s\u0131ralar\u0131na geri d\u00f6nd\u00fc. Toroslar Belediye Ba\u015fkan\u0131 Abdurrahman Y\u0131ld\u0131z, yeni e\u011fitim \u00f6\u011fretim y\u0131l\u0131nda \u00f6\u011frencilere ba\u015far\u0131lar diledi. Ba\u015fkan Y\u0131ld\u0131z, &#8220;Yeni e\u011fitim-\u00f6\u011fretim y\u0131l\u0131n\u0131n t\u00fcm \u00f6\u011frencilerimiz, \u00f6\u011fretmenlerimiz ve velilerimiz i\u00e7in [&hellip;]<\/p>\n","protected":false},"author":2,"featured_media":35075,"comment_status":"closed","ping_status":"closed","sticky":false,"template":"","format":"standard","meta":{"footnotes":""},"categories":[3],"tags":[],"class_list":["post-35074","post","type-post","status-publish","format-standard","has-post-thumbnail","hentry","category-manset"],"views":4,"_links":{"self":[{"href":"https:\/\/mersinkadingazetesi.com\/index.php?rest_route=\/wp\/v2\/posts\/35074"}],"collection":[{"href":"https:\/\/mersinkadingazetesi.com\/index.php?rest_route=\/wp\/v2\/posts"}],"about":[{"href":"https:\/\/mersinkadingazetesi.com\/index.php?rest_route=\/wp\/v2\/types\/post"}],"author":[{"embeddable":true,"href":"https:\/\/mersinkadingazetesi.com\/index.php?rest_route=\/wp\/v2\/users\/2"}],"replies":[{"embeddable":true,"href":"https:\/\/mersinkadingazetesi.com\/index.php?rest_route=%2Fwp%2Fv2%2Fcomments&post=35074"}],"version-history":[{"count":1,"href":"https:\/\/mersinkadingazetesi.com\/index.php?rest_route=\/wp\/v2\/posts\/35074\/revisions"}],"predecessor-version":[{"id":35076,"href":"https:\/\/mersinkadingazetesi.com\/index.php?rest_route=\/wp\/v2\/posts\/35074\/revisions\/35076"}],"wp:featuredmedia":[{"embeddable":true,"href":"https:\/\/mersinkadingazetesi.com\/index.php?rest_route=\/wp\/v2\/media\/35075"}],"wp:attachment":[{"href":"https:\/\/mersinkadingazetesi.com\/index.php?rest_route=%2Fwp%2Fv2%2Fmedia&parent=35074"}],"wp:term":[{"taxonomy":"category","embeddable":true,"href":"https:\/\/mersinkadingazetesi.com\/index.php?rest_route=%2Fwp%2Fv2%2Fcategories&post=35074"},{"taxonomy":"post_tag","embeddable":true,"href":"https:\/\/mersinkadingazetesi.com\/index.php?rest_route=%2Fwp%2Fv2%2Ftags&post=35074"}],"curies":[{"name":"wp","href":"https:\/\/api.w.org\/{rel}","templated":true}]}}