{"id":35080,"date":"2024-09-09T17:13:34","date_gmt":"2024-09-09T14:13:34","guid":{"rendered":"https:\/\/mersinkadingazetesi.com\/?p=35080"},"modified":"2024-09-09T17:13:35","modified_gmt":"2024-09-09T14:13:35","slug":"avukat-sariyildiz-narin-cinayetinde-surecin-takipcisi-olacagiz","status":"publish","type":"post","link":"https:\/\/mersinkadingazetesi.com\/?p=35080","title":{"rendered":"AVUKAT SARIYILDIZ; \u201cNAR\u0130N C\u0130NAYET\u0130NDE S\u00dcREC\u0130N TAK\u0130P\u00c7\u0130S\u0130 OLACA\u011eIZ!\u201d"},"content":{"rendered":"\n<p><em>Akdeniz Belediyesi E\u015f Ba\u015fkan\u0131 Av. Sar\u0131y\u0131ld\u0131z, Diyarbak\u0131r\u2019da; 21 A\u011fustos\u2019ta kaybolan ve g\u00fcnler sonra cesedi bulunan 8 ya\u015f\u0131ndaki Narin G\u00fcran\u2019\u0131n katledilmesinden duydu\u011fu \u00fcz\u00fcnt\u00fcy\u00fc dile getirdi. Hukuk\u00e7u kimli\u011fiyle ge\u00e7mi\u015f y\u0131llarda ya\u015fanan \u00e7ocuk cinayetlerini de hat\u0131rlatan Avukat Sar\u0131y\u0131ld\u0131z, son olayla ilgili soru\u015fturma ve inceleme s\u00fcrecinde ya\u015fanan eksikliklere dikkat \u00e7ekti. S\u00fcrecin takip\u00e7isi olacaklar\u0131n\u0131n vurgulayan E\u015f Ba\u015fkan Sar\u0131y\u0131ld\u0131z, sorumlular\u0131n en a\u011f\u0131r \u015fekilde cezaland\u0131r\u0131lmalar\u0131 gerekti\u011finin alt\u0131n\u0131 \u00e7izdi.<\/em><\/p>\n\n\n\n<p>\u201cKonuya hassasiyetle yakla\u015f\u0131lmal\u0131, ge\u00e7mi\u015f y\u0131llardaki eksikler ya\u015fanmamal\u0131\u201d<\/p>\n\n\n\n<p>Mersin B\u00fcy\u00fck\u015fehir Belediyesi Eyl\u00fcl ay\u0131 Meclis toplant\u0131s\u0131nda s\u00f6z alan Ho\u015fyar Sar\u0131y\u0131ld\u0131z; \u201cNarin k\u0131z\u0131m\u0131z\u0131n katledildi\u011fi bu olayda ya\u015fananlar, etkin bir soru\u015fturma y\u00fcr\u00fct\u00fclerek, ilgili \u015fah\u0131slar\u0131n en a\u011f\u0131r cezaland\u0131r\u0131lmas\u0131n\u0131 gerektiren \u00e7ok vahim bir olayd\u0131r. Bizler, bunun takip\u00e7isi olaca\u011f\u0131z. Demokratik kamuoyu, insan haklar\u0131 aktivistleri bu konunun takip\u00e7isi olacaklar. \u015eunu belirtmek laz\u0131m ki; bu konuya hassasiyetle yakla\u015f\u0131lmas\u0131, \u00f6nceki d\u00f6nemlerden kalan baz\u0131 eksiklerin ya\u015fanmamas\u0131na dikkat edilmelidir\u201d diye konu\u015ftu.<\/p>\n\n\n\n<p>\u201cGe\u00e7mi\u015f y\u0131llarda ya\u015fanan \u00e7ocuk cinayetlerinde etkin soru\u015fturmalar yap\u0131lamad\u0131\u201d<\/p>\n\n\n\n<p>S\u00f6zlerini; \u201cNe yaz\u0131k ki Narin k\u0131z\u0131m\u0131z, \u00e7ocuk cinayetlerine d\u00f6n\u00fck ya\u015fad\u0131\u011f\u0131m\u0131z ilk olay de\u011fil\u201d \u015feklinde s\u00fcrd\u00fcren Sar\u0131y\u0131ld\u0131z; \u201cDaha \u00f6nce de Ceylan \u00d6nkol, Nihat Kazanhan gibi \u00e7ocuk cinayetlerini de maalesef g\u00f6rd\u00fck. Fakat bu cinayetlerin etkin bir \u015fekilde ne yaz\u0131k ki soru\u015fturmalar\u0131n\u0131n yap\u0131lamad\u0131\u011f\u0131na da \u015fahitlik ettik. Bizler, yine Mersin\u2019de katledilen \u00d6zgecan Aslan\u2019\u0131n da hem\u015ferileriyiz.<\/p>\n\n\n\n<p>Toplumsal anlamda idareciler ve ilgili mercilerin bu tarz elim olaylar\u0131n ya\u015fanmadan \u00f6nce fark\u0131ndal\u0131k yaratmas\u0131, toplumsal cinsiyet e\u015fitsizli\u011fi ve \u00e7ocuklara g\u00fcvenli bir gelecek haz\u0131rlanmas\u0131yla ilgili ba\u015fta e\u011fitim olmak \u00fczere, \u00e7e\u015fitli destek hizmetleri sunmas\u0131 \u00f6nemli. Bizler, bir kez daha Narin karde\u015fimiz \u015fahs\u0131nda ya\u015fam\u0131n\u0131 yitiren \u00e7ocuklar\u0131m\u0131za Allah\u2019tan rahmet, sevenlerine ba\u015fsa\u011fl\u0131\u011f\u0131 diliyoruz. Bu t\u00fcr olaylar\u0131n ya\u015fanmamas\u0131na dikkat etmemiz gerekti\u011fini belirtiyoruz\u201d ifadelerini kulland\u0131.<\/p>\n\n\n\n<p>\u201cSulama kanallar\u0131 \u00e7ocuklar i\u00e7in b\u00fcy\u00fck tehlike yarat\u0131yor\u201d<\/p>\n\n\n\n<p>E\u015f Ba\u015fkan Sar\u0131y\u0131ld\u0131z, kentte bulunan sulama kanallar\u0131nda ya\u015fanan bo\u011fulma vakalar\u0131na da dikkat \u00e7ekti\u011fi konu\u015fmas\u0131nda; \u201cGerek B\u00fcy\u00fck\u015fehir\u2019e, gerek il\u00e7e belediyesi olarak bizlere ve gerekse de as\u0131l yetkili ve sorumlu olan Devlet Su \u0130\u015fleri\u2019ne ve Valili\u011fe \u00e7a\u011fr\u0131da bulunmak istiyorum. Gelin, hep birlikte kentimizdeki a\u00e7\u0131k ve tehlike arz eden su kanallar\u0131 ile ilgili ortak bir \u00e7al\u0131\u015fma y\u00fcr\u00fctelim. Bu konuda daha \u00f6nce DS\u0130 nezdinde Valili\u011fe de ba\u015fvuruda bulunmu\u015ftuk fakat herhangi bir d\u00f6n\u00fc\u015f alamad\u0131k\u201d dedi.<\/p>\n\n\n\n<p>\u201cDezavantajl\u0131 ailelerimize k\u0131rtasiye deste\u011fi sunuyoruz\u201d<\/p>\n\n\n\n<p>Konu\u015fmas\u0131nda, Yeni E\u011fitim-\u00d6\u011fretim D\u00f6nemi\u2019ni de kutlayan Sar\u0131y\u0131ld\u0131z, \u00f6zellikle dezavantajl\u0131 durumdaki aileler ve \u00e7ocuklar\u0131n\u0131n yan\u0131nda olduklar\u0131n\u0131 belirterek, \u201cSosyal belediyecilik anlay\u0131\u015f\u0131yla k\u0131rtasiye deste\u011fi sunduk. Fakat g\u00f6rd\u00fck ki inan\u0131lmaz bir talep ve ihtiya\u00e7 s\u00f6z konusu. Kapsam\u0131 tabi ki artt\u0131rd\u0131k, halk\u0131m\u0131za destek olduk, olaca\u011f\u0131z. Bu deste\u011fin t\u00fcm belediyelerimiz taraf\u0131ndan yap\u0131lmas\u0131 gereken sosyal belediyecilik hizmeti oldu\u011funu, ba\u015fta B\u00fcy\u00fck\u015fehir Belediyemizin yapt\u0131\u011f\u0131 \u00e7al\u0131\u015fma ile birlikte, bir b\u00fct\u00fcn halinde, Mersin\u2019in t\u00fcm T\u00fcrkiye\u2019ye \u00f6rnek bir kent olmas\u0131 i\u00e7in \u00f6neride bulunuyoruz\u201d diye konu\u015ftu. E\u015f Ba\u015fkan Sar\u0131y\u0131ld\u0131z; \u00fcniversitelerin 2 ve 4 y\u0131ll\u0131k b\u00f6l\u00fcmlerin kazanan gen\u00e7lere de nakdi destek sa\u011flayacaklar\u0131n\u0131 da ifade ederek, \u201cBu konuda da belediye meclisimizden ortak bir karar ald\u0131k. \u00d6n\u00fcm\u00fczdeki s\u00fcre\u00e7te \u00fcniversite \u00f6\u011frencisi karde\u015flerimize deste\u011fimizi sunaca\u011f\u0131z\u201d dedi.<\/p>\n\n\n\n<p>Valilik ve Kaymakaml\u0131\u011fa \u00e7a\u011fr\u0131\u2026<\/p>\n\n\n\n<p>Mersin Valili\u011fi ile Akdeniz Kaymakaml\u0131\u011f\u0131\u2019n\u0131n, Milli E\u011fitim M\u00fcd\u00fcrl\u00fc\u011f\u00fc \u00fczerinden okul idarecilerine \u2018belediyelerden yard\u0131m almay\u0131n\u2019 talimat\u0131 verdi\u011fini s\u00f6yleyen E\u015f Ba\u015fkan Sar\u0131y\u0131ld\u0131z; \u015f\u00f6yle konu\u015ftu; \u201cHangi siyasi partiden olursa olsun, hangi kentten burada ya\u015f\u0131yor olursa olsun hepimiz Mersinliyiz ve t\u00fcm \u00f6\u011frencilerimizin sorunlar\u0131 hepimizin g\u00fcndeminde. Okullar\u0131m\u0131z\u0131n ya\u015fad\u0131\u011f\u0131 teknik s\u0131k\u0131nt\u0131lar hepimizin malumu. Baz\u0131 okullar\u0131n in\u015faatlar\u0131 s\u0131k\u0131nt\u0131l\u0131, baz\u0131 okullar\u0131m\u0131z\u0131n boyas\u0131 s\u0131k\u0131nt\u0131l\u0131, s\u0131n\u0131flar\u0131n teknik deste\u011fe ihtiyac\u0131 var. K\u00fct\u00fcphane ve kitap yard\u0131mlar\u0131yla gen\u00e7 karde\u015flerimizin yan\u0131nda olmam\u0131z gerekirken, siyasi bir tav\u0131r oldu\u011funu d\u00fc\u015f\u00fcnd\u00fc\u011f\u00fcm\u00fcz \u2018belediyelerden destek almay\u0131n\u2019 talimat\u0131n\u0131 do\u011fru bulmad\u0131\u011f\u0131m\u0131z\u0131 belirtmek istiyorum. Meclis vesilesiyle, Valili\u011fin ve \u0130l\u00e7e kaymakaml\u0131\u011f\u0131n\u0131n bu tutumundan vazge\u00e7mesini, ortak \u00e7al\u0131\u015fmaya haz\u0131r oldu\u011fumuzu kaydetmek istiyorum.\u201d<\/p>\n\n\n\n<p>Akdeniz Bar\u0131\u015f ve K\u00fclt\u00fcr Festivali\u2019ne davet\u2026<\/p>\n\n\n\n<p>E\u015f Ba\u015fkan Sar\u0131y\u0131ld\u0131z; Akdeniz\u2019in farkl\u0131 dil, din, k\u00fclt\u00fcr ve inan\u00e7 kesiminden insan\u0131n bar\u0131\u015f ve karde\u015flik duygular\u0131 i\u00e7inde ya\u015fad\u0131\u011f\u0131 \u00f6zel bir stat\u00fcye sahip oldu\u011funu da s\u00f6zlerine ekledi, yak\u0131n zamanda Esenli \u00dcz\u00fcm \u015eenli\u011fi, ard\u0131ndan Ba\u011flarba\u015f\u0131 \u0130ncir Festivali\u2019ni d\u00fczenlediklerini hat\u0131rlatt\u0131. Sar\u0131y\u0131ld\u0131z; \u201cEyl\u00fcl ay\u0131n\u0131n 21 ve 22\u2019sinde de Akdeniz Bar\u0131\u015f ve K\u00fclt\u00fcr Festivalimizi de d\u00fczenleyece\u011fiz. Buradan t\u00fcm Meclis \u00fcyelerimizi, Mersin B\u00fcy\u00fck\u015fehir Belediye Ba\u015fkan\u0131m\u0131z\u0131 ve Mersinli b\u00fct\u00fcn hem\u015ferilerimizi festivale davet ediyoruz. Yak\u0131n zamanda yine Karaduvar\u2019da bal\u0131k festivalimiz olacak. \u00d6n\u00fcm\u00fczdeki d\u00f6nem Dikilita\u015f\u2019ta G\u00fcl Festivalimiz, Adanal\u0131o\u011flu-Homurlu taraflar\u0131nda da biber festivalimiz olacak\u201d dedi.<\/p>\n","protected":false},"excerpt":{"rendered":"<p>Akdeniz Belediyesi E\u015f Ba\u015fkan\u0131 Av. Sar\u0131y\u0131ld\u0131z, Diyarbak\u0131r\u2019da; 21 A\u011fustos\u2019ta kaybolan ve g\u00fcnler sonra cesedi bulunan 8 ya\u015f\u0131ndaki Narin G\u00fcran\u2019\u0131n katledilmesinden duydu\u011fu \u00fcz\u00fcnt\u00fcy\u00fc dile getirdi. Hukuk\u00e7u kimli\u011fiyle ge\u00e7mi\u015f y\u0131llarda ya\u015fanan \u00e7ocuk cinayetlerini de hat\u0131rlatan Avukat Sar\u0131y\u0131ld\u0131z, son olayla ilgili soru\u015fturma ve inceleme s\u00fcrecinde ya\u015fanan eksikliklere dikkat \u00e7ekti. S\u00fcrecin takip\u00e7isi olacaklar\u0131n\u0131n vurgulayan E\u015f Ba\u015fkan Sar\u0131y\u0131ld\u0131z, sorumlular\u0131n en [&hellip;]<\/p>\n","protected":false},"author":2,"featured_media":35081,"comment_status":"closed","ping_status":"closed","sticky":false,"template":"","format":"standard","meta":{"footnotes":""},"categories":[2,3,5],"tags":[],"class_list":["post-35080","post","type-post","status-publish","format-standard","has-post-thumbnail","hentry","category-gundem","category-manset","category-mersin"],"views":4,"_links":{"self":[{"href":"https:\/\/mersinkadingazetesi.com\/index.php?rest_route=\/wp\/v2\/posts\/35080"}],"collection":[{"href":"https:\/\/mersinkadingazetesi.com\/index.php?rest_route=\/wp\/v2\/posts"}],"about":[{"href":"https:\/\/mersinkadingazetesi.com\/index.php?rest_route=\/wp\/v2\/types\/post"}],"author":[{"embeddable":true,"href":"https:\/\/mersinkadingazetesi.com\/index.php?rest_route=\/wp\/v2\/users\/2"}],"replies":[{"embeddable":true,"href":"https:\/\/mersinkadingazetesi.com\/index.php?rest_route=%2Fwp%2Fv2%2Fcomments&post=35080"}],"version-history":[{"count":1,"href":"https:\/\/mersinkadingazetesi.com\/index.php?rest_route=\/wp\/v2\/posts\/35080\/revisions"}],"predecessor-version":[{"id":35082,"href":"https:\/\/mersinkadingazetesi.com\/index.php?rest_route=\/wp\/v2\/posts\/35080\/revisions\/35082"}],"wp:featuredmedia":[{"embeddable":true,"href":"https:\/\/mersinkadingazetesi.com\/index.php?rest_route=\/wp\/v2\/media\/35081"}],"wp:attachment":[{"href":"https:\/\/mersinkadingazetesi.com\/index.php?rest_route=%2Fwp%2Fv2%2Fmedia&parent=35080"}],"wp:term":[{"taxonomy":"category","embeddable":true,"href":"https:\/\/mersinkadingazetesi.com\/index.php?rest_route=%2Fwp%2Fv2%2Fcategories&post=35080"},{"taxonomy":"post_tag","embeddable":true,"href":"https:\/\/mersinkadingazetesi.com\/index.php?rest_route=%2Fwp%2Fv2%2Ftags&post=35080"}],"curies":[{"name":"wp","href":"https:\/\/api.w.org\/{rel}","templated":true}]}}