{"id":35086,"date":"2024-09-10T11:59:59","date_gmt":"2024-09-10T08:59:59","guid":{"rendered":"https:\/\/mersinkadingazetesi.com\/?p=35086"},"modified":"2024-09-10T12:00:00","modified_gmt":"2024-09-10T09:00:00","slug":"secer-buyuksehirin-egitim-desteklerini-anlatti","status":"publish","type":"post","link":"https:\/\/mersinkadingazetesi.com\/?p=35086","title":{"rendered":"SE\u00c7ER B\u00dcY\u00dcK\u015eEH\u0130R&#8217;\u0130N E\u011e\u0130T\u0130M DESTEKLER\u0130N\u0130 ANLATTI"},"content":{"rendered":"\n<p>Mersin B\u00fcy\u00fck\u015fehir Belediye Meclisi&#8217;nin 2024 Y\u0131l\u0131 Eyl\u00fcl Ay\u0131 Ola\u011fan Toplant\u0131s\u0131&#8217;n\u0131n 1. Birle\u015fimi Mersin B\u00fcy\u00fck\u015fehir Belediye Ba\u015fkan\u0131 Vahap Se\u00e7er ba\u015fkanl\u0131\u011f\u0131nda topland\u0131. Kongre ve Sergi Saray\u0131 \u00c7ok Ama\u00e7l\u0131 Salon&#8217;da ger\u00e7ekle\u015ftirilen toplant\u0131da; Birimlerden Gelen 26, Komisyonlara Havale Edilen 35 ve G\u00fcndem D\u0131\u015f\u0131 1 madde olmak \u00fczere toplam 62 madde g\u00f6r\u00fc\u015f\u00fcld\u00fc.<\/p>\n\n\n\n<p><strong>Ba\u015fkan Se\u00e7er&#8217;den Narin cinayetine tepki: &#8220;Devlet \u00e7ocuklar\u0131n\u0131 koruyabildi\u011fi kadar g\u00fc\u00e7l\u00fcd\u00fcr&#8221;<\/strong><\/p>\n\n\n\n<p>Ba\u015fkan Se\u00e7er, G\u00fcndem D\u0131\u015f\u0131 Konu\u015fmalar b\u00f6l\u00fcm\u00fcnde bir tak\u0131m a\u00e7\u0131klamalarda bulunarak, g\u00fcndeme ili\u015fkin de de\u011ferlendirmeler yapt\u0131. Irak&#8217;\u0131n Kuzeyi&#8217;nde Gara B\u00f6lgesi&#8217;nde \u015fehit olan Piyade \u00dcste\u011fmen \u00d6mer Fatih Ayar&#8217;a Allah&#8217;tan rahmet, kederli ailesine de ba\u015f sa\u011fl\u0131\u011f\u0131 dileklerinde bulunan Ba\u015fkan Se\u00e7er,&nbsp;<strong>&#8220;\u00dclke olarak \u00fcz\u00fcnt\u00fcl\u00fcy\u00fcz. \u00dclkemizin ba\u015f\u0131 sa\u011f olsun&#8221;&nbsp;<\/strong>dedi. Diyarbak\u0131r&#8217;da 19 g\u00fcnd\u00fcr aranan ve d\u00fcn cans\u0131z bedeni bulunan 8 ya\u015f\u0131ndaki Narin G\u00fcran cinayeti hakk\u0131nda da konu\u015fan Ba\u015fkan Se\u00e7er, son d\u00f6nemlerde y\u00fcrekleri da\u011flayan ve toplum vicdan\u0131n\u0131 yaralayan olumsuz olaylara bir kez daha tan\u0131kl\u0131k ettiklerinden s\u00f6z etti. Se\u00e7er,&nbsp;<strong>&#8220;8 ya\u015f\u0131ndaki k\u0131z\u0131m\u0131z Narin&#8217;e hepimiz \u00e7ok \u00fcz\u00fcld\u00fck. T\u00fcrkiye&#8217;de bu t\u00fcr olaylar\u0131n, kad\u0131n ve \u00e7ocuk cinayetlerinin son bulmas\u0131n\u0131 \u00fcmit ediyorum. Biz b\u00fcy\u00fck bir devletiz. Bundan kimsenin bir \u015f\u00fcphesi yok. Devlet \u00e7ocuklar\u0131n\u0131 koruyabildi\u011fi kadar, okullar\u0131na giden \u00e7ocuklar\u0131n temel beslenme ve e\u011fitim ihtiya\u00e7lar\u0131n\u0131 kar\u015f\u0131layabildi\u011fi kadar, vatanda\u015flar\u0131nda g\u00fcven ve adalet hissi yaratabildi\u011fi kadar, kendi yeti\u015ftirdi\u011fi evlatlar\u0131n\u0131 liyakatle hak etti\u011fi yerlere ta\u015f\u0131yabildi\u011fi kadar, \u00f6zellikle yeti\u015ftirdi\u011fi p\u0131r\u0131l p\u0131r\u0131l te\u011fmenlerin, vatana ba\u011fl\u0131l\u0131\u011f\u0131n\u0131 ve iyi niyetlerini g\u00f6rebildi\u011fi ve kendi evlatlar\u0131na g\u00fcvenebildi\u011fi kadar g\u00fc\u00e7l\u00fcd\u00fcr&#8221;&nbsp;<\/strong>diye konu\u015ftu.<\/p>\n\n\n\n<p><strong>Se\u00e7er, B\u00fcy\u00fck\u015fehir&#8217;in&nbsp;<em>&#8216;e\u011fitimde f\u0131rsat e\u015fitli\u011fi&#8217;<\/em>&nbsp;sa\u011flayan hizmetlerini anlatt\u0131<\/strong><\/p>\n\n\n\n<p>2024-2025 E\u011fitim-\u00d6\u011fretim Y\u0131l\u0131&#8217;n\u0131n t\u00fcm \u00f6\u011frenciler, \u00f6\u011fretmenler, veliler ve e\u011fitim camias\u0131na hay\u0131rl\u0131 olmas\u0131n\u0131 dileyen Se\u00e7er, e\u011fitimin toplumun temel ta\u015flar\u0131ndan biri oldu\u011funu vurgulad\u0131. \u00c7ocuklar\u0131 bilgiyle donatarak, onlar\u0131 sa\u011flam bir gelece\u011fe haz\u0131rlaman\u0131n \u00fclke kalk\u0131nmas\u0131nda \u00f6nemli bir rol oynad\u0131\u011f\u0131na de\u011finen Se\u00e7er, bu sebeple e\u011fitim s\u00fcrecini desteklemenin ve geli\u015ftirmenin de b\u00fcy\u00fck bir sorumluluk oldu\u011fundan s\u00f6z etti.<\/p>\n\n\n\n<p>Mersin B\u00fcy\u00fck\u015fehir Belediyesi olarak e\u011fitimin her a\u015famas\u0131nda \u00f6\u011frencilerin yan\u0131nda olmay\u0131 s\u00fcrd\u00fcrd\u00fcklerini vurgulayan Se\u00e7er, bunu daha da g\u00fc\u00e7lendirerek ve tahkim ederek s\u00fcrd\u00fcrmeye devam edeceklerini s\u00f6ylerken, B\u00fcy\u00fck\u015fehir&#8217;in&nbsp;<strong><em>&#8216;e\u011fitimde f\u0131rsat e\u015fitli\u011fi&#8217;<\/em><\/strong>&nbsp;sa\u011flayan hizmetlerini s\u0131ralad\u0131. Ge\u00e7ti\u011fimiz hafta ilk\u00f6\u011fretime yeni ba\u015flayan \u00f6\u011frencilere yap\u0131lan&nbsp;<strong><em>&#8216;\u0130lk \u00c7antam Projesi&#8217;<\/em>&nbsp;<\/strong>kapsam\u0131ndaki destekten bahseden Se\u00e7er,&nbsp;<strong>&#8220;Biz bu \u00e7al\u0131\u015fmalar\u0131 ve bu projeyi g\u00f6reve geldi\u011fimiz g\u00fcnden bug\u00fcne s\u00fcrd\u00fcr\u00fcyoruz. Bu y\u0131l yakla\u015f\u0131k olarak 37 bin \u00f6\u011frencimiz ilk\u00f6\u011fretime ba\u015fl\u0131yor. 19 bin \u00f6\u011frencimizin ilk \u00e7antas\u0131n\u0131 Belediye olarak biz onlara hediye ettik. Tabi ki sadece \u00e7anta de\u011fil; i\u00e7inde defteri, resim defteri, kur\u015fun kalemi, silgisi, kalem a\u00e7aca\u011f\u0131, boyama kalemleri, sulu boya, pastel boya gibi bir\u00e7ok k\u0131rtasiye malzemesinin oldu\u011fu bu \u00e7antalar\u0131n \u00e7ocuklar\u0131m\u0131za da\u011f\u0131t\u0131m\u0131n\u0131 ger\u00e7ekle\u015ftirmi\u015f olduk.&nbsp;<em>&#8216;Dar\u0131s\u0131 her seneye&#8217;<\/em>&nbsp;diyoruz&#8221;&nbsp;<\/strong>dedi.<\/p>\n\n\n\n<p><strong>&#8220;Bu hayat pahal\u0131l\u0131\u011f\u0131 i\u00e7erisinde ailelerin en b\u00fcy\u00fck sorunu; \u00e7ocuklar\u0131n beslenme durumu&#8221;<\/strong><\/p>\n\n\n\n<p>G\u00f6reve geldikleri g\u00fcnden bug\u00fcne okullarda y\u0131lda yakla\u015f\u0131k olarak 1.2 milyon paket s\u00fct da\u011f\u0131t\u0131m\u0131 ger\u00e7ekle\u015ftirdiklerinden s\u00f6z eden Se\u00e7er, \u00f6zellikle hedef kitlelerinin de daha \u00e7ok d\u00fc\u015f\u00fck gelirli yurtta\u015flar\u0131n ya\u015fad\u0131\u011f\u0131 b\u00f6lgelerdeki ailelerinin \u00e7ocuklar\u0131 oldu\u011funu s\u00f6yledi. S\u00fct da\u011f\u0131t\u0131m\u0131n yan\u0131 s\u0131ra \u00e7ocuklara sa\u011fl\u0131kl\u0131 at\u0131\u015ft\u0131rmal\u0131k olarak kuruyemi\u015f da\u011f\u0131t\u0131mlar\u0131 da yapt\u0131klar\u0131n\u0131 ifade eden Se\u00e7er, bu da\u011f\u0131t\u0131mlar\u0131 bu e\u011fitim-\u00f6\u011fretim d\u00f6neminde de ger\u00e7ekle\u015ftireceklerini ifade etti. So\u011fuk k\u0131\u015f g\u00fcnlerinde okul \u00f6nlerinde Mobil \u00c7orba Arac\u0131 ile \u00e7ocuklara \u00fccretsiz olarak \u00e7orba i\u00e7me imk\u00e2n\u0131 da sunduklar\u0131n\u0131 an\u0131msatan Se\u00e7er,&nbsp;<strong>&#8220;Bu hayat pahal\u0131l\u0131\u011f\u0131 i\u00e7erisinde ailelerin en b\u00fcy\u00fck sorunu, \u00e7ocuklar\u0131n beslenme durumu. Sadece \u00e7ocuklar\u0131n karn\u0131n\u0131n doymas\u0131 meselesi de\u011fil; sa\u011fl\u0131kl\u0131 beslenmesi de \u00f6nemli. E\u011fer gelecek ku\u015faklar\u0131n sa\u011fl\u0131kl\u0131 olmas\u0131n\u0131 istiyorsak, i\u015fe buradan ba\u015flamam\u0131z laz\u0131m. \u00c7ocu\u011fun iyi \u00f6\u011frenebilmesini, \u00e7abuk kavrayabilmesini, daha zeki bir birey olmas\u0131n\u0131 istiyorsak; do\u011fal olarak do\u011fdu\u011fu andan hatta ana karn\u0131ndan itibaren onun sa\u011fl\u0131kl\u0131 beslenmesine devlet olarak sahip \u00e7\u0131kmam\u0131z, katk\u0131 sunmam\u0131z gerekiyor&#8221;&nbsp;<\/strong>diye konu\u015ftu. Mersin B\u00fcy\u00fck\u015fehir Belediyesi&#8217;nin sosyal hizmetler konusunda maruf bir belediye oldu\u011funun da alt\u0131n\u0131 \u00e7izen Se\u00e7er, Hamile Bak\u0131m S\u00fct\u00fc Projesi&#8217;nin de g\u00f6reve geldikleri g\u00fcnden bu g\u00fcne devam eden \u00f6nemli projeler aras\u0131nda yer ald\u0131\u011f\u0131n\u0131 hat\u0131rlatt\u0131.<\/p>\n\n\n\n<p><strong>&#8220;Bizim kaynaklar\u0131m\u0131z vatanda\u015flar\u0131m\u0131zdan kesilen vergilerden geliyor&#8221;<\/strong><\/p>\n\n\n\n<p>Mersin B\u00fcy\u00fck\u015fehir&#8217;in toplam 20 E\u011fitim ve \u00d6\u011fretimi Destekleme Kurs Merkezi bulundu\u011funu dile getiren Se\u00e7er,&nbsp;<strong>&#8220;Bunlar\u0131n 10&#8217;unda YKS, 18 noktada da LGS i\u00e7in haz\u0131rl\u0131k kurslar\u0131m\u0131z var. Ge\u00e7ti\u011fimiz y\u0131l 7 bin 200 \u00f6\u011frencimiz vard\u0131. Hem LGS&#8217;de hem YKS&#8217;de ba\u015far\u0131 oran\u0131m\u0131z ger\u00e7ekten takdire \u015fayand\u0131r. Bu y\u0131l da kay\u0131tlar\u0131m\u0131z bitti. 7 bin 500 kayd\u0131m\u0131z oldu. Yine bu \u00f6\u011frencilerimiz konular\u0131nda son derece iyi yeti\u015fmi\u015f, \u00e7a\u011fda\u015f ve \u00e7ocuklar\u0131m\u0131z\u0131 bilimin \u0131\u015f\u0131\u011f\u0131nda gelece\u011fe haz\u0131rlayan \u00f6\u011fretmenlerimizin deste\u011fi ile s\u0131navlar\u0131na haz\u0131rlanacaklar&#8221;&nbsp;<\/strong>dedi.<\/p>\n\n\n\n<p>\u00c7ocuklar\u0131n\u0131 dershaneye g\u00f6nderebilmenin de yurtta\u015flar i\u00e7in \u00e7ok b\u00fcy\u00fck bir ekonomik y\u00fck oldu\u011funu kaydeden Se\u00e7er,&nbsp;<strong>&#8220;Dershane \u00fccretleri herhalde 50 bin liradan a\u015fa\u011f\u0131 de\u011fildir. Biz vatanda\u015flar\u0131m\u0131za bu tip destekler yaparak; hi\u00e7 olmazsa \u00e7ocuklar\u0131n\u0131n e\u011fitiminde mali destek yapal\u0131m da, o vatanda\u015flar\u0131m\u0131z vars\u0131l ailelerle beraber e\u015fit yurtta\u015f oldu\u011funu hissetsin istiyoruz. Yani e\u011fitimde f\u0131rsat e\u015fitli\u011fi yaratal\u0131m istiyoruz. Aileler;&nbsp;<em>&#8220;Neden benim \u00e7ocu\u011fum bu takviyeyi, dersi, deste\u011fi alam\u0131yor?&#8217;<\/em>&nbsp;demesinler.&nbsp;<em>&#8216;Benim devletim var&#8217;<\/em>&nbsp;diyebilsinler. Nihayetinde belediye de devletin bir kurumudur. Biz i\u00e7 i\u00e7eyiz, bizim kaynaklar\u0131m\u0131z vatanda\u015flar\u0131m\u0131zdan ve hepimizden kesilen vergilerden geliyor&#8221;&nbsp;<\/strong>ifadelerini kulland\u0131.<\/p>\n\n\n\n<p><strong>Se\u00e7er, B\u00fcy\u00fck\u015fehir&#8217;in \u00f6\u011frencilere hizmetlerini saymakla bitiremedi<\/strong><\/p>\n\n\n\n<p>\u00d6\u011frenciler i\u00e7in saya saya bitiremedikleri hizmetlerden bir k\u0131sm\u0131n\u0131 s\u00f6yleyen Se\u00e7er, G\u00fclnar&#8217;da ve merkezde bulunan k\u0131z ve erkek yurtlar\u0131n\u0131n faal oldu\u011funu s\u00f6yledi. Ayn\u0131 zamanda gelir testine tabi tutmadan Mersin&#8217;de ikamet eden ve B\u00fcy\u00fck\u015fehir&#8217;e ba\u015fvuran her \u00f6\u011frenciye \u00f6\u011frenim yard\u0131m\u0131 yapt\u0131klar\u0131n\u0131n da alt\u0131n\u0131 \u00e7izen Se\u00e7er, 2 y\u0131ll\u0131k kazananlara 5 bin TL, 4 y\u0131ll\u0131k kazananlara 10 bin TL, 5 y\u0131ll\u0131k kazananlara 12 bin 500 TL ve 6 y\u0131ll\u0131k kazananlara ise 15 bin TL e\u011fitim yard\u0131m\u0131 verdikleri s\u00f6yledi.<\/p>\n\n\n\n<p>2019 senesinde Belediye&#8217;nin yaln\u0131zca 1 k\u00fct\u00fcphanesi oldu\u011funu s\u00f6yleyen Se\u00e7er,&nbsp;<strong>&#8220;Sadece i\u00e7inde bulundu\u011fumuz kompleks i\u00e7erisindeki Kongre Merkezi K\u00fct\u00fcphanesi vard\u0131. Daha sonra biz 11 tane daha hayata ge\u00e7irdik. Bir\u00e7ok il\u00e7ede, hatta mahallelerde yeni nesil k\u00fct\u00fcphaneler a\u00e7t\u0131k. Bunlar\u0131n say\u0131lar\u0131 her ge\u00e7en g\u00fcn artacak&#8221;<\/strong>&nbsp;diyerek, yeni nesil k\u00fct\u00fcphaneleri kentin bir\u00e7ok noktas\u0131na kazand\u0131racaklar\u0131n\u0131n m\u00fcjdesini verdi. Mersin \u00dcniversitesi ve Tarsus \u00dcniversitesi giri\u015flerinde olan \u00c7ama\u015f\u0131r Kafe&#8217;lerin hizmetlerine h\u0131z kesmeden devam etti\u011fini s\u00f6yleyen Se\u00e7er, Merci \u00d6\u011frenci Dan\u0131\u015fmanl\u0131k Merkezleri ile MERCEK Meslek Edindirme Kurslar\u0131&#8217;n\u0131n da faaliyetlerine devam etti\u011fini kaydetti.<\/p>\n\n\n\n<p><strong>Se\u00e7er&#8217;den m\u00fcjde: &#8220;Matematik Evi a\u00e7\u0131lacak&#8221;<\/strong><\/p>\n\n\n\n<p>Mercan 100. Y\u0131l \u0130klim ve \u00c7evre Bilim Merkezi&#8217;ni de hat\u0131rlatan Se\u00e7er, il\u00e7e belediye ba\u015fkanlar\u0131na seslenerek;&nbsp;<strong>&#8220;Biz o kadar g\u00fczel bir tesisi \u00f6\u011frencilerimiz ve \u00e7ocuklar\u0131m\u0131z oraya gitsinler, g\u00f6rsel, i\u015fitsel, deneysel ve analitik olarak m\u00fcspet bilimler \u00f6\u011frensinler diye yapt\u0131k. P\u0131r\u0131l p\u0131r\u0131l, 130 civar\u0131nda deney istasyonumuz var, muazzam bir yer. G\u00f6rmeyenin de g\u00f6rmesini talep ederim. T\u00fcrkiye&#8217;nin en b\u00fcy\u00fck planetaryumu, uzay teleskopu var. \u00c7ocuklar\u0131m\u0131z gitsinler o deneyimi g\u00f6rs\u00fcnler. 29 Ekim&#8217;de bir y\u0131l\u0131n\u0131 tamamlayacak, 10 ayda 92 bin \u00f6\u011frenci ziyaret etti. Sadece Mersin&#8217;den de\u011fil, Mersin d\u0131\u015f\u0131ndan da \u00f6\u011frencilerimiz geliyor&#8221;&nbsp;<\/strong>ifadelerine yer verdi.<\/p>\n\n\n\n<p>Bir de m\u00fcjde veren Se\u00e7er; Tarsus&#8217;ta \u00e7ocuklar\u0131n \u00e7ok be\u011fenece\u011fi, analitik \u00f6\u011frenmeyi hedefleyen bir Matematik Evi&#8217;nin de a\u00e7\u0131laca\u011f\u0131n\u0131 duyurdu. \u00c7ocuklar\u0131n \u00e7e\u015fitli metotlarla matemati\u011fi \u00f6\u011frenmesi gerekti\u011fini belirten Se\u00e7er,&nbsp;<strong>&#8220;Biz di\u011fer \u00fclkelerle bilimle rekabet edebiliriz. Bilimin olmad\u0131\u011f\u0131 yerlerde onlar\u0131 yakalamam\u0131z\u0131 b\u0131rak\u0131n, yan\u0131ndan ge\u00e7memiz m\u00fcmk\u00fcn de\u011fil. Yine&nbsp;<em>&#8216;Hello Mersin&#8217;<\/em>&nbsp;Projesiyle drama, dil oyunlar\u0131, sunumlar ve grup \u00e7al\u0131\u015fmas\u0131yla yabanc\u0131 dil konu\u015fma kul\u00fcb\u00fcm\u00fcz hizmetlerine devam ettirecek&#8221;<\/strong>&nbsp;diye, \u00f6\u011frencilere y\u00f6nelik bir dizi hizmeti s\u0131ralad\u0131.<\/p>\n\n\n\n<p>E\u011fitim sisteminin t\u00fcm ku\u015faklar\u0131 ba\u011flayan ve ilgilendiren \u00f6nemli bir konu oldu\u011funu vurgulayan Se\u00e7er, e\u011fitim sisteminin h\u00fck\u00fcmetin de\u011fil devletin mekanizmas\u0131 oldu\u011funu s\u00f6zlerine ekleyerek,&nbsp;<strong>&#8220;Hepimizin e\u011fitimi \u00f6nemsemesi laz\u0131m. Bak\u0131n e\u011fitim sisteminde jenerasyonlar\u0131, ku\u015faklar\u0131 ba\u011fl\u0131yorsunuz. Siz asl\u0131nda ideolojik bir milli e\u011fitim sistemi yap\u0131yorsunuz. Zaten kar\u015f\u0131 olunan bu. Devletin gelenekleri var. M\u00fcmk\u00fcnse b\u00fct\u00fcn belediyelerimiz bu deste\u011fi yapmal\u0131, gerekirse di\u011fer kurumlarla i\u015f birli\u011fi yapmal\u0131y\u0131z&#8221;&nbsp;<\/strong>diye konu\u015ftu.<\/p>\n\n\n\n<p>Su kullan\u0131m\u0131yla alakal\u0131 kanun ne diyorsa onu yapacaklar\u0131n\u0131n alt\u0131n\u0131 \u00e7izen Se\u00e7er, MESK\u0130&#8217;nin birinci g\u00f6revinin vatanda\u015flara temiz i\u00e7me suyu temini sa\u011flamak oldu\u011funu belirterek,&nbsp;<strong>&#8220;Yasa gere\u011fi i\u015fletmelere MESK\u0130 su sa\u011flamak zorunda de\u011fildir Bizim birinci derecede temiz i\u00e7me suyu temin ko\u015fulumuz insanlar\u0131n ihtiyac\u0131 i\u00e7in. \u00dcretim ikinci planda. Zaten tar\u0131msal sulamay\u0131 men ediyor. Hayvanc\u0131l\u0131k tesislerinde su kullan\u0131m\u0131n\u0131 e\u011fer di\u011fer taraftan insan ihtiyac\u0131 varsa, meskenlerin ihtiyac\u0131 varsa men ediyor. Bir Meclis \u00fcyemiz G\u00fclnar&#8217;daki susuzluktan bahsetti. Bu durum usul\u00fcne uygun olmayan kullan\u0131mlar\u0131ndan kaynaklan\u0131yor. Zaten kurakl\u0131k var, zaten su yok, bir de ka\u00e7ak su kullan\u0131m\u0131 var, bir de usul\u00fcne uygun kullanm\u0131yor&#8221;&nbsp;<\/strong>\u015feklinde konu\u015ftu.<\/p>\n\n\n\n<p><strong>&#8220;Usul\u00fcne uygun olmayan yap\u0131lar varsa hi\u00e7 g\u00f6z\u00fcn\u00fcn ya\u015f\u0131na bakmay\u0131z&#8221;<\/strong><\/p>\n\n\n\n<p>\u0130mar planlar\u0131yla ilgili de konu\u015fan Se\u00e7er, il\u00e7elerin 1\/1000&#8217;lik planlar\u0131n\u0131n baz\u0131 noktalar\u0131nda revizeler oldu\u011funu kaydetti. Bu planlar\u0131 bir an \u00f6nce bitirmek istediklerini s\u00f6yleyen Se\u00e7er, bu konuda il\u00e7e belediyelerine b\u00fcy\u00fck i\u015f d\u00fc\u015ft\u00fc\u011f\u00fcn\u00fcn alt\u0131n\u0131 \u00e7izdi. Erdemli b\u00f6lgesiyle alakal\u0131 \u00e7arp\u0131c\u0131 tespitlerini de payla\u015fan Se\u00e7er,<strong>&nbsp;&#8220;Ge\u00e7en d\u00f6nem merkezi bitirdik say\u0131l\u0131r. Akdeniz&#8217;in umar\u0131m 1\/1000&#8217;liklerini; baz\u0131 b\u00f6lgelerin yine 1\/1000&#8217;likleri var, bitirece\u011fiz. Tarsus&#8217;ta revize imar planlar\u0131m\u0131z var. Yayla b\u00f6lgeleri \u00e7ok acil bekliyor. Bu konuda Erdemlililere b\u00fcy\u00fck g\u00f6rev d\u00fc\u015f\u00fcyor. Ben bat\u0131ya do\u011fru giderken o binalar\u0131 g\u00f6rd\u00fck\u00e7e tansiyonum y\u00fckseliyor. Ben buradan bir kez daha uyar\u0131yorum; orada usul\u00fcne uygun olmayan yap\u0131lar varsa hi\u00e7 g\u00f6z\u00fcn\u00fcn ya\u015f\u0131na bakmay\u0131z, indiririz a\u015fa\u011f\u0131<em>. &#8216;3 kat fazla \u00e7\u0131kt\u0131m, g\u00fcnaht\u0131r, af \u00e7\u0131kar, l\u00fctfen g\u00f6z yum&#8217;<\/em>; hi\u00e7 g\u00f6z\u00fcn\u00fcn ya\u015f\u0131na bakmay\u0131z. Ekiplerimiz bu konuda s\u0131k\u0131 \u00e7al\u0131\u015f\u0131yorlar. S\u00fcratle illegal \u00e7al\u0131\u015fmalara m\u00fcdahale edece\u011fiz ve bunu da if\u015fa edece\u011fiz. \u00c7\u00fcnk\u00fc di\u011ferlerine de ders olsun. Bunu firman\u0131n ve m\u00fcteahhitin ismi ile yapaca\u011f\u0131z&#8221;&nbsp;<\/strong>diye belirtti.<\/p>\n\n\n\n<p><strong>Se\u00e7er, Meclis \u00fcyelerini g\u00f6reve davet etti<\/strong><\/p>\n\n\n\n<p>Altyap\u0131 projelerinin olduk\u00e7a pahal\u0131 yat\u0131r\u0131mlar oldu\u011funa vurgu yapan Se\u00e7er, Mersin&#8217;in artan i\u00e7me suyu ihtiyac\u0131n\u0131 kar\u015f\u0131lamak i\u00e7in hayata ge\u00e7irilmesi planlanan Pamukluk \u0130\u00e7me Suyu Ar\u0131tma Tesisi konusunda Meclis \u00fcyelerine \u00e7a\u011fr\u0131 yaparak;<strong>&nbsp;&#8220;Bak\u0131n bizler bu i\u015flerin \u00fczerindeyiz ama altyap\u0131 yat\u0131r\u0131mlar\u0131, ucuz yat\u0131r\u0131mlar de\u011fil. Bunlar \u00e7ok y\u00fcksek yat\u0131r\u0131mlar. Ben size 70 milyon Euro&#8217;luk bir liste getirdim. Ge\u00e7en toplant\u0131da da sizi g\u00f6reve davet ettim. Bu g\u00f6rev, hepimizin g\u00f6revi. Bizler, kimseden para, kefalet ve proje deste\u011fi istemiyoruz. Her \u015feyi haz\u0131rlad\u0131k. \u015eu anda Cumhurba\u015fkanl\u0131\u011f\u0131 Strateji ve B\u00fct\u00e7e Ba\u015fkanl\u0131\u011f\u0131&#8217;n\u0131n \u00f6n\u00fcnde ve bize gelen bilgi olumlu oldu\u011fu y\u00f6n\u00fcnde&#8221;&nbsp;<\/strong>diye konu\u015ftu.<\/p>\n\n\n\n<p>Mersin B\u00fcy\u00fck\u015fehir&#8217;in altyap\u0131 ve \u00fcstyap\u0131 yat\u0131r\u0131mlar\u0131n\u0131n b\u00fct\u00fcn il\u00e7elerde s\u00fcrd\u00fc\u011f\u00fcn\u00fc anlatan Se\u00e7er, il\u00e7eler aras\u0131nda hi\u00e7bir ayr\u0131m g\u00f6zetmeksizin Anamur&#8217;dan Tarsus&#8217;a kadar s\u00fcrd\u00fcr\u00fclen \u00e7al\u0131\u015fmalar hakk\u0131nda Meclis \u00fcyelerini bilgilendirdi. Altyap\u0131 ve \u00fcstyap\u0131 \u00e7al\u0131\u015fmalar\u0131 konusunda her yerde \u00e7al\u0131\u015fmalar\u0131 oldu\u011funun alt\u0131n\u0131 \u00e7izen Se\u00e7er,<strong>&nbsp;&#8220;Herkes g\u00f6revini yaparsa bu 5 y\u0131l Mersin a\u00e7\u0131s\u0131ndan muhte\u015fem bir 5 y\u0131l olur. Hi\u00e7bir altyap\u0131 sorunumuz kalmaz<\/strong>&#8221; dedi.<\/p>\n","protected":false},"excerpt":{"rendered":"<p>Mersin B\u00fcy\u00fck\u015fehir Belediye Meclisi&#8217;nin 2024 Y\u0131l\u0131 Eyl\u00fcl Ay\u0131 Ola\u011fan Toplant\u0131s\u0131&#8217;n\u0131n 1. Birle\u015fimi Mersin B\u00fcy\u00fck\u015fehir Belediye Ba\u015fkan\u0131 Vahap Se\u00e7er ba\u015fkanl\u0131\u011f\u0131nda topland\u0131. Kongre ve Sergi Saray\u0131 \u00c7ok Ama\u00e7l\u0131 Salon&#8217;da ger\u00e7ekle\u015ftirilen toplant\u0131da; Birimlerden Gelen 26, Komisyonlara Havale Edilen 35 ve G\u00fcndem D\u0131\u015f\u0131 1 madde olmak \u00fczere toplam 62 madde g\u00f6r\u00fc\u015f\u00fcld\u00fc. Ba\u015fkan Se\u00e7er&#8217;den Narin cinayetine tepki: &#8220;Devlet \u00e7ocuklar\u0131n\u0131 koruyabildi\u011fi [&hellip;]<\/p>\n","protected":false},"author":2,"featured_media":35087,"comment_status":"closed","ping_status":"closed","sticky":false,"template":"","format":"standard","meta":{"footnotes":""},"categories":[1,2,3],"tags":[],"class_list":["post-35086","post","type-post","status-publish","format-standard","has-post-thumbnail","hentry","category-genel","category-gundem","category-manset"],"views":5,"_links":{"self":[{"href":"https:\/\/mersinkadingazetesi.com\/index.php?rest_route=\/wp\/v2\/posts\/35086"}],"collection":[{"href":"https:\/\/mersinkadingazetesi.com\/index.php?rest_route=\/wp\/v2\/posts"}],"about":[{"href":"https:\/\/mersinkadingazetesi.com\/index.php?rest_route=\/wp\/v2\/types\/post"}],"author":[{"embeddable":true,"href":"https:\/\/mersinkadingazetesi.com\/index.php?rest_route=\/wp\/v2\/users\/2"}],"replies":[{"embeddable":true,"href":"https:\/\/mersinkadingazetesi.com\/index.php?rest_route=%2Fwp%2Fv2%2Fcomments&post=35086"}],"version-history":[{"count":1,"href":"https:\/\/mersinkadingazetesi.com\/index.php?rest_route=\/wp\/v2\/posts\/35086\/revisions"}],"predecessor-version":[{"id":35088,"href":"https:\/\/mersinkadingazetesi.com\/index.php?rest_route=\/wp\/v2\/posts\/35086\/revisions\/35088"}],"wp:featuredmedia":[{"embeddable":true,"href":"https:\/\/mersinkadingazetesi.com\/index.php?rest_route=\/wp\/v2\/media\/35087"}],"wp:attachment":[{"href":"https:\/\/mersinkadingazetesi.com\/index.php?rest_route=%2Fwp%2Fv2%2Fmedia&parent=35086"}],"wp:term":[{"taxonomy":"category","embeddable":true,"href":"https:\/\/mersinkadingazetesi.com\/index.php?rest_route=%2Fwp%2Fv2%2Fcategories&post=35086"},{"taxonomy":"post_tag","embeddable":true,"href":"https:\/\/mersinkadingazetesi.com\/index.php?rest_route=%2Fwp%2Fv2%2Ftags&post=35086"}],"curies":[{"name":"wp","href":"https:\/\/api.w.org\/{rel}","templated":true}]}}