{"id":35092,"date":"2024-09-10T12:03:47","date_gmt":"2024-09-10T09:03:47","guid":{"rendered":"https:\/\/mersinkadingazetesi.com\/?p=35092"},"modified":"2024-09-10T12:03:47","modified_gmt":"2024-09-10T09:03:47","slug":"baskan-cakir-trt-cukurova-radyosunda-mtsonun-gelecegi-sekillendirmeye-yonelik-projelerini-paylasti","status":"publish","type":"post","link":"https:\/\/mersinkadingazetesi.com\/?p=35092","title":{"rendered":"Ba\u015fkan \u00c7ak\u0131r TRT \u00c7ukurova Radyosu&#8217;nda MTSO&#8217;nun gelece\u011fi \u015fekillendirmeye y\u00f6nelik projelerini payla\u015ft\u0131"},"content":{"rendered":"\n<p><strong>SORU: MTSO olarak g\u00fcncel sorunlarla ilgili \u00e7al\u0131\u015fmalar yap\u0131yorsunuz. Ekonomide g\u00fcncel durum \u00f6nemli ama gelecek de \u00f6nemli. MTSO olarak kent ekonomisinin gelece\u011fini nas\u0131l kurguluyorsunuz?<\/strong><\/p>\n\n\n\n<p>&#8211; Bizler s\u00f6z konusu gelecek olunca \u2018Gelecek asl\u0131nda bug\u00fcnd\u00fcr\u2019 anlay\u0131\u015f\u0131yla \u00e7al\u0131\u015f\u0131yoruz. \u0130\u015f d\u00fcnyas\u0131 olarak o kadar h\u0131zl\u0131 de\u011fi\u015fen bir d\u00fcnyada ya\u015f\u0131yoruz ki art\u0131k gelece\u011fi tahmin etmek de\u011fil gelece\u011fe haz\u0131r olmak gerekiyor. Nas\u0131l bir gelece\u011fe sahip olaca\u011f\u0131m\u0131z bug\u00fcn yapt\u0131klar\u0131m\u0131za ba\u011fl\u0131. Biz de MTSO olarak bu vizyonu g\u00f6ren kurumlar\u0131n ba\u015f\u0131nday\u0131z.&nbsp;<\/p>\n\n\n\n<p>&#8211; Bu ba\u011flamda MTSO At\u00f6lye 1886 bir vizyon \u00fcr\u00fcn\u00fcd\u00fcr. Bir \u00f6\u011fren \u2013d\u00f6n\u00fc\u015f merkezi olan MTSO At\u00f6lye1886 ile at\u0131lan ad\u0131m her g\u00fcn yeni bir yenilik ve gelecek projesi ortaya koyuyor.&nbsp;<\/p>\n\n\n\n<p>&#8211; Bu projelerden bir tanesi de Mersin \u0130linde Gelece\u011fin \u0130\u015flerine Y\u00f6nelik Teknoloji Tabanl\u0131 Uygulamal\u0131 E\u011fitim Merkezi Projemiz. Mersin\u2019de gelece\u011fin i\u015flerine y\u00f6nelik Avrupa Birli\u011fi\u2019nden ald\u0131\u011f\u0131m\u0131z destekle hayata ge\u00e7irdi\u011fimiz bir proje. Burada robot ve kobot e\u011fitimi veren T\u00fcrkiye\u2019de ilk oday\u0131z.&nbsp;<\/p>\n\n\n\n<p>&#8211; Burada neler yap\u0131lacak derseniz Mersin\u2019de hem gelecekteki \u00fcretim \u015feklini belirleyecek hem de gelece\u011fin mesleklerine y\u00f6nelik insan kayna\u011f\u0131n\u0131 haz\u0131rlayacak. Mersin\u2019in bu konudaki dijital d\u00f6n\u00fc\u015f\u00fcm\u00fcn\u00fc haz\u0131rlayacak.&nbsp;<\/p>\n\n\n\n<p>&#8211; Ne olursa olsun merkezde hep insan olacak. Y\u00fcksek teknolojinin insan ihtiyac\u0131n\u0131 yok edece\u011fi y\u00f6n\u00fcnde karamsar d\u00fc\u015f\u00fcnceler var ama biz bunu do\u011fru bulmuyoruz. Evet, robotik teknolojiler yarat\u0131lacak ama insan her zaman merkezde olacak.&nbsp;<\/p>\n\n\n\n<p>&#8211; \u0130nsanlar\u0131n meslekleri de\u011fi\u015fecek. Yeni meslekler ortaya \u00e7\u0131kacak. Tehlikeli ve a\u011f\u0131r i\u015fleri insanlar yapmayacak. Gri yaka denilen daha \u00e7ok kontrol eden operat\u00f6rler olacak. Robotlar\u0131 tasarlayan, programlayan y\u00f6neten insanlar olacak. Robotik teknolojiler insanlar\u0131 mesleksiz b\u0131rakmayacak. Tehlikeli, yorucu s\u0131k\u0131c\u0131 i\u015fleri robotlar yapacak. \u0130nsanlar daha yarat\u0131c\u0131 i\u015flerle u\u011fra\u015facak ve insanlara daha \u00e7ok zaman kalacak diye d\u00fc\u015f\u00fcn\u00fcyoruz.&nbsp;<\/p>\n\n\n\n<p><strong>SORU: Bunun i\u00e7in de e\u011fitimler veriyorsunuz. Bir de kobot e\u011fitimi dediniz. Nedir kobot e\u011fitimi biraz a\u00e7ar m\u0131s\u0131n\u0131z?<\/strong><\/p>\n\n\n\n<p>&#8211; \u0130nsanla robotun birlikte \u00e7al\u0131\u015farak birlikte hareket etmesi politikas\u0131. Yine insan\u0131n y\u00f6netti\u011fi daha a\u011f\u0131r i\u015fleri robota verdi\u011fi bir kol olarak d\u00fc\u015f\u00fcn\u00fcn. Birlikte hareket ediyorlar. Birlikte paketleme yap\u0131yorlar, imalat\u0131 yap\u0131yorlar ama insan robot kolunu y\u00f6netiyor.<\/p>\n\n\n\n<p><strong>SORU: End\u00fcstriyel Kobot Operat\u00f6rl\u00fc\u011f\u00fc e\u011fitimi verildi. Devam edecek mi?<\/strong><\/p>\n\n\n\n<p>&#8211; Verildi ve s\u00fcrekli olacak. Belirli firmalar\u0131m\u0131z \u00e7al\u0131\u015fmaya ba\u015flad\u0131. 25-30\u2019lu gruplar e\u011fitimler al\u0131yor. Teknoloji \u00fcreten fabrikalardan ba\u015flad\u0131k. Bittik\u00e7e yeni e\u011fitimleri s\u00fcrd\u00fcrece\u011fiz.&nbsp;<\/p>\n\n\n\n<p><strong>SORU: Deme\u00e7lerinizde s\u0131kl\u0131kla b\u00fcy\u00fck veriden bahsediyorsunuz. Mersin\u2019deki firmalar\u0131n teknolojik seviyesi konusunda elinizde veri var m\u0131?<\/strong><\/p>\n\n\n\n<p>&#8211; Veri olmadan planlama yapam\u0131yorsunuz. Mersin olarak \u00f6nce teknolojideki durum tespitimizi yapt\u0131k. Biz de firmalar\u0131m\u0131z End\u00fcstri 4.0\u2019da nerede onu tespit etmek amac\u0131yla analiz \u00e7al\u0131\u015fmas\u0131 yapt\u0131k. B\u00f6ylece sanayideki yol haritas\u0131n\u0131 nas\u0131l olu\u015fturabilece\u011fimizi belirlemek istedik. T\u00fcrkiye\u2019de ilk kez bir kent kendi Sanayi 4.0 yol haritas\u0131n\u0131 haz\u0131rl\u0131yor.&nbsp;<\/p>\n\n\n\n<p>&#8211; Sanayi ve lojistik ba\u015fta olmak \u00fczere dijital d\u00f6n\u00fc\u015f\u00fcm yol haritam\u0131z\u0131 haz\u0131rl\u0131yoruz. Sanayi 4.0\u2019\u0131 haz\u0131rlarken dijital d\u00f6n\u00fc\u015f\u00fcm\u00fcn de bir yol haritas\u0131 olu\u015fturmam\u0131z gerekiyor. Bu \u00e7al\u0131\u015fmalar, Mersin\u2019in b\u00fct\u00fcnsel dijital d\u00f6n\u00fc\u015f\u00fcm eylem plan\u0131na da b\u00fcy\u00fck destek verecek bir \u00e7al\u0131\u015fma olacak.<\/p>\n\n\n\n<p>&#8211; Elinizde do\u011fru veri yoksa do\u011fru d\u00f6n\u00fc\u015femezsiniz, d\u00f6n\u00fc\u015f\u00fcm gerekti\u011fini anlayamazs\u0131n\u0131z ve gelecek plan\u0131 yapamazs\u0131n\u0131z.<\/p>\n\n\n\n<p>&#8211; \u0130\u015fte \u201cDijital Yetkinlik D\u00f6n\u00fc\u015f\u00fcm\u00fc Saha Analizi Raporu\u201d \u00e7al\u0131\u015fmas\u0131, Mersin \u00f6zelinde imalat firmalar\u0131m\u0131z ba\u015fta olmak \u00fczere dikkatli ve titiz \u015fekilde yap\u0131lan bir analiz \u00e7al\u0131\u015fmas\u0131d\u0131r. Firmalar\u0131m\u0131z\u0131n dijital yetkinlik durumunu belirleyen bir saha \u00e7al\u0131\u015fmas\u0131d\u0131r. Art\u0131k elimizde bir veri var ve bu veriyi kullanarak gelece\u011fe dair daha net planlamalar yapabilece\u011fiz.&nbsp;<\/p>\n\n\n\n<p>&#8211; Firmalar\u0131n teknolojik durumu hakk\u0131nda da billi verebilirim. Karnemiz maalesef \u00e7ok i\u00e7 a\u00e7\u0131c\u0131 de\u011fil ama durumu bilmeliyiz ki gelece\u011fi planlayabilelim. Firmalar\u0131n y\u00fczde 53\u2019\u00fc \u00fcretimlerinde d\u00fc\u015f\u00fck teknoloji kullan\u0131yor. Y\u00fczde 25\u2019i orta d\u00fc\u015f\u00fck teknoloji, y\u00fczde 20\u2019si orta y\u00fcksek teknolojili \u00fcretim yap\u0131yor. Mersin firmalar\u0131m\u0131z\u0131n sadece y\u00fczde 2\u2019si y\u00fcksek teknoloji \u00fcretim yap\u0131yor.&nbsp;<\/p>\n\n\n\n<p>&#8211; Amac\u0131m\u0131z firmalar\u0131m\u0131z\u0131n teknoloji seviyelerini bir \u00fcst seviyeye \u00e7\u0131kartmak. Bunu y\u00fckseltmek i\u00e7in ne gibi \u00e7al\u0131\u015fmalar yapaca\u011f\u0131m\u0131z\u0131 ayarlayaca\u011f\u0131z. Proje kapsam\u0131nda; T\u00fcrkiye \u00f6l\u00e7e\u011finde dijital d\u00f6n\u00fc\u015f\u00fcm\u00fc destekleyecek ve gelece\u011fin mesleklerine y\u00f6nelik insan kayna\u011f\u0131n\u0131 yeti\u015ftirecek \u00fc\u00e7 ayr\u0131 laboratuvar kurulacakt\u0131r. Bu ayn\u0131 zamanda, hayal etti\u011fimiz yenilik\u00e7i mesleki e\u011fitimin destek\u00e7isi olacakt\u0131r.<\/p>\n\n\n\n<p><strong>SORU: bu proje kad\u0131nlara ve gen\u00e7lere acaba neler sunacak. Bu dijital d\u00f6n\u00fc\u015f\u00fcmden e\u011fitimlerden faydalanan ki\u015filerin i\u015f ya\u015fam\u0131na bu e\u011fitimler nas\u0131l yans\u0131yacak?<\/strong><\/p>\n\n\n\n<p>&#8211; Ald\u0131\u011f\u0131m\u0131z projelerde MTSO olarak da s\u00fcrd\u00fcr\u00fclebilir kalk\u0131nma hedefimizin ba\u015f\u0131nda gelen cinsiyet e\u015fitli\u011fini desteklemek anlam\u0131nda da \u00e7ok \u00f6nemli. Kad\u0131nlar\u0131m\u0131z dijital d\u00fcnyaya daha \u00e7ok entegre olacak. Yarat\u0131c\u0131l\u0131k, organize olma ve alg\u0131lama becerileriyle bu d\u00fcnyan\u0131n yeni \u00f6nc\u00fcleri olacak. Kad\u0131nlar\u0131m\u0131z\u0131n bu g\u00fcc\u00fcn\u00fcn bilincindeyiz. Bizler gelece\u011fin dijital d\u00fcnyas\u0131nda kad\u0131n ve gen\u00e7lerin \u00f6nc\u00fc olaca\u011f\u0131n\u0131 d\u00fc\u015f\u00fcn\u00fcyoruz yeter ki bunu destekleyecek bir ekosistem olsun.&nbsp;<\/p>\n\n\n\n<p>&#8211; Bu ekosistemi destekleyen Avrupa Birli\u011fine, \u00c7al\u0131\u015fma ve Sosyal G\u00fcvenlik Bakanl\u0131\u011f\u0131m\u0131za, Proje Orta\u011f\u0131m\u0131z olan Mersin \u00dcniversitemize, Proje \u0130\u015ftirak Orta\u011f\u0131m\u0131z olan Mersin Giri\u015fimci \u0130\u015f Kad\u0131nlar\u0131 Derne\u011fine; emek veren MTSO proje ekibimize te\u015fekk\u00fcrlerimi sunuyorum.<br>&nbsp;<\/p>\n","protected":false},"excerpt":{"rendered":"<p>SORU: MTSO olarak g\u00fcncel sorunlarla ilgili \u00e7al\u0131\u015fmalar yap\u0131yorsunuz. Ekonomide g\u00fcncel durum \u00f6nemli ama gelecek de \u00f6nemli. MTSO olarak kent ekonomisinin gelece\u011fini nas\u0131l kurguluyorsunuz? &#8211; Bizler s\u00f6z konusu gelecek olunca \u2018Gelecek asl\u0131nda bug\u00fcnd\u00fcr\u2019 anlay\u0131\u015f\u0131yla \u00e7al\u0131\u015f\u0131yoruz. \u0130\u015f d\u00fcnyas\u0131 olarak o kadar h\u0131zl\u0131 de\u011fi\u015fen bir d\u00fcnyada ya\u015f\u0131yoruz ki art\u0131k gelece\u011fi tahmin etmek de\u011fil gelece\u011fe haz\u0131r olmak gerekiyor. Nas\u0131l [&hellip;]<\/p>\n","protected":false},"author":2,"featured_media":35093,"comment_status":"closed","ping_status":"closed","sticky":false,"template":"","format":"standard","meta":{"footnotes":""},"categories":[8,2,3],"tags":[],"class_list":["post-35092","post","type-post","status-publish","format-standard","has-post-thumbnail","hentry","category-ekonomi","category-gundem","category-manset"],"views":4,"_links":{"self":[{"href":"https:\/\/mersinkadingazetesi.com\/index.php?rest_route=\/wp\/v2\/posts\/35092"}],"collection":[{"href":"https:\/\/mersinkadingazetesi.com\/index.php?rest_route=\/wp\/v2\/posts"}],"about":[{"href":"https:\/\/mersinkadingazetesi.com\/index.php?rest_route=\/wp\/v2\/types\/post"}],"author":[{"embeddable":true,"href":"https:\/\/mersinkadingazetesi.com\/index.php?rest_route=\/wp\/v2\/users\/2"}],"replies":[{"embeddable":true,"href":"https:\/\/mersinkadingazetesi.com\/index.php?rest_route=%2Fwp%2Fv2%2Fcomments&post=35092"}],"version-history":[{"count":1,"href":"https:\/\/mersinkadingazetesi.com\/index.php?rest_route=\/wp\/v2\/posts\/35092\/revisions"}],"predecessor-version":[{"id":35094,"href":"https:\/\/mersinkadingazetesi.com\/index.php?rest_route=\/wp\/v2\/posts\/35092\/revisions\/35094"}],"wp:featuredmedia":[{"embeddable":true,"href":"https:\/\/mersinkadingazetesi.com\/index.php?rest_route=\/wp\/v2\/media\/35093"}],"wp:attachment":[{"href":"https:\/\/mersinkadingazetesi.com\/index.php?rest_route=%2Fwp%2Fv2%2Fmedia&parent=35092"}],"wp:term":[{"taxonomy":"category","embeddable":true,"href":"https:\/\/mersinkadingazetesi.com\/index.php?rest_route=%2Fwp%2Fv2%2Fcategories&post=35092"},{"taxonomy":"post_tag","embeddable":true,"href":"https:\/\/mersinkadingazetesi.com\/index.php?rest_route=%2Fwp%2Fv2%2Ftags&post=35092"}],"curies":[{"name":"wp","href":"https:\/\/api.w.org\/{rel}","templated":true}]}}